{"id":101422,"date":"2019-08-08T16:31:08","date_gmt":"2019-08-08T16:31:08","guid":{"rendered":"https:\/\/lavozdehellin.com\/noticias\/v00-001-este-mes-de-agosto-se-reanudan-los-trabajos-de-excavacion-en-el-tolmo-de-minateda\/"},"modified":"2024-01-04T14:05:15","modified_gmt":"2024-01-04T14:05:15","slug":"v00-001-este-mes-de-agosto-se-reanudan-los-trabajos-de-excavacion-en-el-tolmo-de-minateda","status":"publish","type":"post","link":"https:\/\/lavozdehellin.com\/noticias\/v00-001-este-mes-de-agosto-se-reanudan-los-trabajos-de-excavacion-en-el-tolmo-de-minateda\/","title":{"rendered":"LVH NOTICIAS | ESTE MES DE AGOSTO SE REANUDAN LOS TRABAJOS DE EXCAVACI\u00d3N EN EL TOLMO DE MINATEDA."},"content":{"rendered":"<p style=\"text-align: justify;\">La provincia de Albacete est\u00e1 de enhorabuena porque este mes de agosto se reanudan los trabajos de excavaci\u00f3n en el Tolmo de Minateda, incluido, desde el pasado marzo, en la red de Parques Arqueol\u00f3gicos de Castilla-La Mancha.<\/p>\n<p><!--more--><br \/>\n<!--publicidad-voz01--><a href=\"https:\/\/www.facebook.com\/SoloRadioHellin\/?locale=es_ES\"><img decoding=\"async\" class=\"alignnone size-medium\" src=\"https:\/\/blogger.googleusercontent.com\/img\/b\/R29vZ2xl\/AVvXsEiNncirNnyGedv00mhjZjh5Wl4_YPdJGanoAl8tL8zH-HwqE8uHqjEfSt340RHdx-9tuCSIkZ8rFamZiGyYlgDGxCsmXjCH_1xk5eYM3ntFZRvJP_jndOKR7w1UAo9Tu0vrZyOLfqRpHIxYI5SymJJ-pfGCQw6QVpggBH-UgfjiFQ2JOxqxG0Jx94kW83c\/s1600\/logo-principal.jpg\" width=\"100%\" height=\"100\" \/><\/a><!--bestpublic-voz01--><!--desk-in-out-voz01--><br \/>\n<!--publicidad-voz02--><a href=\"https:\/\/www.hellincf.com\/\"><img decoding=\"async\" class=\"alignnone size-medium\" src=\"https:\/\/blogger.googleusercontent.com\/img\/b\/R29vZ2xl\/AVvXsEhuZ4-XfBVj3UtdP8-RZugy3WVrg-Zv28c53m4oV47qYCxL1rX_dqWX_YddsGSnpH5SRDqZ7bZeKPIfDVCDncpjVlhy3aQs2vojcJBn7Gdv9hC2_Nzct_pRFrnFE1a7KTCdY1bT_kAgnY3-iadRZrGeJf1fR2P5fu11bokx0pWjaypoy-ctwCjklldpEbA\/s1600\/logo-principal7.jpg\" width=\"100%\" height=\"100\" \/><\/a><!--bestpublic-voz02--><!--desk-in-out-voz02--><\/p>\n<p style=\"text-align: justify;\">Hasta all\u00ed se ha desplazado el diputado provincial de Cultura y Educaci\u00f3n, Miguel Zamora, para participar en un recorrido que le ha permitido conocer las actuaciones que se han llevado a cabo hasta ahora y los avances que se han alcanzado en una zona donde nuestros antecesores ya hab\u00edan construido sus sue\u00f1os y librado sus batallas. Desde su apertura, hace cinco meses, unas 5.000 personas han visitado este enclave y han podido comprobar in situ la huella de las diferentes civilizaciones que se han asentado en esta tierra.<\/p>\n<p style=\"text-align: justify;\">Durante el paseo, de la mano de la historia de nuestra provincia, Zamora ha reiterado el compromiso de la Diputaci\u00f3n con el Tolmo de Minateda, \u201cuno de los conjuntos arqueol\u00f3gicos m\u00e1s importantes de la provincia\u201d, como ha se\u00f1alado. Asimismo, ha manifestado que es \u201cun gran orgullo para esta tierra contar con un legado de estas caracter\u00edsticas\u201d, al tiempo que ha reivindicado la importancia de su apertura al p\u00fablico \u201cpara que todo el mundo pueda disfrutar de este privilegio\u201d.<\/p>\n<p style=\"text-align: justify;\">El diputado de Cultura ha explicado que las nuevas excavaciones (que se van a reanudar a partir del 19 de agosto) contar\u00e1n, \u201ccomo no pod\u00eda ser de otra manera\u201d, con el apoyo de la instituci\u00f3n provincial a trav\u00e9s de un proyecto de investigaci\u00f3n del Instituto de Estudios Albacetenses. Adem\u00e1s, ha asegurado que este Parque Arqueol\u00f3gico constituye \u201cun reclamo tur\u00edstico fundamental para la comarca, que permitir\u00e1 dinamizar la econom\u00eda de la zona\u201d.<\/p>\n<p style=\"text-align: justify;\">Junto a \u00e9l, han recorrido el lugar el vicepresidente de la Junta de Comunidades de Castilla-La Mancha, Jos\u00e9 Luis Mart\u00ednez Guijarro; la viceconsejera de Cultura, Ana Mu\u00f1oz; el delegado de la Junta, Pedro Antonio Ruiz Santos; el alcalde de Hell\u00edn, Ram\u00f3n Garc\u00eda; el director del Parque Arqueol\u00f3gico, Pablo C\u00e1novas y el gerente de Tragsa, Benito de la Plaza. Todos han coincidido en subrayar su valor hist\u00f3rico, cultural y patrimonial.<\/p>\n<p><!--publicidad-voz03--><a href=\"https:\/\/www.facebook.com\/profile.php?id=100063593791305&amp;locale=es_ES\"><img decoding=\"async\" class=\"alignnone size-medium\" src=\"https:\/\/blogger.googleusercontent.com\/img\/b\/R29vZ2xl\/AVvXsEi8_n_ll8UOcGxCqzFvb_9Io4ICczlGC990BPtPj2w9Px-u7B3oqWUW5vtjZUqPNJ-nyjiUIorE0ATsib_l5tV8BVN-UJ03RTnU__IHJF_4DgDBtY4LIqXNG-FomrO-7ywes20CBCRM2Hcm7EJSh3UUw1dO-c_uTflUrtgY1i7uBRezj_DpympmEFkfbQY\/s1600\/logo-principal2.jpg\" width=\"100%\" height=\"100\" \/><\/a><!--bestpublic-voz03--><!--desk-in-out-voz03--><br \/>\n<!--publicidad-voz04--><a href=\"https:\/\/www.facebook.com\/profile.php?id=61557370768692&amp;locale=es_ES\"><img decoding=\"async\" class=\"alignnone size-medium\" src=\"https:\/\/blogger.googleusercontent.com\/img\/b\/R29vZ2xl\/AVvXsEgy5RdcfffrnrItnYTcV9bCJjgJwldsQLWssfVfrLbyfXeBNTFKgBf0rMIvhrUaGUhiXzVr9_eQgCbi-j63ZDpfTvLIty9w7s140y-m1yHe7eKmEK7v2NAHUJDVYGdfeiQFeRCqUjdwWmN1MX_AUxxz4IVdJ4WIM0APxit8bjWkXzrnEFGqBvW_1F13H1g\/s1600\/logo-principal5.jpg\" width=\"100%\" height=\"100\" \/><\/a><!--bestpublic-voz04--><!--desk-in-out-voz04--><br \/>\n<!--publicidad-voz05--><a href=\"https:\/\/www.facebook.com\/asociaciontamborileroshellin?locale=es_ES\"><img decoding=\"async\" class=\"alignnone size-medium\" src=\"https:\/\/blogger.googleusercontent.com\/img\/b\/R29vZ2xl\/AVvXsEhHEEpZsKK1VpwiYMrS7aE2ujtqIDZoLd4B5wtbiseSU9s2HdTdQfhF84So2XwEB1fv0BLw95GADm6hUl1bkKtzh-eIgVigXONuu_5RxeIMPhjk8q6uNX4EaEHbooKkbu7pCADWPpVJjhKIH5NQSJpWqedC-YBez4QAQeJYokkLot9bhrIaUAeztsGis6M\/s1600\/logo-principal3.jpg\" width=\"100%\" height=\"100\" \/><\/a><!--bestpublic-voz05--><!--desk-in-out-voz05--><br \/>\n<!--publicidad-voz06--><!--bestpublic-voz06--><!--desk-in-out-voz06--><br \/>\n<!--publicidad-voz07--><!--bestpublic-voz07--><!--desk-in-out-voz07--><br \/>\n<!--publicidad-voz08--><!--bestpublic-voz08--><!--desk-in-out-voz08--><br \/>\n<!--publicidad-voz09--><!--bestpublic-voz09--><!--desk-in-out-voz09--><br \/>\n<!--publicidad-voz10--><!--bestpublic-voz10--><!--desk-in-out-voz10--><br \/>\n<!--publicidad-voz11--><!--bestpublic-voz11--><!--desk-in-out-voz11--><br \/>\n<!--publicidad-voz12--><!--bestpublic-voz12--><!--desk-in-out-voz12--><br \/>\n<!--publicidad-voz13--><!--bestpublic-voz13--><!--desk-in-out-voz13--><br \/>\n<!--publicidad-voz14--><!--bestpublic-voz14--><!--desk-in-out-voz14--><br \/>\n<!--publicidad-voz15--><!--bestpublic-voz15--><!--desk-in-out-voz15--><br \/>\n<!--publicidad-voz16--><!--bestpublic-voz16--><!--desk-in-out-voz16--><\/p>\n","protected":false},"excerpt":{"rendered":"<p>ESTE MES DE AGOSTO SE REANUDAN LOS TRABAJOS DE EXCAVACI\u00d3N EN EL TOLMO DE MINATEDA.<\/p>\n","protected":false},"author":2,"featured_media":90584,"comment_status":"closed","ping_status":"closed","sticky":false,"template":"","format":"standard","meta":{"footnotes":""},"categories":[719,718,715,716,717],"tags":[],"class_list":["post-101422","post","type-post","status-publish","format-standard","has-post-thumbnail","hentry","category-blog-lv001","category-blogger","category-la-voz-de-hellin","category-la-voz-de-hellin-la-voz-de-hellin","category-noticias"],"_links":{"self":[{"href":"https:\/\/lavozdehellin.com\/noticias\/wp-json\/wp\/v2\/posts\/101422","targetHints":{"allow":["GET"]}}],"collection":[{"href":"https:\/\/lavozdehellin.com\/noticias\/wp-json\/wp\/v2\/posts"}],"about":[{"href":"https:\/\/lavozdehellin.com\/noticias\/wp-json\/wp\/v2\/types\/post"}],"author":[{"embeddable":true,"href":"https:\/\/lavozdehellin.com\/noticias\/wp-json\/wp\/v2\/users\/2"}],"replies":[{"embeddable":true,"href":"https:\/\/lavozdehellin.com\/noticias\/wp-json\/wp\/v2\/comments?post=101422"}],"version-history":[{"count":0,"href":"https:\/\/lavozdehellin.com\/noticias\/wp-json\/wp\/v2\/posts\/101422\/revisions"}],"wp:featuredmedia":[{"embeddable":true,"href":"https:\/\/lavozdehellin.com\/noticias\/wp-json\/wp\/v2\/media\/90584"}],"wp:attachment":[{"href":"https:\/\/lavozdehellin.com\/noticias\/wp-json\/wp\/v2\/media?parent=101422"}],"wp:term":[{"taxonomy":"category","embeddable":true,"href":"https:\/\/lavozdehellin.com\/noticias\/wp-json\/wp\/v2\/categories?post=101422"},{"taxonomy":"post_tag","embeddable":true,"href":"https:\/\/lavozdehellin.com\/noticias\/wp-json\/wp\/v2\/tags?post=101422"}],"curies":[{"name":"wp","href":"https:\/\/api.w.org\/{rel}","templated":true}]}}