{"id":101423,"date":"2019-08-08T16:25:30","date_gmt":"2019-08-08T16:25:30","guid":{"rendered":"https:\/\/lavozdehellin.com\/noticias\/v00-002-el-parque-arqueologico-tolmo-de-minateda-de-hellin-ha-recibido-cerca-de-cinco-mil-visitas-desde-su-apertura-al-publico\/"},"modified":"2024-01-04T14:05:15","modified_gmt":"2024-01-04T14:05:15","slug":"v00-002-el-parque-arqueologico-tolmo-de-minateda-de-hellin-ha-recibido-cerca-de-cinco-mil-visitas-desde-su-apertura-al-publico","status":"publish","type":"post","link":"https:\/\/lavozdehellin.com\/noticias\/v00-002-el-parque-arqueologico-tolmo-de-minateda-de-hellin-ha-recibido-cerca-de-cinco-mil-visitas-desde-su-apertura-al-publico\/","title":{"rendered":"LVH NOTICIAS | EL PARQUE ARQUEOL\u00d3GICO TOLMO DE MINATEDA DE HELL\u00cdN HA RECIBIDO CERCA DE 5.000 VISITAS DESDE SU APERTURA AL P\u00daBLICO."},"content":{"rendered":"<p style=\"text-align: justify;\">El parque arqueol\u00f3gico Tolmo de Minateda, ubicado en el t\u00e9rmino municipal de Hell\u00edn ha recibido cerca de 5.000 visitas desde su apertura al p\u00fablico el pasado mes de marzo, superando as\u00ed las previsiones iniciales que se hab\u00edan marcado desde la direcci\u00f3n de este espacio para el primer a\u00f1o.<\/p>\n<p><!--more--><br \/>\n<!--publicidad-voz01--><a href=\"https:\/\/www.facebook.com\/SoloRadioHellin\/?locale=es_ES\"><img decoding=\"async\" class=\"alignnone size-medium\" src=\"https:\/\/blogger.googleusercontent.com\/img\/b\/R29vZ2xl\/AVvXsEiNncirNnyGedv00mhjZjh5Wl4_YPdJGanoAl8tL8zH-HwqE8uHqjEfSt340RHdx-9tuCSIkZ8rFamZiGyYlgDGxCsmXjCH_1xk5eYM3ntFZRvJP_jndOKR7w1UAo9Tu0vrZyOLfqRpHIxYI5SymJJ-pfGCQw6QVpggBH-UgfjiFQ2JOxqxG0Jx94kW83c\/s1600\/logo-principal.jpg\" width=\"100%\" height=\"100\" \/><\/a><!--bestpublic-voz01--><!--desk-in-out-voz01--><br \/>\n<!--publicidad-voz02--><a href=\"https:\/\/www.hellincf.com\/\"><img decoding=\"async\" class=\"alignnone size-medium\" src=\"https:\/\/blogger.googleusercontent.com\/img\/b\/R29vZ2xl\/AVvXsEhuZ4-XfBVj3UtdP8-RZugy3WVrg-Zv28c53m4oV47qYCxL1rX_dqWX_YddsGSnpH5SRDqZ7bZeKPIfDVCDncpjVlhy3aQs2vojcJBn7Gdv9hC2_Nzct_pRFrnFE1a7KTCdY1bT_kAgnY3-iadRZrGeJf1fR2P5fu11bokx0pWjaypoy-ctwCjklldpEbA\/s1600\/logo-principal7.jpg\" width=\"100%\" height=\"100\" \/><\/a><!--bestpublic-voz02--><!--desk-in-out-voz02--><\/p>\n<p style=\"text-align: justify;\">El vicepresidente del Gobierno regional, Jos\u00e9 Luis Mart\u00ednez Guijarro, que ha visitado hoy este conjunto arqueol\u00f3gico que fue declarado Bien de Inter\u00e9s Cultural en 1992 y, posteriormente, parque arqueol\u00f3gico en 2012, ha destacado el impacto social y econ\u00f3mico que esta apertura ha generado en la comarca de Hell\u00edn.<\/p>\n<p style=\"text-align: justify;\">De hecho, colectivos de hosteleros o asociaciones de productos t\u00edpicos han mostrado su inter\u00e9s por articular convenios o acuerdos para promocionar sus negocios a trav\u00e9s del parque, e incluso la venta de sus productos, mediante mecanismos econ\u00f3micos que favorezcan a ambas partes.<\/p>\n<p style=\"text-align: justify;\">Y es que, a juicio del vicepresidente, la apertura del Tolmo de Minateda es un ejemplo de c\u00f3mo la gesti\u00f3n del Patrimonio constituye un factor de desarrollo econ\u00f3mico en las comarcas en las que se implanta. De ah\u00ed que la apuesta por la cultura y el patrimonio se haya convertido para el Gobierno regional en un eje fundamental para seguir impulsando la industria tur\u00edstica de la Comunidad Aut\u00f3noma dentro del Plan Estrat\u00e9gico de Turismo que arranc\u00f3 en 2015.<\/p>\n<p style=\"text-align: justify;\">Un Plan que sigue dando \u201cbuenos resultados\u201d, ha incidido Mart\u00ednez Guijarro, y que por ejemplo en la provincia de Albacete refleja que en lo que va de a\u00f1o los viajeros alojados en establecimientos de turismo rural se han incrementado en un 9,7 % con respecto al mismo per\u00edodo del a\u00f1o anterior; mientras que las pernoctaciones han crecido un 3,2 por ciento, seg\u00fan los datos que acaba de publicar la Encuesta de Ocupaci\u00f3n de Turismo Rural del Instituto Nacional de Estad\u00edstica (INE).<\/p>\n<p style=\"text-align: justify;\">31 a\u00f1os de investigaci\u00f3n<\/p>\n<p style=\"text-align: justify;\">El Tolmo de Minateda constituye el conjunto arqueol\u00f3gico m\u00e1s importante de la provincia de Albacete, siendo el lugar elegido por diferentes grupos humanos para llevar a cabo sus asentamientos. La ocupaci\u00f3n m\u00e1s antigua que se ha constatado pertenece a la Edad de Bronce y se trataba de una fosa com\u00fan para los muertos.<\/p>\n<p style=\"text-align: justify;\">Fue un importante centro en \u00e9poca Ibero-Romana, convertido en municipio romano en \u00e9poca de Augusto, que tras un par\u00e9ntesis resurgi\u00f3 como centro urbano en plena \u00e9poca visigoda. De esta fase, los trabajos han exhumado espectaculares restos funerarios, defensivos y epigr\u00e1ficos, como una monumental inscripci\u00f3n conmemorativa de la puerta amurallada.<\/p>\n<p style=\"text-align: justify;\">El asentamiento visigodo perdur\u00f3 en \u00e9poca isl\u00e1mica hasta al menos el siglo IX. En los sectores excavados se suceden las estructuras p\u00fablicas, dom\u00e9sticas e incluso funerarias hasta su abandono definitivo, que parece haberse producido con anterioridad al Califato. La estructura urbana y los testimonios materiales del proceso de islamizaci\u00f3n (siglos VIII y IX), hacen de este asentamiento un caso \u00fanico de an\u00e1lisis hist\u00f3rico.<\/p>\n<p style=\"text-align: justify;\">El pr\u00f3ximo 19 de agosto se retomar\u00e1n los trabajos de investigaci\u00f3n arqueol\u00f3gica en el Tolmo de Minateda gracias a una subvenci\u00f3n para la realizaci\u00f3n de proyectos de Investigaci\u00f3n del Patrimonio Arqueol\u00f3gico y Paleontol\u00f3gico de Castilla-La Mancha para el a\u00f1o 2019 promovida por la Junta y otra concedida al Ayuntamiento de Hell\u00edn por el Instituto de Estudios Albacetenses de la Diputaci\u00f3n de Albacete.<\/p>\n<p style=\"text-align: justify;\">Adem\u00e1s, se est\u00e1 preparando el programa de difusi\u00f3n \u2018Arqueolog\u00eda en directo: el Tolmo abre sus puertas\u2019, en el que el equipo y los estudiantes que participen mostrar\u00e1n a los visitantes los progresos y problemas de la investigaci\u00f3n en curso. Y, por otra parte, el fin de semana del 14 y 15 de septiembre se realizar\u00e1 una Jornada de Puertas Abiertas para explicar los resultados de la campa\u00f1a arqueol\u00f3gica de este verano.<\/p>\n<p style=\"text-align: justify;\">El vicepresidente primero ha estado acompa\u00f1ado en su visita por el alcalde de Hell\u00edn, Ram\u00f3n Garc\u00eda; la viceconsejera de Cultura del Gobierno de Castilla-La Mancha, Ana Mu\u00f1oz; y el diputado provincial de Cultura en Albacete, Miguel Zamora; entre otros.<\/p>\n<p><!--publicidad-voz03--><a href=\"https:\/\/www.facebook.com\/profile.php?id=100063593791305&amp;locale=es_ES\"><img decoding=\"async\" class=\"alignnone size-medium\" src=\"https:\/\/blogger.googleusercontent.com\/img\/b\/R29vZ2xl\/AVvXsEi8_n_ll8UOcGxCqzFvb_9Io4ICczlGC990BPtPj2w9Px-u7B3oqWUW5vtjZUqPNJ-nyjiUIorE0ATsib_l5tV8BVN-UJ03RTnU__IHJF_4DgDBtY4LIqXNG-FomrO-7ywes20CBCRM2Hcm7EJSh3UUw1dO-c_uTflUrtgY1i7uBRezj_DpympmEFkfbQY\/s1600\/logo-principal2.jpg\" width=\"100%\" height=\"100\" \/><\/a><!--bestpublic-voz03--><!--desk-in-out-voz03--><br \/>\n<!--publicidad-voz04--><a href=\"https:\/\/www.facebook.com\/profile.php?id=61557370768692&amp;locale=es_ES\"><img decoding=\"async\" class=\"alignnone size-medium\" src=\"https:\/\/blogger.googleusercontent.com\/img\/b\/R29vZ2xl\/AVvXsEgy5RdcfffrnrItnYTcV9bCJjgJwldsQLWssfVfrLbyfXeBNTFKgBf0rMIvhrUaGUhiXzVr9_eQgCbi-j63ZDpfTvLIty9w7s140y-m1yHe7eKmEK7v2NAHUJDVYGdfeiQFeRCqUjdwWmN1MX_AUxxz4IVdJ4WIM0APxit8bjWkXzrnEFGqBvW_1F13H1g\/s1600\/logo-principal5.jpg\" width=\"100%\" height=\"100\" \/><\/a><!--bestpublic-voz04--><!--desk-in-out-voz04--><br \/>\n<!--publicidad-voz05--><a href=\"https:\/\/www.facebook.com\/asociaciontamborileroshellin?locale=es_ES\"><img decoding=\"async\" class=\"alignnone size-medium\" src=\"https:\/\/blogger.googleusercontent.com\/img\/b\/R29vZ2xl\/AVvXsEhHEEpZsKK1VpwiYMrS7aE2ujtqIDZoLd4B5wtbiseSU9s2HdTdQfhF84So2XwEB1fv0BLw95GADm6hUl1bkKtzh-eIgVigXONuu_5RxeIMPhjk8q6uNX4EaEHbooKkbu7pCADWPpVJjhKIH5NQSJpWqedC-YBez4QAQeJYokkLot9bhrIaUAeztsGis6M\/s1600\/logo-principal3.jpg\" width=\"100%\" height=\"100\" \/><\/a><!--bestpublic-voz05--><!--desk-in-out-voz05--><br \/>\n<!--publicidad-voz06--><!--bestpublic-voz06--><!--desk-in-out-voz06--><br \/>\n<!--publicidad-voz07--><!--bestpublic-voz07--><!--desk-in-out-voz07--><br \/>\n<!--publicidad-voz08--><!--bestpublic-voz08--><!--desk-in-out-voz08--><br \/>\n<!--publicidad-voz09--><!--bestpublic-voz09--><!--desk-in-out-voz09--><br \/>\n<!--publicidad-voz10--><!--bestpublic-voz10--><!--desk-in-out-voz10--><br \/>\n<!--publicidad-voz11--><!--bestpublic-voz11--><!--desk-in-out-voz11--><br \/>\n<!--publicidad-voz12--><!--bestpublic-voz12--><!--desk-in-out-voz12--><br \/>\n<!--publicidad-voz13--><!--bestpublic-voz13--><!--desk-in-out-voz13--><br \/>\n<!--publicidad-voz14--><!--bestpublic-voz14--><!--desk-in-out-voz14--><br \/>\n<!--publicidad-voz15--><!--bestpublic-voz15--><!--desk-in-out-voz15--><br \/>\n<!--publicidad-voz16--><!--bestpublic-voz16--><!--desk-in-out-voz16--><\/p>\n","protected":false},"excerpt":{"rendered":"<p>EL PARQUE ARQUEOL\u00d3GICO TOLMO DE MINATEDA DE HELL\u00cdN HA RECIBIDO CERCA DE 5.000 VISITAS DESDE SU APERTURA AL P\u00daBLICO.<\/p>\n","protected":false},"author":2,"featured_media":90586,"comment_status":"closed","ping_status":"closed","sticky":false,"template":"","format":"standard","meta":{"footnotes":""},"categories":[719,718,715,716,717],"tags":[],"class_list":["post-101423","post","type-post","status-publish","format-standard","has-post-thumbnail","hentry","category-blog-lv001","category-blogger","category-la-voz-de-hellin","category-la-voz-de-hellin-la-voz-de-hellin","category-noticias"],"_links":{"self":[{"href":"https:\/\/lavozdehellin.com\/noticias\/wp-json\/wp\/v2\/posts\/101423","targetHints":{"allow":["GET"]}}],"collection":[{"href":"https:\/\/lavozdehellin.com\/noticias\/wp-json\/wp\/v2\/posts"}],"about":[{"href":"https:\/\/lavozdehellin.com\/noticias\/wp-json\/wp\/v2\/types\/post"}],"author":[{"embeddable":true,"href":"https:\/\/lavozdehellin.com\/noticias\/wp-json\/wp\/v2\/users\/2"}],"replies":[{"embeddable":true,"href":"https:\/\/lavozdehellin.com\/noticias\/wp-json\/wp\/v2\/comments?post=101423"}],"version-history":[{"count":0,"href":"https:\/\/lavozdehellin.com\/noticias\/wp-json\/wp\/v2\/posts\/101423\/revisions"}],"wp:featuredmedia":[{"embeddable":true,"href":"https:\/\/lavozdehellin.com\/noticias\/wp-json\/wp\/v2\/media\/90586"}],"wp:attachment":[{"href":"https:\/\/lavozdehellin.com\/noticias\/wp-json\/wp\/v2\/media?parent=101423"}],"wp:term":[{"taxonomy":"category","embeddable":true,"href":"https:\/\/lavozdehellin.com\/noticias\/wp-json\/wp\/v2\/categories?post=101423"},{"taxonomy":"post_tag","embeddable":true,"href":"https:\/\/lavozdehellin.com\/noticias\/wp-json\/wp\/v2\/tags?post=101423"}],"curies":[{"name":"wp","href":"https:\/\/api.w.org\/{rel}","templated":true}]}}