{"id":101424,"date":"2019-08-07T16:30:22","date_gmt":"2019-08-07T16:30:22","guid":{"rendered":"https:\/\/lavozdehellin.com\/noticias\/v00-003-el-grupo-municipal-ciudadanos-reclama-soluciones-a-la-plaga-de-cucarachas-de-diferentes-zonas-de-hellin\/"},"modified":"2024-06-30T20:32:08","modified_gmt":"2024-06-30T18:32:08","slug":"v00-003-el-grupo-municipal-ciudadanos-reclama-soluciones-a-la-plaga-de-cucarachas-de-diferentes-zonas-de-hellin","status":"publish","type":"post","link":"https:\/\/lavozdehellin.com\/noticias\/v00-003-el-grupo-municipal-ciudadanos-reclama-soluciones-a-la-plaga-de-cucarachas-de-diferentes-zonas-de-hellin\/","title":{"rendered":"LVH NOTICIAS | EL GRUPO MUNICIPAL CIUDADANOS RECLAMA SOLUCIONES A LA PLAGA DE CUCARACHAS DE DIFERENTES ZONAS DE HELL\u00cdN."},"content":{"rendered":"<p style=\"text-align: justify;\">El edil de Ciudadanos ha visitado a comerciantes y vecinos de distintas zonas de Hell\u00edn para dar informaci\u00f3n acerca de qu\u00e9 hacer ante la aparici\u00f3n de cucarachas.<\/p>\n<p><!--more--><br \/>\n<!--publicidad-voz01--><a href=\"https:\/\/www.facebook.com\/SoloRadioHellin\/?locale=es_ES\"><img decoding=\"async\" class=\"alignnone size-medium\" src=\"https:\/\/blogger.googleusercontent.com\/img\/b\/R29vZ2xl\/AVvXsEiNncirNnyGedv00mhjZjh5Wl4_YPdJGanoAl8tL8zH-HwqE8uHqjEfSt340RHdx-9tuCSIkZ8rFamZiGyYlgDGxCsmXjCH_1xk5eYM3ntFZRvJP_jndOKR7w1UAo9Tu0vrZyOLfqRpHIxYI5SymJJ-pfGCQw6QVpggBH-UgfjiFQ2JOxqxG0Jx94kW83c\/s1600\/logo-principal.jpg\" width=\"100%\" height=\"100\" \/><\/a><!--bestpublic-voz01--><!--desk-in-out-voz01--><br \/>\n<!--publicidad-voz02--><a href=\"https:\/\/www.hellincf.com\/\"><img decoding=\"async\" class=\"alignnone size-medium\" src=\"https:\/\/blogger.googleusercontent.com\/img\/b\/R29vZ2xl\/AVvXsEhuZ4-XfBVj3UtdP8-RZugy3WVrg-Zv28c53m4oV47qYCxL1rX_dqWX_YddsGSnpH5SRDqZ7bZeKPIfDVCDncpjVlhy3aQs2vojcJBn7Gdv9hC2_Nzct_pRFrnFE1a7KTCdY1bT_kAgnY3-iadRZrGeJf1fR2P5fu11bokx0pWjaypoy-ctwCjklldpEbA\/s1600\/logo-principal7.jpg\" width=\"100%\" height=\"100\" \/><\/a><!--bestpublic-voz02--><!--desk-in-out-voz02--><\/p>\n<p style=\"text-align: justify;\">Mario Artesero ha visitado a distintos comerciantes y vecinos hellineros para informarles de las medidas que el consistorio local, junto con la Diputaci\u00f3n, ofrecen para erradicar la plaga de cucarachas que, como de costumbre en verano, y m\u00e1s este a\u00f1o con motivo de las obras para mejorar distintas calles, ha aparecido en nuestra ciudad.<\/p>\n<p style=\"text-align: justify;\">Artesero ha explicado que\u00a0\u201ccuando nos enteramos de que varios vecinos del centro de Hell\u00edn, tanto casas particulares como comercios, ten\u00edan un problema serio de cucarachas nos pusimos en contacto con la oficina t\u00e9cnica de Medio Ambiente y nos acercamos a esos vecinos a explicarles qu\u00e9 tr\u00e1mites deb\u00edan seguir\u201d.<\/p>\n<p style=\"text-align: justify;\">El portavoz de la formaci\u00f3n naranja ha querido dejar claro que esta situaci\u00f3n no es motivo de alarma, puesto que es habitual que en verano veamos alguno de estos insectos por nuestras calles o casas, sin que ello suponga un riesgo grave.\u00a0\u201cEstamos seguros que el problema se resolver\u00e1 en breve, tanto los t\u00e9cnicos del ayuntamiento como los de la Diputaci\u00f3n son bastante eficaces en este sentido\u201d\u00a0ha comentado Artesero, quien ha recordado\u00a0en caso de que cualquier vecino tenga un problema en su casa, o simplemente vea cucarachas por las calles, debe ponerlo en conocimiento de la oficina t\u00e9cnica de Medio Ambiente del Ayuntamiento.<\/p>\n<p style=\"text-align: justify;\">Esta actuaci\u00f3n se encuadra dentro de la pol\u00edtica de cercan\u00eda a los vecinos que ha mantenido el concejal de Cs desde el inicio del mandato.\u00a0\u201cDebemos ser los pol\u00edticos y gestores municipales quienes salgamos a la calle a informar a los ciudadanos de c\u00f3mo pueden solucionar los problemas que tienen; y no esperar que vengan al despacho\u201d\u00a0ha concluido Artesero.<\/p>\n<p><!--publicidad-voz03--><a href=\"https:\/\/www.facebook.com\/profile.php?id=100063593791305&amp;locale=es_ES\"><img decoding=\"async\" class=\"alignnone size-medium\" src=\"https:\/\/blogger.googleusercontent.com\/img\/b\/R29vZ2xl\/AVvXsEi8_n_ll8UOcGxCqzFvb_9Io4ICczlGC990BPtPj2w9Px-u7B3oqWUW5vtjZUqPNJ-nyjiUIorE0ATsib_l5tV8BVN-UJ03RTnU__IHJF_4DgDBtY4LIqXNG-FomrO-7ywes20CBCRM2Hcm7EJSh3UUw1dO-c_uTflUrtgY1i7uBRezj_DpympmEFkfbQY\/s1600\/logo-principal2.jpg\" width=\"100%\" height=\"100\" \/><\/a><!--bestpublic-voz03--><!--desk-in-out-voz03--><br \/>\n<!--publicidad-voz04--><a href=\"https:\/\/www.facebook.com\/profile.php?id=61557370768692&amp;locale=es_ES\"><img decoding=\"async\" class=\"alignnone size-medium\" src=\"https:\/\/blogger.googleusercontent.com\/img\/b\/R29vZ2xl\/AVvXsEgy5RdcfffrnrItnYTcV9bCJjgJwldsQLWssfVfrLbyfXeBNTFKgBf0rMIvhrUaGUhiXzVr9_eQgCbi-j63ZDpfTvLIty9w7s140y-m1yHe7eKmEK7v2NAHUJDVYGdfeiQFeRCqUjdwWmN1MX_AUxxz4IVdJ4WIM0APxit8bjWkXzrnEFGqBvW_1F13H1g\/s1600\/logo-principal5.jpg\" width=\"100%\" height=\"100\" \/><\/a><!--bestpublic-voz04--><!--desk-in-out-voz04--><br \/>\n<!--publicidad-voz05--><a href=\"https:\/\/www.facebook.com\/asociaciontamborileroshellin?locale=es_ES\"><img decoding=\"async\" class=\"alignnone size-medium\" src=\"https:\/\/blogger.googleusercontent.com\/img\/b\/R29vZ2xl\/AVvXsEhHEEpZsKK1VpwiYMrS7aE2ujtqIDZoLd4B5wtbiseSU9s2HdTdQfhF84So2XwEB1fv0BLw95GADm6hUl1bkKtzh-eIgVigXONuu_5RxeIMPhjk8q6uNX4EaEHbooKkbu7pCADWPpVJjhKIH5NQSJpWqedC-YBez4QAQeJYokkLot9bhrIaUAeztsGis6M\/s1600\/logo-principal3.jpg\" width=\"100%\" height=\"100\" \/><\/a><!--bestpublic-voz05--><!--desk-in-out-voz05--><br \/>\n<!--publicidad-voz06--><!--bestpublic-voz06--><!--desk-in-out-voz06--><br \/>\n<!--publicidad-voz07--><!--bestpublic-voz07--><!--desk-in-out-voz07--><br \/>\n<!--publicidad-voz08--><!--bestpublic-voz08--><!--desk-in-out-voz08--><br \/>\n<!--publicidad-voz09--><!--bestpublic-voz09--><!--desk-in-out-voz09--><br \/>\n<!--publicidad-voz10--><!--bestpublic-voz10--><!--desk-in-out-voz10--><br \/>\n<!--publicidad-voz11--><!--bestpublic-voz11--><!--desk-in-out-voz11--><br \/>\n<!--publicidad-voz12--><!--bestpublic-voz12--><!--desk-in-out-voz12--><br \/>\n<!--publicidad-voz13--><!--bestpublic-voz13--><!--desk-in-out-voz13--><br \/>\n<!--publicidad-voz14--><!--bestpublic-voz14--><!--desk-in-out-voz14--><br \/>\n<!--publicidad-voz15--><!--bestpublic-voz15--><!--desk-in-out-voz15--><br \/>\n<!--publicidad-voz16--><!--bestpublic-voz16--><!--desk-in-out-voz16--><\/p>\n","protected":false},"excerpt":{"rendered":"<p>EL GRUPO MUNICIPAL CIUDADANOS RECLAMA SOLUCIONES A LA PLAGA DE CUCARACHAS DE DIFERENTES ZONAS DE HELL\u00cdN.<\/p>\n","protected":false},"author":2,"featured_media":90581,"comment_status":"closed","ping_status":"closed","sticky":false,"template":"","format":"standard","meta":{"footnotes":""},"categories":[719,718,715,716,717],"tags":[],"class_list":["post-101424","post","type-post","status-publish","format-standard","has-post-thumbnail","hentry","category-blog-lv001","category-blogger","category-la-voz-de-hellin","category-la-voz-de-hellin-la-voz-de-hellin","category-noticias"],"_links":{"self":[{"href":"https:\/\/lavozdehellin.com\/noticias\/wp-json\/wp\/v2\/posts\/101424","targetHints":{"allow":["GET"]}}],"collection":[{"href":"https:\/\/lavozdehellin.com\/noticias\/wp-json\/wp\/v2\/posts"}],"about":[{"href":"https:\/\/lavozdehellin.com\/noticias\/wp-json\/wp\/v2\/types\/post"}],"author":[{"embeddable":true,"href":"https:\/\/lavozdehellin.com\/noticias\/wp-json\/wp\/v2\/users\/2"}],"replies":[{"embeddable":true,"href":"https:\/\/lavozdehellin.com\/noticias\/wp-json\/wp\/v2\/comments?post=101424"}],"version-history":[{"count":0,"href":"https:\/\/lavozdehellin.com\/noticias\/wp-json\/wp\/v2\/posts\/101424\/revisions"}],"wp:featuredmedia":[{"embeddable":true,"href":"https:\/\/lavozdehellin.com\/noticias\/wp-json\/wp\/v2\/media\/90581"}],"wp:attachment":[{"href":"https:\/\/lavozdehellin.com\/noticias\/wp-json\/wp\/v2\/media?parent=101424"}],"wp:term":[{"taxonomy":"category","embeddable":true,"href":"https:\/\/lavozdehellin.com\/noticias\/wp-json\/wp\/v2\/categories?post=101424"},{"taxonomy":"post_tag","embeddable":true,"href":"https:\/\/lavozdehellin.com\/noticias\/wp-json\/wp\/v2\/tags?post=101424"}],"curies":[{"name":"wp","href":"https:\/\/api.w.org\/{rel}","templated":true}]}}