{"id":101426,"date":"2019-08-05T16:50:33","date_gmt":"2019-08-05T16:50:33","guid":{"rendered":"https:\/\/lavozdehellin.com\/noticias\/v00-005-la-guardia-civil-detiene-a-tres-personas-por-robo-en-la-panaderia-de-las-minas-de-hellin\/"},"modified":"2024-01-04T14:05:16","modified_gmt":"2024-01-04T14:05:16","slug":"v00-005-la-guardia-civil-detiene-a-tres-personas-por-robo-en-la-panaderia-de-las-minas-de-hellin","status":"publish","type":"post","link":"https:\/\/lavozdehellin.com\/noticias\/v00-005-la-guardia-civil-detiene-a-tres-personas-por-robo-en-la-panaderia-de-las-minas-de-hellin\/","title":{"rendered":"LVH NOTICIAS | LA GUARDIA CIVIL DETIENE A TRES PERSONAS POR ROBO EN LA PANADERIA DE LAS MINAS DE HELL\u00cdN."},"content":{"rendered":"<p style=\"text-align: justify;\">Efectivos del Equipo de Investigaci\u00f3n de la Guardia Civil de Tobarra han detenido a tres vecinos de la localidad\u00a0 de Hell\u00edn, de 22, 23 y 38 a\u00f1os de edad, como supuestos autores de un delito de robo con fuerza en el interior de una antigua panader\u00eda de la pedan\u00eda de Las Minas-Hell\u00edn.<\/p>\n<p><!--more--><br \/>\n<!--publicidad-voz01--><a href=\"https:\/\/www.facebook.com\/SoloRadioHellin\/?locale=es_ES\"><img decoding=\"async\" class=\"alignnone size-medium\" src=\"https:\/\/blogger.googleusercontent.com\/img\/b\/R29vZ2xl\/AVvXsEiNncirNnyGedv00mhjZjh5Wl4_YPdJGanoAl8tL8zH-HwqE8uHqjEfSt340RHdx-9tuCSIkZ8rFamZiGyYlgDGxCsmXjCH_1xk5eYM3ntFZRvJP_jndOKR7w1UAo9Tu0vrZyOLfqRpHIxYI5SymJJ-pfGCQw6QVpggBH-UgfjiFQ2JOxqxG0Jx94kW83c\/s1600\/logo-principal.jpg\" width=\"100%\" height=\"100\" \/><\/a><!--bestpublic-voz01--><!--desk-in-out-voz01--><br \/>\n<!--publicidad-voz02--><a href=\"https:\/\/www.hellincf.com\/\"><img decoding=\"async\" class=\"alignnone size-medium\" src=\"https:\/\/blogger.googleusercontent.com\/img\/b\/R29vZ2xl\/AVvXsEhuZ4-XfBVj3UtdP8-RZugy3WVrg-Zv28c53m4oV47qYCxL1rX_dqWX_YddsGSnpH5SRDqZ7bZeKPIfDVCDncpjVlhy3aQs2vojcJBn7Gdv9hC2_Nzct_pRFrnFE1a7KTCdY1bT_kAgnY3-iadRZrGeJf1fR2P5fu11bokx0pWjaypoy-ctwCjklldpEbA\/s1600\/logo-principal7.jpg\" width=\"100%\" height=\"100\" \/><\/a><!--bestpublic-voz02--><!--desk-in-out-voz02--><\/p>\n<p style=\"text-align: justify;\">En el cuartel de la Guardia Civil de Hell\u00edn se recogi\u00f3 la denuncia de un vecino que manifestaba haber sufrido un robo, en una antigua panader\u00eda, echando en falta del interior del inmueble de vitrinas, maquinaria de panificaci\u00f3n de car\u00e1cter hist\u00f3rico as\u00ed como otro tipo de efectos que el manifestante valor\u00f3 en 2.000 euros.<\/p>\n<p style=\"text-align: justify;\">La inspecci\u00f3n ocular realizada por efectivos de la Benem\u00e9rita en el lugar de los hechos verific\u00f3 la comisi\u00f3n del robo as\u00ed como que los autores, debido al volumen y peso del material sustra\u00eddo, habr\u00edan utilizado alg\u00fan cami\u00f3n o furgoneta de grandes dimensiones para su traslado.<\/p>\n<p style=\"text-align: justify;\">En una de las pesquisas, los agentes encargados de la investigaci\u00f3n tuvieron conocimiento de la venta de mobiliario espec\u00edfico de panificaci\u00f3n en un centro gestor de residuos de la localidad murciana de Jumilla que tres j\u00f3venes hab\u00edan trasladado hasta dicho establecimiento en un cami\u00f3n de mediano tonelaje.<\/p>\n<p style=\"text-align: justify;\">Autores del robo esclarecido con amplio historial delictivo<\/p>\n<p style=\"text-align: justify;\">Una vez obtenida la identidad de estas tres personas, que contaban con un amplio historial de antecedentes policiales por hechos similares contra el patrimonio, se consigui\u00f3 su localizaci\u00f3n, detenci\u00f3n y puesta a disposici\u00f3n judicial.<\/p>\n<p style=\"text-align: justify;\">La empresa de gesti\u00f3n de residuos receptora del material sustra\u00eddo vendi\u00f3 este a otra del mismo sector, siendo el destino final del mismo una fundici\u00f3n donde fue destruido, imposibilitando de este modo su recuperaci\u00f3n.<\/p>\n<p style=\"text-align: justify;\">Diligencias \/ detenidos<\/p>\n<p style=\"text-align: justify;\">Del hecho delictivo se instruyeron las correspondientes diligencias, que fueron entregadas, junto con los detenidos y objetos de convicci\u00f3n, en el Juzgado de Instrucci\u00f3n n\u00famero TRES de la localidad hellinera.<\/p>\n<p><!--publicidad-voz03--><a href=\"https:\/\/www.facebook.com\/profile.php?id=100063593791305&amp;locale=es_ES\"><img decoding=\"async\" class=\"alignnone size-medium\" src=\"https:\/\/blogger.googleusercontent.com\/img\/b\/R29vZ2xl\/AVvXsEi8_n_ll8UOcGxCqzFvb_9Io4ICczlGC990BPtPj2w9Px-u7B3oqWUW5vtjZUqPNJ-nyjiUIorE0ATsib_l5tV8BVN-UJ03RTnU__IHJF_4DgDBtY4LIqXNG-FomrO-7ywes20CBCRM2Hcm7EJSh3UUw1dO-c_uTflUrtgY1i7uBRezj_DpympmEFkfbQY\/s1600\/logo-principal2.jpg\" width=\"100%\" height=\"100\" \/><\/a><!--bestpublic-voz03--><!--desk-in-out-voz03--><br \/>\n<!--publicidad-voz04--><a href=\"https:\/\/www.facebook.com\/profile.php?id=61557370768692&amp;locale=es_ES\"><img decoding=\"async\" class=\"alignnone size-medium\" src=\"https:\/\/blogger.googleusercontent.com\/img\/b\/R29vZ2xl\/AVvXsEgy5RdcfffrnrItnYTcV9bCJjgJwldsQLWssfVfrLbyfXeBNTFKgBf0rMIvhrUaGUhiXzVr9_eQgCbi-j63ZDpfTvLIty9w7s140y-m1yHe7eKmEK7v2NAHUJDVYGdfeiQFeRCqUjdwWmN1MX_AUxxz4IVdJ4WIM0APxit8bjWkXzrnEFGqBvW_1F13H1g\/s1600\/logo-principal5.jpg\" width=\"100%\" height=\"100\" \/><\/a><!--bestpublic-voz04--><!--desk-in-out-voz04--><br \/>\n<!--publicidad-voz05--><a href=\"https:\/\/www.facebook.com\/asociaciontamborileroshellin?locale=es_ES\"><img decoding=\"async\" class=\"alignnone size-medium\" src=\"https:\/\/blogger.googleusercontent.com\/img\/b\/R29vZ2xl\/AVvXsEhHEEpZsKK1VpwiYMrS7aE2ujtqIDZoLd4B5wtbiseSU9s2HdTdQfhF84So2XwEB1fv0BLw95GADm6hUl1bkKtzh-eIgVigXONuu_5RxeIMPhjk8q6uNX4EaEHbooKkbu7pCADWPpVJjhKIH5NQSJpWqedC-YBez4QAQeJYokkLot9bhrIaUAeztsGis6M\/s1600\/logo-principal3.jpg\" width=\"100%\" height=\"100\" \/><\/a><!--bestpublic-voz05--><!--desk-in-out-voz05--><br \/>\n<!--publicidad-voz06--><!--bestpublic-voz06--><!--desk-in-out-voz06--><br \/>\n<!--publicidad-voz07--><!--bestpublic-voz07--><!--desk-in-out-voz07--><br \/>\n<!--publicidad-voz08--><!--bestpublic-voz08--><!--desk-in-out-voz08--><br \/>\n<!--publicidad-voz09--><!--bestpublic-voz09--><!--desk-in-out-voz09--><br \/>\n<!--publicidad-voz10--><!--bestpublic-voz10--><!--desk-in-out-voz10--><br \/>\n<!--publicidad-voz11--><!--bestpublic-voz11--><!--desk-in-out-voz11--><br \/>\n<!--publicidad-voz12--><!--bestpublic-voz12--><!--desk-in-out-voz12--><br \/>\n<!--publicidad-voz13--><!--bestpublic-voz13--><!--desk-in-out-voz13--><br \/>\n<!--publicidad-voz14--><!--bestpublic-voz14--><!--desk-in-out-voz14--><br \/>\n<!--publicidad-voz15--><!--bestpublic-voz15--><!--desk-in-out-voz15--><br \/>\n<!--publicidad-voz16--><!--bestpublic-voz16--><!--desk-in-out-voz16--><\/p>\n","protected":false},"excerpt":{"rendered":"<p>LA GUARDIA CIVIL DETIENE A TRES PERSONAS POR ROBO EN LA PANADERIA DE LAS MINAS DE HELL\u00cdN.<\/p>\n","protected":false},"author":2,"featured_media":90580,"comment_status":"closed","ping_status":"closed","sticky":false,"template":"","format":"standard","meta":{"footnotes":""},"categories":[719,718,715,716,717],"tags":[],"class_list":["post-101426","post","type-post","status-publish","format-standard","has-post-thumbnail","hentry","category-blog-lv001","category-blogger","category-la-voz-de-hellin","category-la-voz-de-hellin-la-voz-de-hellin","category-noticias"],"_links":{"self":[{"href":"https:\/\/lavozdehellin.com\/noticias\/wp-json\/wp\/v2\/posts\/101426","targetHints":{"allow":["GET"]}}],"collection":[{"href":"https:\/\/lavozdehellin.com\/noticias\/wp-json\/wp\/v2\/posts"}],"about":[{"href":"https:\/\/lavozdehellin.com\/noticias\/wp-json\/wp\/v2\/types\/post"}],"author":[{"embeddable":true,"href":"https:\/\/lavozdehellin.com\/noticias\/wp-json\/wp\/v2\/users\/2"}],"replies":[{"embeddable":true,"href":"https:\/\/lavozdehellin.com\/noticias\/wp-json\/wp\/v2\/comments?post=101426"}],"version-history":[{"count":0,"href":"https:\/\/lavozdehellin.com\/noticias\/wp-json\/wp\/v2\/posts\/101426\/revisions"}],"wp:featuredmedia":[{"embeddable":true,"href":"https:\/\/lavozdehellin.com\/noticias\/wp-json\/wp\/v2\/media\/90580"}],"wp:attachment":[{"href":"https:\/\/lavozdehellin.com\/noticias\/wp-json\/wp\/v2\/media?parent=101426"}],"wp:term":[{"taxonomy":"category","embeddable":true,"href":"https:\/\/lavozdehellin.com\/noticias\/wp-json\/wp\/v2\/categories?post=101426"},{"taxonomy":"post_tag","embeddable":true,"href":"https:\/\/lavozdehellin.com\/noticias\/wp-json\/wp\/v2\/tags?post=101426"}],"curies":[{"name":"wp","href":"https:\/\/api.w.org\/{rel}","templated":true}]}}