{"id":101428,"date":"2019-07-19T16:40:50","date_gmt":"2019-07-19T16:40:50","guid":{"rendered":"https:\/\/lavozdehellin.com\/noticias\/v00-007-la-policia-nacional-reforzara-las-medidas-de-seguridad-en-castilla-la-mancha-durante-los-acontecimientos-mas-importantes-del-verano\/"},"modified":"2024-01-04T14:05:16","modified_gmt":"2024-01-04T14:05:16","slug":"v00-007-la-policia-nacional-reforzara-las-medidas-de-seguridad-en-castilla-la-mancha-durante-los-acontecimientos-mas-importantes-del-verano","status":"publish","type":"post","link":"https:\/\/lavozdehellin.com\/noticias\/v00-007-la-policia-nacional-reforzara-las-medidas-de-seguridad-en-castilla-la-mancha-durante-los-acontecimientos-mas-importantes-del-verano\/","title":{"rendered":"LVH NOTICIAS | LA POLIC\u00cdA NACIONAL REFORZAR\u00c1 LAS MEDIDAS DE SEGURIDAD EN CASTILLA-LA MANCHA DURANTE LOS ACONTECIMIENTOS M\u00c1S IMPORTANTES DEL VERANO."},"content":{"rendered":"<p style=\"text-align: justify;\">La Polic\u00eda Nacional en Castilla-La Mancha ha puesto en marcha en la regi\u00f3n la Operaci\u00f3n Verano Seguro para garantizar la seguridad en las zonas tur\u00edsticas. A los agentes en servicio se unir\u00e1n otros 203 a lo largo del verano.<\/p>\n<p><!--more--><br \/>\n<!--publicidad-voz01--><a href=\"https:\/\/www.facebook.com\/SoloRadioHellin\/?locale=es_ES\"><img decoding=\"async\" class=\"alignnone size-medium\" src=\"https:\/\/blogger.googleusercontent.com\/img\/b\/R29vZ2xl\/AVvXsEiNncirNnyGedv00mhjZjh5Wl4_YPdJGanoAl8tL8zH-HwqE8uHqjEfSt340RHdx-9tuCSIkZ8rFamZiGyYlgDGxCsmXjCH_1xk5eYM3ntFZRvJP_jndOKR7w1UAo9Tu0vrZyOLfqRpHIxYI5SymJJ-pfGCQw6QVpggBH-UgfjiFQ2JOxqxG0Jx94kW83c\/s1600\/logo-principal.jpg\" width=\"100%\" height=\"100\" \/><\/a><!--bestpublic-voz01--><!--desk-in-out-voz01--><br \/>\n<!--publicidad-voz02--><a href=\"https:\/\/www.hellincf.com\/\"><img decoding=\"async\" class=\"alignnone size-medium\" src=\"https:\/\/blogger.googleusercontent.com\/img\/b\/R29vZ2xl\/AVvXsEhuZ4-XfBVj3UtdP8-RZugy3WVrg-Zv28c53m4oV47qYCxL1rX_dqWX_YddsGSnpH5SRDqZ7bZeKPIfDVCDncpjVlhy3aQs2vojcJBn7Gdv9hC2_Nzct_pRFrnFE1a7KTCdY1bT_kAgnY3-iadRZrGeJf1fR2P5fu11bokx0pWjaypoy-ctwCjklldpEbA\/s1600\/logo-principal7.jpg\" width=\"100%\" height=\"100\" \/><\/a><!--bestpublic-voz02--><!--desk-in-out-voz02--><\/p>\n<p style=\"text-align: justify;\">Durante la \u00e9poca estival vigilar\u00e1n especialmente las principales v\u00edas de comunicaci\u00f3n, estaciones de trenes y autobuses, hoteles y zonas de alta concentraci\u00f3n tur\u00edstica, reforzando con m\u00e1s medios policiales y unidades especiales, aquellos espect\u00e1culos y acontecimientos que supongan grandes concentraciones de personas.<\/p>\n<p style=\"text-align: justify;\">Adem\u00e1s, con el objetivo de incrementar la seguridad de los ciudadanos, se establecer\u00e1n dispositivos espec\u00edficos durante las principales fiestas tradicionales que se celebren en la regi\u00f3n.<\/p>\n<p style=\"text-align: justify;\">La Feria del Albacete con su multitudinaria ofrenda de flores a la Virgen de los Llanos y la Feria de Hell\u00edn tambi\u00e9n contar\u00e1n con un dispositivo especial que, como todos los a\u00f1os, velar\u00e1 por la buena marcha de estas celebraciones.<\/p>\n<p style=\"text-align: justify;\"><u>Consejos para un verano seguro <\/u><\/p>\n<p style=\"text-align: justify;\">La Polic\u00eda Nacional aconseja a los ciudadanos que durante la \u00e9poca estival adopten unas sencillas de medidas de seguridad que ayudar\u00e1n a disfrutar de un verano seguro.<\/p>\n<p style=\"text-align: justify;\">A la hora de realizar la reserva de viajes o alojamientos, es recomendable utilizar medios seguros y, si se hace a trav\u00e9s de Internet, comprobar que las p\u00e1ginas web utilizadas ofrecen garant\u00edas. Adem\u00e1s, hay que ser precavido y evitar hacer uso de WIFI p\u00fablicas cuando se vayan a realizar pagos o se introduzcan datos personales o contrase\u00f1as, ya que podr\u00edan ser capturados y utilizados de forma ileg\u00edtima.<\/p>\n<p style=\"text-align: justify;\">En terrazas, playas, piscinas y lugares en los que se produzcan aglomeraciones de personas, es importante prestar atenci\u00f3n a las pertenencias y no perderlas de vista. La seguridad es cosas de todos: seguir las indicaciones de los socorristas en las zonas de ba\u00f1o, prestar atenci\u00f3n a los menores cuando acudimos a playas y piscinas, o asegurarse de cumplir con las medidas de seguridad en conciertos, festivales o eventos masivos, evitar\u00e1n riesgos innecesarios.<\/p>\n<p style=\"text-align: justify;\">En cualquier caso, si precisa una situaci\u00f3n que supone una emergencia, d\u00e9 aviso inmediatamente a la Polic\u00eda Nacional a trav\u00e9s del 091.<\/p>\n<p style=\"text-align: justify;\"><u>Novedades para que los menores edad viajen al extranjero<\/u><\/p>\n<p style=\"text-align: justify;\">Antes de viajar, aseg\u00farese de que su documentaci\u00f3n est\u00e1 en regla y, si viaja fuera del territorio nacional, compruebe que dispone de todos los documentos necesarios. Si necesita renovar su DNI o Pasaporte, solicite cita previa a trav\u00e9s del tel\u00e9fono 060 o en la web www.citapreviadnie.es.<\/p>\n<p style=\"text-align: justify;\">Desde el 16 de julio se ha incorporado un nuevo procedimiento para los menores que viajen fuera del territorio nacional sin sus progenitores o tutores legales. Todos los menores deben llevar su DNI en vigor y, en caso de que viaje a pa\u00edses fuera del territorio de la Uni\u00f3n Europea, Espacio Econ\u00f3mico Europeo y la Confederaci\u00f3n Helv\u00e9tica, precisar\u00e1n tambi\u00e9n de Pasaporte.<\/p>\n<p style=\"text-align: justify;\">En caso de que los menores viajen fuera de Espa\u00f1a y no vayan acompa\u00f1ados por sus representantes legales, deben portar una declaraci\u00f3n firmada de permiso de viaje fuera del territorio nacional que pueden obtener en Comisar\u00edas de Polic\u00eda Nacional, Guardia Civil, Juzgados, Notar\u00edas y Ayuntamientos. Este documento no ser\u00e1 necesario si el menor viaja dentro del territorio nacional, o si lo hace en compa\u00f1\u00eda de sus padres o tutores legales.<\/p>\n<p style=\"text-align: justify;\">Para resolver cualquier duda respecto a los documentos exigidos para viajar al extranjero y otras recomendaciones, puede consultar la p\u00e1gina web del Ministerio de Exteriores www.exteriores.gob.es, en el apartado de Servicios al Ciudadano.<\/p>\n<p style=\"text-align: justify;\">No se debe informar de los planes de vacaciones ni a personas ajenas al c\u00edrculo familiar ni en redes sociales, prestando adem\u00e1s atenci\u00f3n a que la vivienda no muestre se\u00f1ales visibles de que est\u00e1 desocupada.<\/p>\n<p><!--publicidad-voz03--><a href=\"https:\/\/www.facebook.com\/profile.php?id=100063593791305&amp;locale=es_ES\"><img decoding=\"async\" class=\"alignnone size-medium\" src=\"https:\/\/blogger.googleusercontent.com\/img\/b\/R29vZ2xl\/AVvXsEi8_n_ll8UOcGxCqzFvb_9Io4ICczlGC990BPtPj2w9Px-u7B3oqWUW5vtjZUqPNJ-nyjiUIorE0ATsib_l5tV8BVN-UJ03RTnU__IHJF_4DgDBtY4LIqXNG-FomrO-7ywes20CBCRM2Hcm7EJSh3UUw1dO-c_uTflUrtgY1i7uBRezj_DpympmEFkfbQY\/s1600\/logo-principal2.jpg\" width=\"100%\" height=\"100\" \/><\/a><!--bestpublic-voz03--><!--desk-in-out-voz03--><br \/>\n<!--publicidad-voz04--><a href=\"https:\/\/www.facebook.com\/profile.php?id=61557370768692&amp;locale=es_ES\"><img decoding=\"async\" class=\"alignnone size-medium\" src=\"https:\/\/blogger.googleusercontent.com\/img\/b\/R29vZ2xl\/AVvXsEgy5RdcfffrnrItnYTcV9bCJjgJwldsQLWssfVfrLbyfXeBNTFKgBf0rMIvhrUaGUhiXzVr9_eQgCbi-j63ZDpfTvLIty9w7s140y-m1yHe7eKmEK7v2NAHUJDVYGdfeiQFeRCqUjdwWmN1MX_AUxxz4IVdJ4WIM0APxit8bjWkXzrnEFGqBvW_1F13H1g\/s1600\/logo-principal5.jpg\" width=\"100%\" height=\"100\" \/><\/a><!--bestpublic-voz04--><!--desk-in-out-voz04--><br \/>\n<!--publicidad-voz05--><a href=\"https:\/\/www.facebook.com\/asociaciontamborileroshellin?locale=es_ES\"><img decoding=\"async\" class=\"alignnone size-medium\" src=\"https:\/\/blogger.googleusercontent.com\/img\/b\/R29vZ2xl\/AVvXsEhHEEpZsKK1VpwiYMrS7aE2ujtqIDZoLd4B5wtbiseSU9s2HdTdQfhF84So2XwEB1fv0BLw95GADm6hUl1bkKtzh-eIgVigXONuu_5RxeIMPhjk8q6uNX4EaEHbooKkbu7pCADWPpVJjhKIH5NQSJpWqedC-YBez4QAQeJYokkLot9bhrIaUAeztsGis6M\/s1600\/logo-principal3.jpg\" width=\"100%\" height=\"100\" \/><\/a><!--bestpublic-voz05--><!--desk-in-out-voz05--><br \/>\n<!--publicidad-voz06--><!--bestpublic-voz06--><!--desk-in-out-voz06--><br \/>\n<!--publicidad-voz07--><!--bestpublic-voz07--><!--desk-in-out-voz07--><br \/>\n<!--publicidad-voz08--><!--bestpublic-voz08--><!--desk-in-out-voz08--><br \/>\n<!--publicidad-voz09--><!--bestpublic-voz09--><!--desk-in-out-voz09--><br \/>\n<!--publicidad-voz10--><!--bestpublic-voz10--><!--desk-in-out-voz10--><br \/>\n<!--publicidad-voz11--><!--bestpublic-voz11--><!--desk-in-out-voz11--><br \/>\n<!--publicidad-voz12--><!--bestpublic-voz12--><!--desk-in-out-voz12--><br \/>\n<!--publicidad-voz13--><!--bestpublic-voz13--><!--desk-in-out-voz13--><br \/>\n<!--publicidad-voz14--><!--bestpublic-voz14--><!--desk-in-out-voz14--><br \/>\n<!--publicidad-voz15--><!--bestpublic-voz15--><!--desk-in-out-voz15--><br \/>\n<!--publicidad-voz16--><!--bestpublic-voz16--><!--desk-in-out-voz16--><\/p>\n","protected":false},"excerpt":{"rendered":"<p>LA POLIC\u00cdA NACIONAL REFORZAR\u00c1 LAS MEDIDAS DE SEGURIDAD EN CASTILLA-LA MANCHA DURANTE LOS ACONTECIMIENTOS M\u00c1S IMPORTANTES DEL VERANO.<\/p>\n","protected":false},"author":2,"featured_media":90583,"comment_status":"closed","ping_status":"closed","sticky":false,"template":"","format":"standard","meta":{"footnotes":""},"categories":[719,718,715,716,717],"tags":[],"class_list":["post-101428","post","type-post","status-publish","format-standard","has-post-thumbnail","hentry","category-blog-lv001","category-blogger","category-la-voz-de-hellin","category-la-voz-de-hellin-la-voz-de-hellin","category-noticias"],"_links":{"self":[{"href":"https:\/\/lavozdehellin.com\/noticias\/wp-json\/wp\/v2\/posts\/101428","targetHints":{"allow":["GET"]}}],"collection":[{"href":"https:\/\/lavozdehellin.com\/noticias\/wp-json\/wp\/v2\/posts"}],"about":[{"href":"https:\/\/lavozdehellin.com\/noticias\/wp-json\/wp\/v2\/types\/post"}],"author":[{"embeddable":true,"href":"https:\/\/lavozdehellin.com\/noticias\/wp-json\/wp\/v2\/users\/2"}],"replies":[{"embeddable":true,"href":"https:\/\/lavozdehellin.com\/noticias\/wp-json\/wp\/v2\/comments?post=101428"}],"version-history":[{"count":0,"href":"https:\/\/lavozdehellin.com\/noticias\/wp-json\/wp\/v2\/posts\/101428\/revisions"}],"wp:featuredmedia":[{"embeddable":true,"href":"https:\/\/lavozdehellin.com\/noticias\/wp-json\/wp\/v2\/media\/90583"}],"wp:attachment":[{"href":"https:\/\/lavozdehellin.com\/noticias\/wp-json\/wp\/v2\/media?parent=101428"}],"wp:term":[{"taxonomy":"category","embeddable":true,"href":"https:\/\/lavozdehellin.com\/noticias\/wp-json\/wp\/v2\/categories?post=101428"},{"taxonomy":"post_tag","embeddable":true,"href":"https:\/\/lavozdehellin.com\/noticias\/wp-json\/wp\/v2\/tags?post=101428"}],"curies":[{"name":"wp","href":"https:\/\/api.w.org\/{rel}","templated":true}]}}