{"id":101430,"date":"2019-07-19T16:26:02","date_gmt":"2019-07-19T16:26:02","guid":{"rendered":"https:\/\/lavozdehellin.com\/noticias\/v00-009-la-consejeria-de-educacion-cultura-y-deportes-adjudica-al-instituto-izpisua-belmonte-hellin-fondos-para-el-desarrollo-de-proyectos-de-innovacion-educativa-y-tecnologica\/"},"modified":"2024-01-04T14:05:16","modified_gmt":"2024-01-04T14:05:16","slug":"v00-009-la-consejeria-de-educacion-cultura-y-deportes-adjudica-al-instituto-izpisua-belmonte-hellin-fondos-para-el-desarrollo-de-proyectos-de-innovacion-educativa-y-tecnologica","status":"publish","type":"post","link":"https:\/\/lavozdehellin.com\/noticias\/v00-009-la-consejeria-de-educacion-cultura-y-deportes-adjudica-al-instituto-izpisua-belmonte-hellin-fondos-para-el-desarrollo-de-proyectos-de-innovacion-educativa-y-tecnologica\/","title":{"rendered":"LVH NOTICIAS | LA CONSEJER\u00cdA DE EDUCACI\u00d3N, CULTURA Y DEPORTES ADJUDICA AL INSTITUTO IZPIS\u00daA BELMONTE HELL\u00cdN FONDOS PARA EL DESARROLLO DE PROYECTOS DE INNOVACI\u00d3N EDUCATIVA Y TECNOL\u00d3GICA."},"content":{"rendered":"<p style=\"text-align: justify;\">El Instituto Izpis\u00faa Belmonte Hell\u00edn es uno de los 21 centro de Castilla La Mancha a los que la Consejer\u00eda de Educaci\u00f3n, Cultura y Deportes ha adjudicado fondos para el desarrollo de Proyectos de Innovaci\u00f3n Educativa y Tecnol\u00f3gica en Formaci\u00f3n Profesional durante el curso 2018\/2019.<\/p>\n<p><!--more--><br \/>\n<!--publicidad-voz01--><a href=\"https:\/\/www.facebook.com\/SoloRadioHellin\/?locale=es_ES\"><img decoding=\"async\" class=\"alignnone size-medium\" src=\"https:\/\/blogger.googleusercontent.com\/img\/b\/R29vZ2xl\/AVvXsEiNncirNnyGedv00mhjZjh5Wl4_YPdJGanoAl8tL8zH-HwqE8uHqjEfSt340RHdx-9tuCSIkZ8rFamZiGyYlgDGxCsmXjCH_1xk5eYM3ntFZRvJP_jndOKR7w1UAo9Tu0vrZyOLfqRpHIxYI5SymJJ-pfGCQw6QVpggBH-UgfjiFQ2JOxqxG0Jx94kW83c\/s1600\/logo-principal.jpg\" width=\"100%\" height=\"100\" \/><\/a><!--bestpublic-voz01--><!--desk-in-out-voz01--><br \/>\n<!--publicidad-voz02--><a href=\"https:\/\/www.hellincf.com\/\"><img decoding=\"async\" class=\"alignnone size-medium\" src=\"https:\/\/blogger.googleusercontent.com\/img\/b\/R29vZ2xl\/AVvXsEhuZ4-XfBVj3UtdP8-RZugy3WVrg-Zv28c53m4oV47qYCxL1rX_dqWX_YddsGSnpH5SRDqZ7bZeKPIfDVCDncpjVlhy3aQs2vojcJBn7Gdv9hC2_Nzct_pRFrnFE1a7KTCdY1bT_kAgnY3-iadRZrGeJf1fR2P5fu11bokx0pWjaypoy-ctwCjklldpEbA\/s1600\/logo-principal7.jpg\" width=\"100%\" height=\"100\" \/><\/a><!--bestpublic-voz02--><!--desk-in-out-voz02--><\/p>\n<p style=\"text-align: justify;\">El objetivo de la concesi\u00f3n de estos fondos es colaborar con los centros docentes p\u00fablicos de ense\u00f1anzas no universitarias, que imparten ense\u00f1anzas de Formaci\u00f3n Profesional, en el desarrollo de Proyectos de Innovaci\u00f3n Educativa y Tecnol\u00f3gica para fomentar el desarrollo de Proyectos de Innovaci\u00f3n en Formaci\u00f3n Profesional.<\/p>\n<p style=\"text-align: justify;\">Para la adjudicaci\u00f3n de fondos, la Comisi\u00f3n de Valoraci\u00f3n tiene en cuenta entre sus criterios de su originalidad, su identificaci\u00f3n con el sector profesional de las Familias Profesionales de FP implantadas en la regi\u00f3n, y la participaci\u00f3n de profesorado y alumnado en las distintas fases de desarrollo y ejecuci\u00f3n del proyecto, ha informado el Gobierno regional en nota de prensa.<\/p>\n<p style=\"text-align: justify;\">El Proyecto presentado por el Departamento de Administrativo \u00a0del IES Izpis\u00faa Belmonte est\u00e1 comprendido en la modalidad de Innovaci\u00f3n Educativa y se denomina \u00a0\u2018<em>Metodolog\u00edas activas en Administraci\u00f3n y Gesti\u00f3n. Empresas simuladas\u2019<\/em>. Este Proyecto ha sido valorado con 81 puntos.<\/p>\n<p style=\"text-align: justify;\">Con este Proyecto, el Departamento de Administrativo quiere introducir nuevas metodolog\u00edas did\u00e1cticas que mejoren la calidad educativa y los resultados acad\u00e9micos de los alumnos. En un principio, se ha aplicado a m\u00f3dulos de simulaci\u00f3n empresarial, del ciclo formativo de Administraci\u00f3n y Finanzas, Empresa en el Aula de Gesti\u00f3n Administrativa y en el m\u00f3dulo Atenci\u00f3n al Cliente de F.P B\u00e1sica de 2\u00ba; adem\u00e1s, se ha extendido a otros m\u00f3dulos formativos de los segundos cursos de los Ciclos formativos expresados. No obstante, es intenci\u00f3n del Departamento extender el Proyecto a m\u00f3dulos de primeros cursos.<\/p>\n<p style=\"text-align: justify;\">La dotaci\u00f3n econ\u00f3mica del Proyecto asciende a 10.000 euros que se han empleado en la adquisici\u00f3n de cerda de 20 ordenadores port\u00e1tiles, mobiliario tipo colaborativo para una aula en la que se simular\u00e1 el trabajo de oficina y otros elementos como pizarras, armarios, etc\u2026<\/p>\n<p style=\"text-align: justify;\">Se trata pues, de recursos materiales que los profesores del Departamento de Administraci\u00f3n van a utilizar durante este curso y venideros y as\u00ed \u00a0conseguir que el alumnado adquiera capacidades de emprendimiento y adem\u00e1s adquiera habilidades en la comunicaci\u00f3n, cooperaci\u00f3n, creatividad, confianza y en el conocimiento. Queremos que con el empleo de los recursos humanos y materiales, el alumno disfrute en la ense\u00f1anza de este tipo de estudios.<\/p>\n<p><!--publicidad-voz03--><a href=\"https:\/\/www.facebook.com\/profile.php?id=100063593791305&amp;locale=es_ES\"><img decoding=\"async\" class=\"alignnone size-medium\" src=\"https:\/\/blogger.googleusercontent.com\/img\/b\/R29vZ2xl\/AVvXsEi8_n_ll8UOcGxCqzFvb_9Io4ICczlGC990BPtPj2w9Px-u7B3oqWUW5vtjZUqPNJ-nyjiUIorE0ATsib_l5tV8BVN-UJ03RTnU__IHJF_4DgDBtY4LIqXNG-FomrO-7ywes20CBCRM2Hcm7EJSh3UUw1dO-c_uTflUrtgY1i7uBRezj_DpympmEFkfbQY\/s1600\/logo-principal2.jpg\" width=\"100%\" height=\"100\" \/><\/a><!--bestpublic-voz03--><!--desk-in-out-voz03--><br \/>\n<!--publicidad-voz04--><a href=\"https:\/\/www.facebook.com\/profile.php?id=61557370768692&amp;locale=es_ES\"><img decoding=\"async\" class=\"alignnone size-medium\" src=\"https:\/\/blogger.googleusercontent.com\/img\/b\/R29vZ2xl\/AVvXsEgy5RdcfffrnrItnYTcV9bCJjgJwldsQLWssfVfrLbyfXeBNTFKgBf0rMIvhrUaGUhiXzVr9_eQgCbi-j63ZDpfTvLIty9w7s140y-m1yHe7eKmEK7v2NAHUJDVYGdfeiQFeRCqUjdwWmN1MX_AUxxz4IVdJ4WIM0APxit8bjWkXzrnEFGqBvW_1F13H1g\/s1600\/logo-principal5.jpg\" width=\"100%\" height=\"100\" \/><\/a><!--bestpublic-voz04--><!--desk-in-out-voz04--><br \/>\n<!--publicidad-voz05--><a href=\"https:\/\/www.facebook.com\/asociaciontamborileroshellin?locale=es_ES\"><img decoding=\"async\" class=\"alignnone size-medium\" src=\"https:\/\/blogger.googleusercontent.com\/img\/b\/R29vZ2xl\/AVvXsEhHEEpZsKK1VpwiYMrS7aE2ujtqIDZoLd4B5wtbiseSU9s2HdTdQfhF84So2XwEB1fv0BLw95GADm6hUl1bkKtzh-eIgVigXONuu_5RxeIMPhjk8q6uNX4EaEHbooKkbu7pCADWPpVJjhKIH5NQSJpWqedC-YBez4QAQeJYokkLot9bhrIaUAeztsGis6M\/s1600\/logo-principal3.jpg\" width=\"100%\" height=\"100\" \/><\/a><!--bestpublic-voz05--><!--desk-in-out-voz05--><br \/>\n<!--publicidad-voz06--><!--bestpublic-voz06--><!--desk-in-out-voz06--><br \/>\n<!--publicidad-voz07--><!--bestpublic-voz07--><!--desk-in-out-voz07--><br \/>\n<!--publicidad-voz08--><!--bestpublic-voz08--><!--desk-in-out-voz08--><br \/>\n<!--publicidad-voz09--><!--bestpublic-voz09--><!--desk-in-out-voz09--><br \/>\n<!--publicidad-voz10--><!--bestpublic-voz10--><!--desk-in-out-voz10--><br \/>\n<!--publicidad-voz11--><!--bestpublic-voz11--><!--desk-in-out-voz11--><br \/>\n<!--publicidad-voz12--><!--bestpublic-voz12--><!--desk-in-out-voz12--><br \/>\n<!--publicidad-voz13--><!--bestpublic-voz13--><!--desk-in-out-voz13--><br \/>\n<!--publicidad-voz14--><!--bestpublic-voz14--><!--desk-in-out-voz14--><br \/>\n<!--publicidad-voz15--><!--bestpublic-voz15--><!--desk-in-out-voz15--><br \/>\n<!--publicidad-voz16--><!--bestpublic-voz16--><!--desk-in-out-voz16--><\/p>\n","protected":false},"excerpt":{"rendered":"<p>LA CONSEJER\u00cdA DE EDUCACI\u00d3N, CULTURA Y DEPORTES ADJUDICA AL INSTITUTO IZPIS\u00daA BELMONTE HELL\u00cdN FONDOS PARA EL DESARROLLO DE PROYECTOS DE INNOVACI\u00d3N EDUCATIVA Y TECNOL\u00d3GICA.<\/p>\n","protected":false},"author":2,"featured_media":90585,"comment_status":"closed","ping_status":"closed","sticky":false,"template":"","format":"standard","meta":{"footnotes":""},"categories":[719,718,715,716,717],"tags":[],"class_list":["post-101430","post","type-post","status-publish","format-standard","has-post-thumbnail","hentry","category-blog-lv001","category-blogger","category-la-voz-de-hellin","category-la-voz-de-hellin-la-voz-de-hellin","category-noticias"],"_links":{"self":[{"href":"https:\/\/lavozdehellin.com\/noticias\/wp-json\/wp\/v2\/posts\/101430","targetHints":{"allow":["GET"]}}],"collection":[{"href":"https:\/\/lavozdehellin.com\/noticias\/wp-json\/wp\/v2\/posts"}],"about":[{"href":"https:\/\/lavozdehellin.com\/noticias\/wp-json\/wp\/v2\/types\/post"}],"author":[{"embeddable":true,"href":"https:\/\/lavozdehellin.com\/noticias\/wp-json\/wp\/v2\/users\/2"}],"replies":[{"embeddable":true,"href":"https:\/\/lavozdehellin.com\/noticias\/wp-json\/wp\/v2\/comments?post=101430"}],"version-history":[{"count":0,"href":"https:\/\/lavozdehellin.com\/noticias\/wp-json\/wp\/v2\/posts\/101430\/revisions"}],"wp:featuredmedia":[{"embeddable":true,"href":"https:\/\/lavozdehellin.com\/noticias\/wp-json\/wp\/v2\/media\/90585"}],"wp:attachment":[{"href":"https:\/\/lavozdehellin.com\/noticias\/wp-json\/wp\/v2\/media?parent=101430"}],"wp:term":[{"taxonomy":"category","embeddable":true,"href":"https:\/\/lavozdehellin.com\/noticias\/wp-json\/wp\/v2\/categories?post=101430"},{"taxonomy":"post_tag","embeddable":true,"href":"https:\/\/lavozdehellin.com\/noticias\/wp-json\/wp\/v2\/tags?post=101430"}],"curies":[{"name":"wp","href":"https:\/\/api.w.org\/{rel}","templated":true}]}}