{"id":101431,"date":"2019-07-18T16:58:17","date_gmt":"2019-07-18T16:58:17","guid":{"rendered":"https:\/\/lavozdehellin.com\/noticias\/v00-010-la-confederacion-hidrografica-del-segura-podria-tener-este-otono-una-oficina-en-hellin\/"},"modified":"2024-01-04T14:05:16","modified_gmt":"2024-01-04T14:05:16","slug":"v00-010-la-confederacion-hidrografica-del-segura-podria-tener-este-otono-una-oficina-en-hellin","status":"publish","type":"post","link":"https:\/\/lavozdehellin.com\/noticias\/v00-010-la-confederacion-hidrografica-del-segura-podria-tener-este-otono-una-oficina-en-hellin\/","title":{"rendered":"LVH NOTICIAS | LA CONFEDERACI\u00d3N HIDROGRAFICA DEL SEGURA PODRIA TENER ESTE OTO\u00d1O UNA OFICINA EN HELL\u00cdN."},"content":{"rendered":"<p style=\"text-align: justify;\">La CHS podria tener este oto\u00f1o una oficina en Hell\u00edn, este ha sido uno de los proyectos tratados en la reuni\u00f3n mantenida por el Alcalde y el presidente de la Confederaci\u00f3n Hidrogr\u00e1fica del Segura.<\/p>\n<p><!--more--><br \/>\n<!--publicidad-voz01--><a href=\"https:\/\/www.facebook.com\/SoloRadioHellin\/?locale=es_ES\"><img decoding=\"async\" class=\"alignnone size-medium\" src=\"https:\/\/blogger.googleusercontent.com\/img\/b\/R29vZ2xl\/AVvXsEiNncirNnyGedv00mhjZjh5Wl4_YPdJGanoAl8tL8zH-HwqE8uHqjEfSt340RHdx-9tuCSIkZ8rFamZiGyYlgDGxCsmXjCH_1xk5eYM3ntFZRvJP_jndOKR7w1UAo9Tu0vrZyOLfqRpHIxYI5SymJJ-pfGCQw6QVpggBH-UgfjiFQ2JOxqxG0Jx94kW83c\/s1600\/logo-principal.jpg\" width=\"100%\" height=\"100\" \/><\/a><!--bestpublic-voz01--><!--desk-in-out-voz01--><br \/>\n<!--publicidad-voz02--><a href=\"https:\/\/www.hellincf.com\/\"><img decoding=\"async\" class=\"alignnone size-medium\" src=\"https:\/\/blogger.googleusercontent.com\/img\/b\/R29vZ2xl\/AVvXsEhuZ4-XfBVj3UtdP8-RZugy3WVrg-Zv28c53m4oV47qYCxL1rX_dqWX_YddsGSnpH5SRDqZ7bZeKPIfDVCDncpjVlhy3aQs2vojcJBn7Gdv9hC2_Nzct_pRFrnFE1a7KTCdY1bT_kAgnY3-iadRZrGeJf1fR2P5fu11bokx0pWjaypoy-ctwCjklldpEbA\/s1600\/logo-principal7.jpg\" width=\"100%\" height=\"100\" \/><\/a><!--bestpublic-voz02--><!--desk-in-out-voz02-->                                                <\/p>\n<p style=\"text-align: justify;\">El Alcalde de Hell\u00edn ha visitado al Presidente de la Confederaci\u00f3n Hidrogr\u00e1fica del Segura en Murcia abordando temas de gran inter\u00e9s para el municipio de Hell\u00edn.<\/p>\n<p style=\"text-align: justify;\">Se han tratado asuntos relativos a solicitudes y proyectos presentados por distintas Comunidades de Regantes entre las que se encuentran la de la Fuente Principal, Cancarix, Agram\u00f3n y la S.A.T. del Ojeado, ofreciendo el Presidente de la CHS el mayor inter\u00e9s posible para acelerar su tramitaci\u00f3n.<\/p>\n<p style=\"text-align: justify;\">Asimismo el Ayuntamiento de Hell\u00edn ha mostrado su\u00a0 optimismo por la informaci\u00f3n recibida sobre proyectos de los colectores de Las Hazas y de la canalizaci\u00f3n de las aguas residuales de Isso a la Depuradora que les indican que pronto ser\u00e1 una realidad la puesta en marcha de los proyectos y obras que resuelvan los problemas que se producen por la insuficiencia de los colectores\u00a0 y necesidad de tener nuevas infraestructuras en esta materia.<\/p>\n<p style=\"text-align: justify;\">La Confederaci\u00f3n ha informado igualmente sobre el estudio de nuevos proyectos de acondicionamiento y limpieza de la ribera del Rio Mundo a su paso por el municipio de Hell\u00edn, as\u00ed como la posibilidad de afrontar en r\u00e9gimen de colaboraci\u00f3n el uso recreativos de los entornos e instalaciones fluviales.<\/p>\n<p style=\"text-align: justify;\">El Alcalde de Hell\u00edn ha mostrado su preocupaci\u00f3n por el proyecto del recrecimiento del Camarillas, siendo informado que en la actualidad no existe ninguna noticia nueva al respecto de este antiguo proyecto, esperando que no sea una realidad por el perjuicio que causar\u00eda a su entorno y a la econom\u00eda de la zona.<\/p>\n<p style=\"text-align: justify;\">La reuni\u00f3n ha culminado con la mejor de las noticias en cuando al inter\u00e9s de que la Confederaci\u00f3n tenga una Oficina en Hell\u00edn, algo que se ha pedido en numerosas ocasiones en la \u00faltima legislatura y que se prevee que en oto\u00f1o sea una realidad ofreciendo el Ayuntamiento la colaboraci\u00f3n necesaria para que cuente con las instalaciones necesarias.<\/p>\n<p><!--publicidad-voz03--><a href=\"https:\/\/www.facebook.com\/profile.php?id=100063593791305&amp;locale=es_ES\"><img decoding=\"async\" class=\"alignnone size-medium\" src=\"https:\/\/blogger.googleusercontent.com\/img\/b\/R29vZ2xl\/AVvXsEi8_n_ll8UOcGxCqzFvb_9Io4ICczlGC990BPtPj2w9Px-u7B3oqWUW5vtjZUqPNJ-nyjiUIorE0ATsib_l5tV8BVN-UJ03RTnU__IHJF_4DgDBtY4LIqXNG-FomrO-7ywes20CBCRM2Hcm7EJSh3UUw1dO-c_uTflUrtgY1i7uBRezj_DpympmEFkfbQY\/s1600\/logo-principal2.jpg\" width=\"100%\" height=\"100\" \/><\/a><!--bestpublic-voz03--><!--desk-in-out-voz03--><br \/>\n<!--publicidad-voz04--><a href=\"https:\/\/www.facebook.com\/profile.php?id=61557370768692&amp;locale=es_ES\"><img decoding=\"async\" class=\"alignnone size-medium\" src=\"https:\/\/blogger.googleusercontent.com\/img\/b\/R29vZ2xl\/AVvXsEgy5RdcfffrnrItnYTcV9bCJjgJwldsQLWssfVfrLbyfXeBNTFKgBf0rMIvhrUaGUhiXzVr9_eQgCbi-j63ZDpfTvLIty9w7s140y-m1yHe7eKmEK7v2NAHUJDVYGdfeiQFeRCqUjdwWmN1MX_AUxxz4IVdJ4WIM0APxit8bjWkXzrnEFGqBvW_1F13H1g\/s1600\/logo-principal5.jpg\" width=\"100%\" height=\"100\" \/><\/a><!--bestpublic-voz04--><!--desk-in-out-voz04--><br \/>\n<!--publicidad-voz05--><a href=\"https:\/\/www.facebook.com\/asociaciontamborileroshellin?locale=es_ES\"><img decoding=\"async\" class=\"alignnone size-medium\" src=\"https:\/\/blogger.googleusercontent.com\/img\/b\/R29vZ2xl\/AVvXsEhHEEpZsKK1VpwiYMrS7aE2ujtqIDZoLd4B5wtbiseSU9s2HdTdQfhF84So2XwEB1fv0BLw95GADm6hUl1bkKtzh-eIgVigXONuu_5RxeIMPhjk8q6uNX4EaEHbooKkbu7pCADWPpVJjhKIH5NQSJpWqedC-YBez4QAQeJYokkLot9bhrIaUAeztsGis6M\/s1600\/logo-principal3.jpg\" width=\"100%\" height=\"100\" \/><\/a><!--bestpublic-voz05--><!--desk-in-out-voz05--><br \/>\n<!--publicidad-voz06--><!--bestpublic-voz06--><!--desk-in-out-voz06--><br \/>\n<!--publicidad-voz07--><!--bestpublic-voz07--><!--desk-in-out-voz07--><br \/>\n<!--publicidad-voz08--><!--bestpublic-voz08--><!--desk-in-out-voz08--><br \/>\n<!--publicidad-voz09--><!--bestpublic-voz09--><!--desk-in-out-voz09--><br \/>\n<!--publicidad-voz10--><!--bestpublic-voz10--><!--desk-in-out-voz10--><br \/>\n<!--publicidad-voz11--><!--bestpublic-voz11--><!--desk-in-out-voz11--><br \/>\n<!--publicidad-voz12--><!--bestpublic-voz12--><!--desk-in-out-voz12--><br \/>\n<!--publicidad-voz13--><!--bestpublic-voz13--><!--desk-in-out-voz13--><br \/>\n<!--publicidad-voz14--><!--bestpublic-voz14--><!--desk-in-out-voz14--><br \/>\n<!--publicidad-voz15--><!--bestpublic-voz15--><!--desk-in-out-voz15--><br \/>\n<!--publicidad-voz16--><!--bestpublic-voz16--><!--desk-in-out-voz16--><\/p>\n","protected":false},"excerpt":{"rendered":"<p>LA CONFEDERACI\u00d3N HIDROGRAFICA DEL SEGURA PODRIA TENER ESTE OTO\u00d1O UNA OFICINA EN HELL\u00cdN.<\/p>\n","protected":false},"author":2,"featured_media":90588,"comment_status":"closed","ping_status":"closed","sticky":false,"template":"","format":"standard","meta":{"footnotes":""},"categories":[719,718,715,716,717],"tags":[],"class_list":["post-101431","post","type-post","status-publish","format-standard","has-post-thumbnail","hentry","category-blog-lv001","category-blogger","category-la-voz-de-hellin","category-la-voz-de-hellin-la-voz-de-hellin","category-noticias"],"_links":{"self":[{"href":"https:\/\/lavozdehellin.com\/noticias\/wp-json\/wp\/v2\/posts\/101431","targetHints":{"allow":["GET"]}}],"collection":[{"href":"https:\/\/lavozdehellin.com\/noticias\/wp-json\/wp\/v2\/posts"}],"about":[{"href":"https:\/\/lavozdehellin.com\/noticias\/wp-json\/wp\/v2\/types\/post"}],"author":[{"embeddable":true,"href":"https:\/\/lavozdehellin.com\/noticias\/wp-json\/wp\/v2\/users\/2"}],"replies":[{"embeddable":true,"href":"https:\/\/lavozdehellin.com\/noticias\/wp-json\/wp\/v2\/comments?post=101431"}],"version-history":[{"count":0,"href":"https:\/\/lavozdehellin.com\/noticias\/wp-json\/wp\/v2\/posts\/101431\/revisions"}],"wp:featuredmedia":[{"embeddable":true,"href":"https:\/\/lavozdehellin.com\/noticias\/wp-json\/wp\/v2\/media\/90588"}],"wp:attachment":[{"href":"https:\/\/lavozdehellin.com\/noticias\/wp-json\/wp\/v2\/media?parent=101431"}],"wp:term":[{"taxonomy":"category","embeddable":true,"href":"https:\/\/lavozdehellin.com\/noticias\/wp-json\/wp\/v2\/categories?post=101431"},{"taxonomy":"post_tag","embeddable":true,"href":"https:\/\/lavozdehellin.com\/noticias\/wp-json\/wp\/v2\/tags?post=101431"}],"curies":[{"name":"wp","href":"https:\/\/api.w.org\/{rel}","templated":true}]}}