{"id":101432,"date":"2019-07-17T16:39:30","date_gmt":"2019-07-17T16:39:30","guid":{"rendered":"https:\/\/lavozdehellin.com\/noticias\/v00-011-las-excavaciones-arqueologicas-en-el-tolmo-de-minateda-se-retomaran-a-partir-de-agosto\/"},"modified":"2024-01-04T14:05:17","modified_gmt":"2024-01-04T14:05:17","slug":"v00-011-las-excavaciones-arqueologicas-en-el-tolmo-de-minateda-se-retomaran-a-partir-de-agosto","status":"publish","type":"post","link":"https:\/\/lavozdehellin.com\/noticias\/v00-011-las-excavaciones-arqueologicas-en-el-tolmo-de-minateda-se-retomaran-a-partir-de-agosto\/","title":{"rendered":"LVH NOTICIAS | LAS EXCAVACIONES ARQUEOL\u00d3GICAS EN EL TOLMO DE MINATEDA SE RETOMAR\u00c1N A PARTIR DE AGOSTO."},"content":{"rendered":"<p style=\"text-align: justify;\">Las excavaciones arqueol\u00f3gicas en el Tolmo de Minateda se retomar\u00e1n a partir de agosto.<\/p>\n<p><!--more--><br \/>\n<!--publicidad-voz01--><a href=\"https:\/\/www.facebook.com\/SoloRadioHellin\/?locale=es_ES\"><img decoding=\"async\" class=\"alignnone size-medium\" src=\"https:\/\/blogger.googleusercontent.com\/img\/b\/R29vZ2xl\/AVvXsEiNncirNnyGedv00mhjZjh5Wl4_YPdJGanoAl8tL8zH-HwqE8uHqjEfSt340RHdx-9tuCSIkZ8rFamZiGyYlgDGxCsmXjCH_1xk5eYM3ntFZRvJP_jndOKR7w1UAo9Tu0vrZyOLfqRpHIxYI5SymJJ-pfGCQw6QVpggBH-UgfjiFQ2JOxqxG0Jx94kW83c\/s1600\/logo-principal.jpg\" width=\"100%\" height=\"100\" \/><\/a><!--bestpublic-voz01--><!--desk-in-out-voz01--><br \/>\n<!--publicidad-voz02--><a href=\"https:\/\/www.hellincf.com\/\"><img decoding=\"async\" class=\"alignnone size-medium\" src=\"https:\/\/blogger.googleusercontent.com\/img\/b\/R29vZ2xl\/AVvXsEhuZ4-XfBVj3UtdP8-RZugy3WVrg-Zv28c53m4oV47qYCxL1rX_dqWX_YddsGSnpH5SRDqZ7bZeKPIfDVCDncpjVlhy3aQs2vojcJBn7Gdv9hC2_Nzct_pRFrnFE1a7KTCdY1bT_kAgnY3-iadRZrGeJf1fR2P5fu11bokx0pWjaypoy-ctwCjklldpEbA\/s1600\/logo-principal7.jpg\" width=\"100%\" height=\"100\" \/><\/a><!--bestpublic-voz02--><!--desk-in-out-voz02--><\/p>\n<p style=\"text-align: justify;\">Dentro de unas semanas se retomar\u00e1n los trabajos de investigaci\u00f3n arqueol\u00f3gica en el Tolmo de Minateda gracias a una subvenci\u00f3n para la realizaci\u00f3n de proyectos de Investigaci\u00f3n del Patrimonio Arqueol\u00f3gico y Paleontol\u00f3gico de Castilla-La Mancha para el a\u00f1o 2019, promovida por la Junta de Comunidades, y otra concedida a trav\u00e9s del Ayuntamiento de Hell\u00edn por el Instituto de Estudios Albacetenses de la Diputaci\u00f3n de Albacete, para las que se solicit\u00f3 ambos proyectos por parte del equipo de investigaci\u00f3n habitual, integrado, entre otros, por miembros de la Universidad de Alicante (UA) y el Museo de Albacete.<\/p>\n<p style=\"text-align: justify;\">Este a\u00f1o el equipo pretende continuar los trabajos arqueol\u00f3gicos en la zona de excavaci\u00f3n denominada Corte 57, iniciados en 2017, con el fin de afrontar los diferentes problemas arqueol\u00f3gicos e hist\u00f3ricos, planteados por la din\u00e1mica investigadora. En este \u00e1rea de actuaci\u00f3n durante los trabajos del pasado a\u00f1o ya se individualiz\u00f3 un complejo arquitect\u00f3nico de \u00e9poca emiral que remonta parcialmente sobre estructuras m\u00e1s antiguas, probablemente de \u00e9poca tardoantigua.<\/p>\n<p style=\"text-align: justify;\">El objetivo principal es la obtenci\u00f3n de nuevas secuencias estratigr\u00e1ficas del entorno urbano contrastable con la obtenida en el complejo episcopal, con vistas a documentar nuevos espacios arquitect\u00f3nicos, contrastar las din\u00e1micas urban\u00edsticas ya reconocidas en otras zonas del yacimiento y sondear posibles espacios donde obtener contextos cronol\u00f3gicos anteriores a la cronolog\u00eda del complejo episcopal.<\/p>\n<p style=\"text-align: justify;\">Del mismo modo, se realizar\u00e1n trabajos de fotogrametr\u00eda de la zona de excavaci\u00f3n de acuerdo con los protocolos de actuaci\u00f3n del sistema de documentaci\u00f3n del proyecto. De esta forma se pretende generar tanto un modelo digital (mdt) como una ortofoto georreferenciada de todo el corte de excavaci\u00f3n.<\/p>\n<p style=\"text-align: justify;\">En colaboraci\u00f3n con el Instituto de Desarrollo Regional de la Universidad de Castilla La Mancha se realizar\u00e1 un vuelo LIDAR con el objetivo de identificar estructuras semienterradas y cubiertas por la vegetaci\u00f3n en el cerro del Tolmo de Minateda, se realizar\u00e1n modelos digitales de elevaciones de precisi\u00f3n (mde) de la superficie del cerro, que podr\u00e1n utilizarse de base de trabajo en futuras actuaciones.<\/p>\n<p style=\"text-align: justify;\">Adem\u00e1s, se prev\u00e9 por una parte completar el an\u00e1lisis y estudio de materiales de campa\u00f1as anteriores para su incorporaci\u00f3n en las bases de datos del proyecto, y por otro la catalogaci\u00f3n de los materiales obtenidos de los trabajos de excavaci\u00f3n de la campa\u00f1a de este a\u00f1o, de modo que todos estos datos se puedan incorporar en las bases de datos del proyecto, as\u00ed como realizar an\u00e1lisis de materiales arqueol\u00f3gicos seleccionados. La selecci\u00f3n se realizar\u00e1 en base a los resultados previamente obtenidos de la revisi\u00f3n de fondos y estudio de contextos llevadas a cabo, y podr\u00e1n ser arqueom\u00e9tricos, an\u00e1lisis bioantropol\u00f3gicos y paleoantropol\u00f3gicos, Carbono 14, y an\u00e1lisis de distribuci\u00f3n y frecuencia de materiales arqueol\u00f3gicos en entorno SIG.<\/p>\n<p style=\"text-align: justify;\">Actividades de puesta en valor, difusi\u00f3n y promoci\u00f3n del yacimiento.<\/p>\n<p style=\"text-align: justify;\">Uno de los objetivos primordiales del proyecto de investigaci\u00f3n Tolmo de Minateda ha sido la transferencia de conocimiento, la divulgaci\u00f3n de los resultados y la promoci\u00f3n del enclave, su entorno y la comarca. Puesto que el Parque Arqueol\u00f3gico \u201cTolmo de Minateda\u201d ya est\u00e1 abierto y en funcionamiento, los trabajos de investigaci\u00f3n deben ser un complemento y un aliciente m\u00e1s para los visitantes del Parque Arqueol\u00f3gico, que adem\u00e1s de realizar el circuito habitual, podr\u00e1n realizar una inmersi\u00f3n directa en el trabajo arqueol\u00f3gico de campo y laboratorio. El objetivo es mantener la difusi\u00f3n y promoci\u00f3n del yacimiento como centro cultural de Hell\u00edn y apoyar el dinamismo econ\u00f3mico que la apertura del Parque Arqueol\u00f3gico del Tolmo ha originado en la zona.<\/p>\n<p style=\"text-align: justify;\">Para ello se est\u00e1 preparando un programa de difusi\u00f3n con el lema \u201cArqueolog\u00eda en directo: el Tolmo abre sus puertas\u201d, en el que el equipo y los estudiantes que participen mostrar\u00e1n a los visitantes los progresos y problemas de la investigaci\u00f3n en curso. Por otro lado, puesto que parte de los trabajos de investigaci\u00f3n y laboratorio se realizar\u00e1n en las instalaciones del Centro de Interpretaci\u00f3n, el laboratorio podr\u00e1 ser visitado durante las horas de apertura del Parque.<\/p>\n<p style=\"text-align: justify;\">En los \u00faltimos d\u00edas de campa\u00f1a se realizar\u00e1 una Jornada de Puertas Abiertas en la que el personal del Parque y los miembros del equipo de investigaci\u00f3n explicar\u00e1n el yacimiento con especial \u00e9nfasis en los resultados de la campa\u00f1a<\/p>\n<p style=\"text-align: justify;\">Durante la campa\u00f1a se realizar\u00e1 una difusi\u00f3n casi diaria de los trabajos efectuados en la web del Parque y en redes sociales.<\/p>\n<p style=\"text-align: justify;\">La Direcci\u00f3n cient\u00edfica correr\u00e1 a cargo de Sonia Guti\u00e9rrez Lloret, Catedr\u00e1tica de Arqueolog\u00eda de la Universidad de Alicante, Lorenzo Abad Casal, Catedr\u00e1tico de Arqueolog\u00eda de la Universidad de Alicante, Blanca Gamo Parras, T\u00e9cnica de Museos de la Junta de Comunidades de Castilla-La Mancha del Museo de Albacete, y Pablo C\u00e1novas Guill\u00e9n, arque\u00f3logo profesional.<\/p>\n<p style=\"text-align: justify;\">El presupuesto de todas las intervenciones asciende a cerca de 30.000 euros, de los que la Junta aporta 20.151 euros, la Diputaci\u00f3n de Albacete a trav\u00e9s del Ayuntamiento de Hell\u00edn 6.999 euros, y la Universidad de Alicante 2.150 euros.<\/p>\n<p><!--publicidad-voz03--><a href=\"https:\/\/www.facebook.com\/profile.php?id=100063593791305&amp;locale=es_ES\"><img decoding=\"async\" class=\"alignnone size-medium\" src=\"https:\/\/blogger.googleusercontent.com\/img\/b\/R29vZ2xl\/AVvXsEi8_n_ll8UOcGxCqzFvb_9Io4ICczlGC990BPtPj2w9Px-u7B3oqWUW5vtjZUqPNJ-nyjiUIorE0ATsib_l5tV8BVN-UJ03RTnU__IHJF_4DgDBtY4LIqXNG-FomrO-7ywes20CBCRM2Hcm7EJSh3UUw1dO-c_uTflUrtgY1i7uBRezj_DpympmEFkfbQY\/s1600\/logo-principal2.jpg\" width=\"100%\" height=\"100\" \/><\/a><!--bestpublic-voz03--><!--desk-in-out-voz03--><br \/>\n<!--publicidad-voz04--><a href=\"https:\/\/www.facebook.com\/profile.php?id=61557370768692&amp;locale=es_ES\"><img decoding=\"async\" class=\"alignnone size-medium\" src=\"https:\/\/blogger.googleusercontent.com\/img\/b\/R29vZ2xl\/AVvXsEgy5RdcfffrnrItnYTcV9bCJjgJwldsQLWssfVfrLbyfXeBNTFKgBf0rMIvhrUaGUhiXzVr9_eQgCbi-j63ZDpfTvLIty9w7s140y-m1yHe7eKmEK7v2NAHUJDVYGdfeiQFeRCqUjdwWmN1MX_AUxxz4IVdJ4WIM0APxit8bjWkXzrnEFGqBvW_1F13H1g\/s1600\/logo-principal5.jpg\" width=\"100%\" height=\"100\" \/><\/a><!--bestpublic-voz04--><!--desk-in-out-voz04--><br \/>\n<!--publicidad-voz05--><a href=\"https:\/\/www.facebook.com\/asociaciontamborileroshellin?locale=es_ES\"><img decoding=\"async\" class=\"alignnone size-medium\" src=\"https:\/\/blogger.googleusercontent.com\/img\/b\/R29vZ2xl\/AVvXsEhHEEpZsKK1VpwiYMrS7aE2ujtqIDZoLd4B5wtbiseSU9s2HdTdQfhF84So2XwEB1fv0BLw95GADm6hUl1bkKtzh-eIgVigXONuu_5RxeIMPhjk8q6uNX4EaEHbooKkbu7pCADWPpVJjhKIH5NQSJpWqedC-YBez4QAQeJYokkLot9bhrIaUAeztsGis6M\/s1600\/logo-principal3.jpg\" width=\"100%\" height=\"100\" \/><\/a><!--bestpublic-voz05--><!--desk-in-out-voz05--><br \/>\n<!--publicidad-voz06--><!--bestpublic-voz06--><!--desk-in-out-voz06--><br \/>\n<!--publicidad-voz07--><!--bestpublic-voz07--><!--desk-in-out-voz07--><br \/>\n<!--publicidad-voz08--><!--bestpublic-voz08--><!--desk-in-out-voz08--><br \/>\n<!--publicidad-voz09--><!--bestpublic-voz09--><!--desk-in-out-voz09--><br \/>\n<!--publicidad-voz10--><!--bestpublic-voz10--><!--desk-in-out-voz10--><br \/>\n<!--publicidad-voz11--><!--bestpublic-voz11--><!--desk-in-out-voz11--><br \/>\n<!--publicidad-voz12--><!--bestpublic-voz12--><!--desk-in-out-voz12--><br \/>\n<!--publicidad-voz13--><!--bestpublic-voz13--><!--desk-in-out-voz13--><br \/>\n<!--publicidad-voz14--><!--bestpublic-voz14--><!--desk-in-out-voz14--><br \/>\n<!--publicidad-voz15--><!--bestpublic-voz15--><!--desk-in-out-voz15--><br \/>\n<!--publicidad-voz16--><!--bestpublic-voz16--><!--desk-in-out-voz16--><\/p>\n","protected":false},"excerpt":{"rendered":"<p>LAS EXCAVACIONES ARQUEOL\u00d3GICAS EN EL TOLMO DE MINATEDA SE RETOMAR\u00c1N A PARTIR DE AGOSTO.<\/p>\n","protected":false},"author":2,"featured_media":90580,"comment_status":"closed","ping_status":"closed","sticky":false,"template":"","format":"standard","meta":{"footnotes":""},"categories":[719,718,715,716,717],"tags":[],"class_list":["post-101432","post","type-post","status-publish","format-standard","has-post-thumbnail","hentry","category-blog-lv001","category-blogger","category-la-voz-de-hellin","category-la-voz-de-hellin-la-voz-de-hellin","category-noticias"],"_links":{"self":[{"href":"https:\/\/lavozdehellin.com\/noticias\/wp-json\/wp\/v2\/posts\/101432","targetHints":{"allow":["GET"]}}],"collection":[{"href":"https:\/\/lavozdehellin.com\/noticias\/wp-json\/wp\/v2\/posts"}],"about":[{"href":"https:\/\/lavozdehellin.com\/noticias\/wp-json\/wp\/v2\/types\/post"}],"author":[{"embeddable":true,"href":"https:\/\/lavozdehellin.com\/noticias\/wp-json\/wp\/v2\/users\/2"}],"replies":[{"embeddable":true,"href":"https:\/\/lavozdehellin.com\/noticias\/wp-json\/wp\/v2\/comments?post=101432"}],"version-history":[{"count":0,"href":"https:\/\/lavozdehellin.com\/noticias\/wp-json\/wp\/v2\/posts\/101432\/revisions"}],"wp:featuredmedia":[{"embeddable":true,"href":"https:\/\/lavozdehellin.com\/noticias\/wp-json\/wp\/v2\/media\/90580"}],"wp:attachment":[{"href":"https:\/\/lavozdehellin.com\/noticias\/wp-json\/wp\/v2\/media?parent=101432"}],"wp:term":[{"taxonomy":"category","embeddable":true,"href":"https:\/\/lavozdehellin.com\/noticias\/wp-json\/wp\/v2\/categories?post=101432"},{"taxonomy":"post_tag","embeddable":true,"href":"https:\/\/lavozdehellin.com\/noticias\/wp-json\/wp\/v2\/tags?post=101432"}],"curies":[{"name":"wp","href":"https:\/\/api.w.org\/{rel}","templated":true}]}}