{"id":101433,"date":"2019-07-16T17:40:01","date_gmt":"2019-07-16T17:40:01","guid":{"rendered":"https:\/\/lavozdehellin.com\/noticias\/v00-012-el-gobierno-de-castilla-la-mancha-financia-siete-proyectos-de-investigacion-de-patrimonio-arqueologico-y-paleontologico-de-la-provincia-entre-ellos-en-el-parque-arqueologico-de-el-tolmo-de-min\/"},"modified":"2024-01-04T14:05:17","modified_gmt":"2024-01-04T14:05:17","slug":"v00-012-el-gobierno-de-castilla-la-mancha-financia-siete-proyectos-de-investigacion-de-patrimonio-arqueologico-y-paleontologico-de-la-provincia-entre-ellos-en-el-parque-arqueologico-de-el-tolmo-de-min","status":"publish","type":"post","link":"https:\/\/lavozdehellin.com\/noticias\/v00-012-el-gobierno-de-castilla-la-mancha-financia-siete-proyectos-de-investigacion-de-patrimonio-arqueologico-y-paleontologico-de-la-provincia-entre-ellos-en-el-parque-arqueologico-de-el-tolmo-de-min\/","title":{"rendered":"LVH NOTICIAS | EL GOBIERNO DE CASTILLA LA MANCHA FINANCIA SIETE PROYECTOS DE INVESTIGACI\u00d3N DE PATRIMONIO ARQUEOL\u00d3GICO Y PALEONTOL\u00d3GICO DE LA PROVINCIA, ENTRE ELLOS EN EL PARQUE ARQUEOL\u00d3GICO DE EL TOLMO DE MINATEDA Y EN LA TORRE MEDIEVAL DE ISSO."},"content":{"rendered":"<p style=\"text-align: justify;\">El Gobierno de Castilla-La Mancha ha destinado 86.300 euros para financiar siete proyectos de investigaci\u00f3n del patrimonio arqueol\u00f3gico y paleontol\u00f3gico de la provincia de Albacete, entre ellos actuaciones en el Parque Arqueol\u00f3gico de el Tolmo de Minateda y la Torre Medieval de Isso.<\/p>\n<p><!--more--><br \/>\n<!--publicidad-voz01--><a href=\"https:\/\/www.facebook.com\/SoloRadioHellin\/?locale=es_ES\"><img decoding=\"async\" class=\"alignnone size-medium\" src=\"https:\/\/blogger.googleusercontent.com\/img\/b\/R29vZ2xl\/AVvXsEiNncirNnyGedv00mhjZjh5Wl4_YPdJGanoAl8tL8zH-HwqE8uHqjEfSt340RHdx-9tuCSIkZ8rFamZiGyYlgDGxCsmXjCH_1xk5eYM3ntFZRvJP_jndOKR7w1UAo9Tu0vrZyOLfqRpHIxYI5SymJJ-pfGCQw6QVpggBH-UgfjiFQ2JOxqxG0Jx94kW83c\/s1600\/logo-principal.jpg\" width=\"100%\" height=\"100\" \/><\/a><!--bestpublic-voz01--><!--desk-in-out-voz01--><br \/>\n<!--publicidad-voz02--><a href=\"https:\/\/www.hellincf.com\/\"><img decoding=\"async\" class=\"alignnone size-medium\" src=\"https:\/\/blogger.googleusercontent.com\/img\/b\/R29vZ2xl\/AVvXsEhuZ4-XfBVj3UtdP8-RZugy3WVrg-Zv28c53m4oV47qYCxL1rX_dqWX_YddsGSnpH5SRDqZ7bZeKPIfDVCDncpjVlhy3aQs2vojcJBn7Gdv9hC2_Nzct_pRFrnFE1a7KTCdY1bT_kAgnY3-iadRZrGeJf1fR2P5fu11bokx0pWjaypoy-ctwCjklldpEbA\/s1600\/logo-principal7.jpg\" width=\"100%\" height=\"100\" \/><\/a><!--bestpublic-voz02--><!--desk-in-out-voz02--><\/p>\n<p style=\"text-align: justify;\">As\u00ed lo ha trasladado el director provincial de Educaci\u00f3n, Cultura y Deporte, Diego P\u00e9rez, tras publicarse la resoluci\u00f3n definitiva de estas ayudas a la investigaci\u00f3n del patrimonio arqueol\u00f3gico y paleontol\u00f3gico, en el Tabl\u00f3n de Anuncios de la Junta.<\/p>\n<p style=\"text-align: justify;\">P\u00e9rez ha informado que entre los proyectos seleccionados para estas subvenciones, se encuentran actuaciones en el Parque Arqueol\u00f3gico de El Tolmo de Minateda, en Hell\u00edn por 20.151 euros; en la Torre medieval de Isso, Hell\u00edn por 13.300 euros; intervenciones arqueol\u00f3gicas en la Pe\u00f1a del Castillo en Pe\u00f1as de San Pedro por 11.000 euros; en los paisajes arqueol\u00f3gicos en el entorno del r\u00edo \u201cDon Juan\u201d en Balazote, por 8.400 euros; en los Almadenes en Hell\u00edn, por 3.300 euros; en el yacimiento arqueol\u00f3gico y futuro Parque Arqueol\u00f3gico de \u201cLibisosa\u201d en Lezuza por casi 14.000 euros; y finalmente para excavaciones en el yacimiento villafranquiense de \u201cEl Rinc\u00f3n\u201d, en la localidad albacete\u00f1a de Motilleja por 16.135 euros.<\/p>\n<p style=\"text-align: justify;\">El director provincial de Educaci\u00f3n, Cultura y Deporte ha recordado que la Orden de ayudas a la Investigaci\u00f3n del Patrimonio Arqueol\u00f3gico y Paleontol\u00f3gico de Castilla-La Mancha, tienen como finalidad \u201cpotenciar el conocimiento de los diferentes periodos hist\u00f3ricos de nuestra regi\u00f3n, que han marcado el desarrollo y la identidad cultural de la misma, potenciando el car\u00e1cter del Patrimonio Arqueol\u00f3gico y Paleontol\u00f3gico como un bien p\u00fablico\u201d.<\/p>\n<p style=\"text-align: justify;\">En este sentido, P\u00e9rez ha destacado la provincia albacete\u00f1a por su riqueza arqueol\u00f3gica, contando con un gran n\u00famero de yacimientos arqueol\u00f3gicos, muchos de los cuales constituyen enclaves emblem\u00e1ticos en el mundo de la arqueolog\u00eda, de gran valor cultural puesto que su excavaci\u00f3n y documentaci\u00f3n ha contribuido a ampliar el conocimiento sobre los distintos periodos culturales que representan, as\u00ed como por la importancia de los restos descubiertos.<\/p>\n<p style=\"text-align: justify;\">Finalmente, P\u00e9rez ha resaltado que los bienes pertenecientes al Patrimonio Hist\u00f3rico son \u201celementos din\u00e1micos que deben integrarse en el presente de nuestra sociedad, con un claro sentido de servicio p\u00fablico, promoviendo el conocimiento de los ciudadanos sobre sus ra\u00edces y su historia y contribuyendo el desarrollo econ\u00f3mico de los diferentes municipios en los que se localizan los distintos proyectos\u201d, una finalidad que se pretende con esta l\u00ednea de ayudas.<\/p>\n<p><!--publicidad-voz03--><a href=\"https:\/\/www.facebook.com\/profile.php?id=100063593791305&amp;locale=es_ES\"><img decoding=\"async\" class=\"alignnone size-medium\" src=\"https:\/\/blogger.googleusercontent.com\/img\/b\/R29vZ2xl\/AVvXsEi8_n_ll8UOcGxCqzFvb_9Io4ICczlGC990BPtPj2w9Px-u7B3oqWUW5vtjZUqPNJ-nyjiUIorE0ATsib_l5tV8BVN-UJ03RTnU__IHJF_4DgDBtY4LIqXNG-FomrO-7ywes20CBCRM2Hcm7EJSh3UUw1dO-c_uTflUrtgY1i7uBRezj_DpympmEFkfbQY\/s1600\/logo-principal2.jpg\" width=\"100%\" height=\"100\" \/><\/a><!--bestpublic-voz03--><!--desk-in-out-voz03--><br \/>\n<!--publicidad-voz04--><a href=\"https:\/\/www.facebook.com\/profile.php?id=61557370768692&amp;locale=es_ES\"><img decoding=\"async\" class=\"alignnone size-medium\" src=\"https:\/\/blogger.googleusercontent.com\/img\/b\/R29vZ2xl\/AVvXsEgy5RdcfffrnrItnYTcV9bCJjgJwldsQLWssfVfrLbyfXeBNTFKgBf0rMIvhrUaGUhiXzVr9_eQgCbi-j63ZDpfTvLIty9w7s140y-m1yHe7eKmEK7v2NAHUJDVYGdfeiQFeRCqUjdwWmN1MX_AUxxz4IVdJ4WIM0APxit8bjWkXzrnEFGqBvW_1F13H1g\/s1600\/logo-principal5.jpg\" width=\"100%\" height=\"100\" \/><\/a><!--bestpublic-voz04--><!--desk-in-out-voz04--><br \/>\n<!--publicidad-voz05--><a href=\"https:\/\/www.facebook.com\/asociaciontamborileroshellin?locale=es_ES\"><img decoding=\"async\" class=\"alignnone size-medium\" src=\"https:\/\/blogger.googleusercontent.com\/img\/b\/R29vZ2xl\/AVvXsEhHEEpZsKK1VpwiYMrS7aE2ujtqIDZoLd4B5wtbiseSU9s2HdTdQfhF84So2XwEB1fv0BLw95GADm6hUl1bkKtzh-eIgVigXONuu_5RxeIMPhjk8q6uNX4EaEHbooKkbu7pCADWPpVJjhKIH5NQSJpWqedC-YBez4QAQeJYokkLot9bhrIaUAeztsGis6M\/s1600\/logo-principal3.jpg\" width=\"100%\" height=\"100\" \/><\/a><!--bestpublic-voz05--><!--desk-in-out-voz05--><br \/>\n<!--publicidad-voz06--><!--bestpublic-voz06--><!--desk-in-out-voz06--><br \/>\n<!--publicidad-voz07--><!--bestpublic-voz07--><!--desk-in-out-voz07--><br \/>\n<!--publicidad-voz08--><!--bestpublic-voz08--><!--desk-in-out-voz08--><br \/>\n<!--publicidad-voz09--><!--bestpublic-voz09--><!--desk-in-out-voz09--><br \/>\n<!--publicidad-voz10--><!--bestpublic-voz10--><!--desk-in-out-voz10--><br \/>\n<!--publicidad-voz11--><!--bestpublic-voz11--><!--desk-in-out-voz11--><br \/>\n<!--publicidad-voz12--><!--bestpublic-voz12--><!--desk-in-out-voz12--><br \/>\n<!--publicidad-voz13--><!--bestpublic-voz13--><!--desk-in-out-voz13--><br \/>\n<!--publicidad-voz14--><!--bestpublic-voz14--><!--desk-in-out-voz14--><br \/>\n<!--publicidad-voz15--><!--bestpublic-voz15--><!--desk-in-out-voz15--><br \/>\n<!--publicidad-voz16--><!--bestpublic-voz16--><!--desk-in-out-voz16--><\/p>\n","protected":false},"excerpt":{"rendered":"<p>EL GOBIERNO DE CASTILLA LA MANCHA FINANCIA SIETE PROYECTOS DE INVESTIGACI\u00d3N DE PATRIMONIO ARQUEOL\u00d3GICO Y PALEONTOL\u00d3GICO DE LA PROVINCIA, ENTRE ELLOS EN EL PARQUE ARQUEOL\u00d3GICO DE EL TOLMO DE MINATEDA Y EN LA TORRE MEDIEVAL DE ISSO.<\/p>\n","protected":false},"author":2,"featured_media":90581,"comment_status":"closed","ping_status":"closed","sticky":false,"template":"","format":"standard","meta":{"footnotes":""},"categories":[719,718,715,716,717],"tags":[],"class_list":["post-101433","post","type-post","status-publish","format-standard","has-post-thumbnail","hentry","category-blog-lv001","category-blogger","category-la-voz-de-hellin","category-la-voz-de-hellin-la-voz-de-hellin","category-noticias"],"_links":{"self":[{"href":"https:\/\/lavozdehellin.com\/noticias\/wp-json\/wp\/v2\/posts\/101433","targetHints":{"allow":["GET"]}}],"collection":[{"href":"https:\/\/lavozdehellin.com\/noticias\/wp-json\/wp\/v2\/posts"}],"about":[{"href":"https:\/\/lavozdehellin.com\/noticias\/wp-json\/wp\/v2\/types\/post"}],"author":[{"embeddable":true,"href":"https:\/\/lavozdehellin.com\/noticias\/wp-json\/wp\/v2\/users\/2"}],"replies":[{"embeddable":true,"href":"https:\/\/lavozdehellin.com\/noticias\/wp-json\/wp\/v2\/comments?post=101433"}],"version-history":[{"count":0,"href":"https:\/\/lavozdehellin.com\/noticias\/wp-json\/wp\/v2\/posts\/101433\/revisions"}],"wp:featuredmedia":[{"embeddable":true,"href":"https:\/\/lavozdehellin.com\/noticias\/wp-json\/wp\/v2\/media\/90581"}],"wp:attachment":[{"href":"https:\/\/lavozdehellin.com\/noticias\/wp-json\/wp\/v2\/media?parent=101433"}],"wp:term":[{"taxonomy":"category","embeddable":true,"href":"https:\/\/lavozdehellin.com\/noticias\/wp-json\/wp\/v2\/categories?post=101433"},{"taxonomy":"post_tag","embeddable":true,"href":"https:\/\/lavozdehellin.com\/noticias\/wp-json\/wp\/v2\/tags?post=101433"}],"curies":[{"name":"wp","href":"https:\/\/api.w.org\/{rel}","templated":true}]}}