{"id":101435,"date":"2019-07-15T16:22:19","date_gmt":"2019-07-15T16:22:19","guid":{"rendered":"https:\/\/lavozdehellin.com\/noticias\/v00-014-hellin-se-adhiere-al-proyecto-europeo-alter-eco-de-promocion-de-turismo-sostenible\/"},"modified":"2024-01-04T14:05:17","modified_gmt":"2024-01-04T14:05:17","slug":"v00-014-hellin-se-adhiere-al-proyecto-europeo-alter-eco-de-promocion-de-turismo-sostenible","status":"publish","type":"post","link":"https:\/\/lavozdehellin.com\/noticias\/v00-014-hellin-se-adhiere-al-proyecto-europeo-alter-eco-de-promocion-de-turismo-sostenible\/","title":{"rendered":"LVH NOTICIAS | HELL\u00cdN SE ADHIERE AL PROYECTO EUROPEO ALTER ECO DE PROMOCI\u00d3N DE TURISMO SOSTENIBLE."},"content":{"rendered":"<p style=\"text-align: justify;\">Hell\u00edn se adhiere al proyecto europeo <em>Alter Eco<\/em> de promoci\u00f3n de turismo sostenible. <em>La firma de la declaraci\u00f3n permitir\u00e1 a nuestra ciudad optar a fondos europeos como regi\u00f3n lim\u00edtrofe con las mediterr\u00e1neas.<\/em><\/p>\n<p><!--more--><br \/>\n<!--publicidad-voz01--><a href=\"https:\/\/www.facebook.com\/SoloRadioHellin\/?locale=es_ES\"><img decoding=\"async\" class=\"alignnone size-medium\" src=\"https:\/\/blogger.googleusercontent.com\/img\/b\/R29vZ2xl\/AVvXsEiNncirNnyGedv00mhjZjh5Wl4_YPdJGanoAl8tL8zH-HwqE8uHqjEfSt340RHdx-9tuCSIkZ8rFamZiGyYlgDGxCsmXjCH_1xk5eYM3ntFZRvJP_jndOKR7w1UAo9Tu0vrZyOLfqRpHIxYI5SymJJ-pfGCQw6QVpggBH-UgfjiFQ2JOxqxG0Jx94kW83c\/s1600\/logo-principal.jpg\" width=\"100%\" height=\"100\" \/><\/a><!--bestpublic-voz01--><!--desk-in-out-voz01--><br \/>\n<!--publicidad-voz02--><a href=\"https:\/\/www.hellincf.com\/\"><img decoding=\"async\" class=\"alignnone size-medium\" src=\"https:\/\/blogger.googleusercontent.com\/img\/b\/R29vZ2xl\/AVvXsEhuZ4-XfBVj3UtdP8-RZugy3WVrg-Zv28c53m4oV47qYCxL1rX_dqWX_YddsGSnpH5SRDqZ7bZeKPIfDVCDncpjVlhy3aQs2vojcJBn7Gdv9hC2_Nzct_pRFrnFE1a7KTCdY1bT_kAgnY3-iadRZrGeJf1fR2P5fu11bokx0pWjaypoy-ctwCjklldpEbA\/s1600\/logo-principal7.jpg\" width=\"100%\" height=\"100\" \/><\/a><!--bestpublic-voz02--><!--desk-in-out-voz02--><\/p>\n<p style=\"text-align: justify;\">El Ayuntamiento de Hell\u00edn se ha adherido al proyecto <em>Alter Eco<\/em>, que tiene como objetivo aumentar a nivel europeo las estrategias de promoci\u00f3n de turismo preservando las identidades locales y regionales. Mar\u00eda Jes\u00fas L\u00f3pez, concejala de Turismo del Ayuntamiento de Hell\u00edn, junto a alcaldes, presidentes, representantes de ciudades y regiones e instituciones de varios pa\u00edses mediterr\u00e1neos, firmaron este manifiesto el pasado viernes en Valencia, en el marco del Congreso Internacional \u201cAyudando a los destinos a mejorar la sostenibilidad del Turismo\u201d organizado por el Instituto Valenciano de Edificaci\u00f3n.<\/p>\n<p style=\"text-align: justify;\">El congreso reuni\u00f3 a representantes de Ayuntamientos y regiones como G\u00e9nova, Dubrovnik, Valencia, Barcelona, Rodas, Venecia o M\u00e1laga, que explicaron como est\u00e1n trabajando juntos para un crecimiento sostenible en la regi\u00f3n con la aplicaci\u00f3n de este programa, que apoya proyectos que desarrollan conceptos y pr\u00e1cticas innovadoras y promueven un uso razonable de los recursos en la Uni\u00f3n Europea.<\/p>\n<p style=\"text-align: justify;\">La adhesi\u00f3n del Ayuntamiento de Hell\u00edn al proyecto pone en valor el origen y la cultura mediterr\u00e1nea como hogar de algunas de las civilizaciones m\u00e1s antiguas del mundo, centro de comercio y transporte y punto de acceso \u00fanico para la biodiversidad, y que se enfrenta actualmente a una multitud de desaf\u00edos comunes como el cambio clim\u00e1tico, la contaminaci\u00f3n, el desempleo juvenil y la desigualdad social.<\/p>\n<p style=\"text-align: justify;\">A trav\u00e9s de la concejala\u00a0 de Turismo se explic\u00f3 a los asistentes que Hell\u00edn puede ser un destino tur\u00edstico por s\u00ed solo o de complemento para las grandes urbes tur\u00edsticas mediterr\u00e1neas de la Comunidad Valencia y regi\u00f3n de Murcia, que se encuentran saturadas y que necesitan diversificar y desviar el gran flujo tur\u00edstico que reciben anualmente. Nuestra ciudad ofrecer\u00e1 rutas alternativas para turistas y excursionistas y convertirse en una herramienta para desestacionalizar y diversificar la oferta del turismo de costa, adem\u00e1s de crear una colaboraci\u00f3n fluida con estas regiones.<\/p>\n<p style=\"text-align: justify;\">Hell\u00edn tiene la posibilidad de acceder a este proyecto y fondos europeos como localidad de Castilla-La Mancha, considerado territorio colindante al arco mediterr\u00e1neo. Podr\u00e1 adherirse a este programa europeo a partir de 2020, cuando se abra el programa de cooperaci\u00f3n ENI CBCMED.<\/p>\n<p style=\"text-align: justify;\">El \u00e1rea del programa comprende 14 pa\u00edses, que incluye 112 territorios y cerca de 200 millones de personas que viven en este \u00e1rea de cooperaci\u00f3n. La contribuci\u00f3n global del Programa a la UE para el per\u00edodo 2014-2020 fue de 209 millones de euros, de los cuales 188 fueron para la financiaci\u00f3n de proyectos. Casi 20 millones de euros se dedicaron a asistencia t\u00e9cnica para garantizar la implementaci\u00f3n eficiente de los programas presentados.<\/p>\n<p><!--publicidad-voz03--><a href=\"https:\/\/www.facebook.com\/profile.php?id=100063593791305&amp;locale=es_ES\"><img decoding=\"async\" class=\"alignnone size-medium\" src=\"https:\/\/blogger.googleusercontent.com\/img\/b\/R29vZ2xl\/AVvXsEi8_n_ll8UOcGxCqzFvb_9Io4ICczlGC990BPtPj2w9Px-u7B3oqWUW5vtjZUqPNJ-nyjiUIorE0ATsib_l5tV8BVN-UJ03RTnU__IHJF_4DgDBtY4LIqXNG-FomrO-7ywes20CBCRM2Hcm7EJSh3UUw1dO-c_uTflUrtgY1i7uBRezj_DpympmEFkfbQY\/s1600\/logo-principal2.jpg\" width=\"100%\" height=\"100\" \/><\/a><!--bestpublic-voz03--><!--desk-in-out-voz03--><br \/>\n<!--publicidad-voz04--><a href=\"https:\/\/www.facebook.com\/profile.php?id=61557370768692&amp;locale=es_ES\"><img decoding=\"async\" class=\"alignnone size-medium\" src=\"https:\/\/blogger.googleusercontent.com\/img\/b\/R29vZ2xl\/AVvXsEgy5RdcfffrnrItnYTcV9bCJjgJwldsQLWssfVfrLbyfXeBNTFKgBf0rMIvhrUaGUhiXzVr9_eQgCbi-j63ZDpfTvLIty9w7s140y-m1yHe7eKmEK7v2NAHUJDVYGdfeiQFeRCqUjdwWmN1MX_AUxxz4IVdJ4WIM0APxit8bjWkXzrnEFGqBvW_1F13H1g\/s1600\/logo-principal5.jpg\" width=\"100%\" height=\"100\" \/><\/a><!--bestpublic-voz04--><!--desk-in-out-voz04--><br \/>\n<!--publicidad-voz05--><a href=\"https:\/\/www.facebook.com\/asociaciontamborileroshellin?locale=es_ES\"><img decoding=\"async\" class=\"alignnone size-medium\" src=\"https:\/\/blogger.googleusercontent.com\/img\/b\/R29vZ2xl\/AVvXsEhHEEpZsKK1VpwiYMrS7aE2ujtqIDZoLd4B5wtbiseSU9s2HdTdQfhF84So2XwEB1fv0BLw95GADm6hUl1bkKtzh-eIgVigXONuu_5RxeIMPhjk8q6uNX4EaEHbooKkbu7pCADWPpVJjhKIH5NQSJpWqedC-YBez4QAQeJYokkLot9bhrIaUAeztsGis6M\/s1600\/logo-principal3.jpg\" width=\"100%\" height=\"100\" \/><\/a><!--bestpublic-voz05--><!--desk-in-out-voz05--><br \/>\n<!--publicidad-voz06--><!--bestpublic-voz06--><!--desk-in-out-voz06--><br \/>\n<!--publicidad-voz07--><!--bestpublic-voz07--><!--desk-in-out-voz07--><br \/>\n<!--publicidad-voz08--><!--bestpublic-voz08--><!--desk-in-out-voz08--><br \/>\n<!--publicidad-voz09--><!--bestpublic-voz09--><!--desk-in-out-voz09--><br \/>\n<!--publicidad-voz10--><!--bestpublic-voz10--><!--desk-in-out-voz10--><br \/>\n<!--publicidad-voz11--><!--bestpublic-voz11--><!--desk-in-out-voz11--><br \/>\n<!--publicidad-voz12--><!--bestpublic-voz12--><!--desk-in-out-voz12--><br \/>\n<!--publicidad-voz13--><!--bestpublic-voz13--><!--desk-in-out-voz13--><br \/>\n<!--publicidad-voz14--><!--bestpublic-voz14--><!--desk-in-out-voz14--><br \/>\n<!--publicidad-voz15--><!--bestpublic-voz15--><!--desk-in-out-voz15--><br \/>\n<!--publicidad-voz16--><!--bestpublic-voz16--><!--desk-in-out-voz16--><\/p>\n","protected":false},"excerpt":{"rendered":"<p>HELL\u00cdN SE ADHIERE AL PROYECTO EUROPEO ALTER ECO DE PROMOCI\u00d3N DE TURISMO SOSTENIBLE.<\/p>\n","protected":false},"author":2,"featured_media":90583,"comment_status":"closed","ping_status":"closed","sticky":false,"template":"","format":"standard","meta":{"footnotes":""},"categories":[719,718,715,716,717],"tags":[],"class_list":["post-101435","post","type-post","status-publish","format-standard","has-post-thumbnail","hentry","category-blog-lv001","category-blogger","category-la-voz-de-hellin","category-la-voz-de-hellin-la-voz-de-hellin","category-noticias"],"_links":{"self":[{"href":"https:\/\/lavozdehellin.com\/noticias\/wp-json\/wp\/v2\/posts\/101435","targetHints":{"allow":["GET"]}}],"collection":[{"href":"https:\/\/lavozdehellin.com\/noticias\/wp-json\/wp\/v2\/posts"}],"about":[{"href":"https:\/\/lavozdehellin.com\/noticias\/wp-json\/wp\/v2\/types\/post"}],"author":[{"embeddable":true,"href":"https:\/\/lavozdehellin.com\/noticias\/wp-json\/wp\/v2\/users\/2"}],"replies":[{"embeddable":true,"href":"https:\/\/lavozdehellin.com\/noticias\/wp-json\/wp\/v2\/comments?post=101435"}],"version-history":[{"count":0,"href":"https:\/\/lavozdehellin.com\/noticias\/wp-json\/wp\/v2\/posts\/101435\/revisions"}],"wp:featuredmedia":[{"embeddable":true,"href":"https:\/\/lavozdehellin.com\/noticias\/wp-json\/wp\/v2\/media\/90583"}],"wp:attachment":[{"href":"https:\/\/lavozdehellin.com\/noticias\/wp-json\/wp\/v2\/media?parent=101435"}],"wp:term":[{"taxonomy":"category","embeddable":true,"href":"https:\/\/lavozdehellin.com\/noticias\/wp-json\/wp\/v2\/categories?post=101435"},{"taxonomy":"post_tag","embeddable":true,"href":"https:\/\/lavozdehellin.com\/noticias\/wp-json\/wp\/v2\/tags?post=101435"}],"curies":[{"name":"wp","href":"https:\/\/api.w.org\/{rel}","templated":true}]}}