{"id":101436,"date":"2019-07-15T14:38:23","date_gmt":"2019-07-15T14:38:23","guid":{"rendered":"https:\/\/lavozdehellin.com\/noticias\/v00-015-victorias-de-almudena-jimenez-y-pedro-jesus-rodriguez-en-nerpio\/"},"modified":"2024-01-04T14:05:17","modified_gmt":"2024-01-04T14:05:17","slug":"v00-015-victorias-de-almudena-jimenez-y-pedro-jesus-rodriguez-en-nerpio","status":"publish","type":"post","link":"https:\/\/lavozdehellin.com\/noticias\/v00-015-victorias-de-almudena-jimenez-y-pedro-jesus-rodriguez-en-nerpio\/","title":{"rendered":"LVH NOTICIAS | VICTORIAS DE ALMUDENA JIM\u00c9NEZ Y PEDRO JES\u00daS RODR\u00cdGUEZ EN NERPIO"},"content":{"rendered":"<p style=\"text-align: justify;\">El pasado domingo se celebr\u00f3 en Nerpio la vig\u00e9simo quinta prueba del Circuito Provincial de BTT, organizado por la Diputaci\u00f3n de Albacete. Esta prueba, que siempre ofrece un recorrido espectacular, repleto de sendas, paisajes e importantes dificultades orogr\u00e1ficas, no defraud\u00f3 a nadie y colm\u00f3 las expectativas de los bikers, que disfrutaron a lo largo de los treinta y siete kil\u00f3metros de trazado que ten\u00eda la prueba.<\/p>\n<p><!--more--><br \/>\n<!--publicidad-voz01--><a href=\"https:\/\/www.facebook.com\/SoloRadioHellin\/?locale=es_ES\"><img decoding=\"async\" class=\"alignnone size-medium\" src=\"https:\/\/blogger.googleusercontent.com\/img\/b\/R29vZ2xl\/AVvXsEiNncirNnyGedv00mhjZjh5Wl4_YPdJGanoAl8tL8zH-HwqE8uHqjEfSt340RHdx-9tuCSIkZ8rFamZiGyYlgDGxCsmXjCH_1xk5eYM3ntFZRvJP_jndOKR7w1UAo9Tu0vrZyOLfqRpHIxYI5SymJJ-pfGCQw6QVpggBH-UgfjiFQ2JOxqxG0Jx94kW83c\/s1600\/logo-principal.jpg\" width=\"100%\" height=\"100\" \/><\/a><!--bestpublic-voz01--><!--desk-in-out-voz01--><br \/>\n<!--publicidad-voz02--><a href=\"https:\/\/www.hellincf.com\/\"><img decoding=\"async\" class=\"alignnone size-medium\" src=\"https:\/\/blogger.googleusercontent.com\/img\/b\/R29vZ2xl\/AVvXsEhuZ4-XfBVj3UtdP8-RZugy3WVrg-Zv28c53m4oV47qYCxL1rX_dqWX_YddsGSnpH5SRDqZ7bZeKPIfDVCDncpjVlhy3aQs2vojcJBn7Gdv9hC2_Nzct_pRFrnFE1a7KTCdY1bT_kAgnY3-iadRZrGeJf1fR2P5fu11bokx0pWjaypoy-ctwCjklldpEbA\/s1600\/logo-principal7.jpg\" width=\"100%\" height=\"100\" \/><\/a><!--bestpublic-voz02--><!--desk-in-out-voz02--><\/p>\n<p style=\"text-align: justify;\">A las 9:30 de la ma\u00f1ana en punto, se daba el pistoletazo de salida a la pen\u00faltima prueba, antes del par\u00f3n veraniego, del Circuito Provincial de BTT organizado por la Diputaci\u00f3n de Albacete. Los doscientos ochenta participantes se apresuraban a ocupar un buen lugar en la l\u00ednea de salida para afrontar la prueba. En el inicio se rod\u00f3 en grupo pero, al dejar el asfalto y comenzar los caminos, Pedro Jes\u00fas Rodr\u00edguez (Ingeteam Rumbo BTT) y Juan Moreno (Los Bronces Cycling Team) conseguir\u00edan distanciarse de sus rivales. Con el retorno al asfalto y el primer paso por el pueblo. El grupo de fugados se ver\u00eda aumentado, puesto que \u00c1ngel Gonz\u00e1lez (Ciclos Conde) y Antonio Hern\u00e1ndez dar\u00edan caza a los l\u00edderes de la prueba. Finalmente, Pedro Jes\u00fas conseguir\u00eda cruzar la l\u00ednea de meta en primer lugar con escasos segundos de ventaja sobre \u00c1ngel Gonz\u00e1lez, mientras que Antonio Hern\u00e1ndez ser\u00eda el encargado de ocupar el tercer caj\u00f3n del p\u00f3dium masculino.<\/p>\n<p style=\"text-align: justify;\">En la categor\u00eda femenina, durante la pr\u00e1ctica totalidad del recorrido las posiciones se mantendr\u00edan inm\u00f3viles, resultando vencedora Almudena Jim\u00e9nez (Arte Bicis C.C.), por delante de Alfonsi Villar (Ferroice\u2013Contrallano BTT) y Celia Pina (Ekuon El Conchel\/Diputaci\u00f3n Albacete Sport Team).<\/p>\n<p style=\"text-align: justify;\">En la modalidad de recorrido alternativo, victorias de Vanessa Moreno (Team Premier Hell\u00edn) y Jorge David Mu\u00f1oz (Ponteotra) en categor\u00eda S\u00e9nior, resultando ganadores en categor\u00eda J\u00fanior Milagros Bastida y Jos\u00e9 Ram\u00f3n Ram\u00edrez (Ingeteam Rumbo BTT).<\/p>\n<p style=\"text-align: justify;\">Los resultados dados en esta prueba no han significado ning\u00fan cambio en las posiciones de liderato en la clasificaci\u00f3n general siguiendo, una semana m\u00e1s, Almudena Jim\u00e9nez y Pedro Jes\u00fas Rodr\u00edguez portando los identificativos maillots de l\u00edder.<\/p>\n<p style=\"text-align: justify;\">La semana que viene le tocar\u00e1 el turno a Socovos, que cerrar\u00e1 el calendario hasta finales de Agosto, cuando Villarrobledo, con su prueba catalogada como marat\u00f3n, retome el pulso a los \u00faltimos tres meses de la temporada.<\/p>\n<p><!--publicidad-voz03--><a href=\"https:\/\/www.facebook.com\/profile.php?id=100063593791305&amp;locale=es_ES\"><img decoding=\"async\" class=\"alignnone size-medium\" src=\"https:\/\/blogger.googleusercontent.com\/img\/b\/R29vZ2xl\/AVvXsEi8_n_ll8UOcGxCqzFvb_9Io4ICczlGC990BPtPj2w9Px-u7B3oqWUW5vtjZUqPNJ-nyjiUIorE0ATsib_l5tV8BVN-UJ03RTnU__IHJF_4DgDBtY4LIqXNG-FomrO-7ywes20CBCRM2Hcm7EJSh3UUw1dO-c_uTflUrtgY1i7uBRezj_DpympmEFkfbQY\/s1600\/logo-principal2.jpg\" width=\"100%\" height=\"100\" \/><\/a><!--bestpublic-voz03--><!--desk-in-out-voz03--><br \/>\n<!--publicidad-voz04--><a href=\"https:\/\/www.facebook.com\/profile.php?id=61557370768692&amp;locale=es_ES\"><img decoding=\"async\" class=\"alignnone size-medium\" src=\"https:\/\/blogger.googleusercontent.com\/img\/b\/R29vZ2xl\/AVvXsEgy5RdcfffrnrItnYTcV9bCJjgJwldsQLWssfVfrLbyfXeBNTFKgBf0rMIvhrUaGUhiXzVr9_eQgCbi-j63ZDpfTvLIty9w7s140y-m1yHe7eKmEK7v2NAHUJDVYGdfeiQFeRCqUjdwWmN1MX_AUxxz4IVdJ4WIM0APxit8bjWkXzrnEFGqBvW_1F13H1g\/s1600\/logo-principal5.jpg\" width=\"100%\" height=\"100\" \/><\/a><!--bestpublic-voz04--><!--desk-in-out-voz04--><br \/>\n<!--publicidad-voz05--><a href=\"https:\/\/www.facebook.com\/asociaciontamborileroshellin?locale=es_ES\"><img decoding=\"async\" class=\"alignnone size-medium\" src=\"https:\/\/blogger.googleusercontent.com\/img\/b\/R29vZ2xl\/AVvXsEhHEEpZsKK1VpwiYMrS7aE2ujtqIDZoLd4B5wtbiseSU9s2HdTdQfhF84So2XwEB1fv0BLw95GADm6hUl1bkKtzh-eIgVigXONuu_5RxeIMPhjk8q6uNX4EaEHbooKkbu7pCADWPpVJjhKIH5NQSJpWqedC-YBez4QAQeJYokkLot9bhrIaUAeztsGis6M\/s1600\/logo-principal3.jpg\" width=\"100%\" height=\"100\" \/><\/a><!--bestpublic-voz05--><!--desk-in-out-voz05--><br \/>\n<!--publicidad-voz06--><!--bestpublic-voz06--><!--desk-in-out-voz06--><br \/>\n<!--publicidad-voz07--><!--bestpublic-voz07--><!--desk-in-out-voz07--><br \/>\n<!--publicidad-voz08--><!--bestpublic-voz08--><!--desk-in-out-voz08--><br \/>\n<!--publicidad-voz09--><!--bestpublic-voz09--><!--desk-in-out-voz09--><br \/>\n<!--publicidad-voz10--><!--bestpublic-voz10--><!--desk-in-out-voz10--><br \/>\n<!--publicidad-voz11--><!--bestpublic-voz11--><!--desk-in-out-voz11--><br \/>\n<!--publicidad-voz12--><!--bestpublic-voz12--><!--desk-in-out-voz12--><br \/>\n<!--publicidad-voz13--><!--bestpublic-voz13--><!--desk-in-out-voz13--><br \/>\n<!--publicidad-voz14--><!--bestpublic-voz14--><!--desk-in-out-voz14--><br \/>\n<!--publicidad-voz15--><!--bestpublic-voz15--><!--desk-in-out-voz15--><br \/>\n<!--publicidad-voz16--><!--bestpublic-voz16--><!--desk-in-out-voz16--><\/p>\n","protected":false},"excerpt":{"rendered":"<p>VICTORIAS DE ALMUDENA JIM\u00c9NEZ Y PEDRO JES\u00daS RODR\u00cdGUEZ EN NERPIO<\/p>\n","protected":false},"author":2,"featured_media":90587,"comment_status":"closed","ping_status":"closed","sticky":false,"template":"","format":"standard","meta":{"footnotes":""},"categories":[719,718,715,716,717],"tags":[],"class_list":["post-101436","post","type-post","status-publish","format-standard","has-post-thumbnail","hentry","category-blog-lv001","category-blogger","category-la-voz-de-hellin","category-la-voz-de-hellin-la-voz-de-hellin","category-noticias"],"_links":{"self":[{"href":"https:\/\/lavozdehellin.com\/noticias\/wp-json\/wp\/v2\/posts\/101436","targetHints":{"allow":["GET"]}}],"collection":[{"href":"https:\/\/lavozdehellin.com\/noticias\/wp-json\/wp\/v2\/posts"}],"about":[{"href":"https:\/\/lavozdehellin.com\/noticias\/wp-json\/wp\/v2\/types\/post"}],"author":[{"embeddable":true,"href":"https:\/\/lavozdehellin.com\/noticias\/wp-json\/wp\/v2\/users\/2"}],"replies":[{"embeddable":true,"href":"https:\/\/lavozdehellin.com\/noticias\/wp-json\/wp\/v2\/comments?post=101436"}],"version-history":[{"count":0,"href":"https:\/\/lavozdehellin.com\/noticias\/wp-json\/wp\/v2\/posts\/101436\/revisions"}],"wp:featuredmedia":[{"embeddable":true,"href":"https:\/\/lavozdehellin.com\/noticias\/wp-json\/wp\/v2\/media\/90587"}],"wp:attachment":[{"href":"https:\/\/lavozdehellin.com\/noticias\/wp-json\/wp\/v2\/media?parent=101436"}],"wp:term":[{"taxonomy":"category","embeddable":true,"href":"https:\/\/lavozdehellin.com\/noticias\/wp-json\/wp\/v2\/categories?post=101436"},{"taxonomy":"post_tag","embeddable":true,"href":"https:\/\/lavozdehellin.com\/noticias\/wp-json\/wp\/v2\/tags?post=101436"}],"curies":[{"name":"wp","href":"https:\/\/api.w.org\/{rel}","templated":true}]}}