{"id":101437,"date":"2019-07-12T17:46:28","date_gmt":"2019-07-12T17:46:28","guid":{"rendered":"https:\/\/lavozdehellin.com\/noticias\/v00-016-nerpio-penultima-parada-del-circuito-provincial-btt-antes-del-descanso-estival\/"},"modified":"2024-01-04T14:05:17","modified_gmt":"2024-01-04T14:05:17","slug":"v00-016-nerpio-penultima-parada-del-circuito-provincial-btt-antes-del-descanso-estival","status":"publish","type":"post","link":"https:\/\/lavozdehellin.com\/noticias\/v00-016-nerpio-penultima-parada-del-circuito-provincial-btt-antes-del-descanso-estival\/","title":{"rendered":"LVH NOTICIAS | NERPIO, PEN\u00daLTIMA PARADA DEL CIRCUITO PROVINCIAL BTT ANTES DEL DESCANSO ESTIVAL"},"content":{"rendered":"<p style=\"text-align: justify;\">El pr\u00f3ximo domingo la localidad Albacete\u00f1a de Nerpio, acoge la vig\u00e9simo quinta prueba fijada en el\u00a0 calendario oficial del XIII Circuito BTT Diputaci\u00f3n de Albacete.<\/p>\n<p><!--more--><br \/>\n<!--publicidad-voz01--><a href=\"https:\/\/www.facebook.com\/SoloRadioHellin\/?locale=es_ES\"><img decoding=\"async\" class=\"alignnone size-medium\" src=\"https:\/\/blogger.googleusercontent.com\/img\/b\/R29vZ2xl\/AVvXsEiNncirNnyGedv00mhjZjh5Wl4_YPdJGanoAl8tL8zH-HwqE8uHqjEfSt340RHdx-9tuCSIkZ8rFamZiGyYlgDGxCsmXjCH_1xk5eYM3ntFZRvJP_jndOKR7w1UAo9Tu0vrZyOLfqRpHIxYI5SymJJ-pfGCQw6QVpggBH-UgfjiFQ2JOxqxG0Jx94kW83c\/s1600\/logo-principal.jpg\" width=\"100%\" height=\"100\" \/><\/a><!--bestpublic-voz01--><!--desk-in-out-voz01--><br \/>\n<!--publicidad-voz02--><a href=\"https:\/\/www.hellincf.com\/\"><img decoding=\"async\" class=\"alignnone size-medium\" src=\"https:\/\/blogger.googleusercontent.com\/img\/b\/R29vZ2xl\/AVvXsEhuZ4-XfBVj3UtdP8-RZugy3WVrg-Zv28c53m4oV47qYCxL1rX_dqWX_YddsGSnpH5SRDqZ7bZeKPIfDVCDncpjVlhy3aQs2vojcJBn7Gdv9hC2_Nzct_pRFrnFE1a7KTCdY1bT_kAgnY3-iadRZrGeJf1fR2P5fu11bokx0pWjaypoy-ctwCjklldpEbA\/s1600\/logo-principal7.jpg\" width=\"100%\" height=\"100\" \/><\/a><!--bestpublic-voz02--><!--desk-in-out-voz02--><\/p>\n<p style=\"text-align: justify;\">Esta localidad situada en el sureste de la provincia es un lugar privilegiado por su naturaleza e historia milenaria, y cuenta con un importante patrimonio cultural. Un lugar ideal para que todos los amantes de este deporte puedan disfrutar este pr\u00f3ximo domingo.<\/p>\n<p style=\"text-align: justify;\">La prueba, con un trazado de 36 kil\u00f3metros, dar\u00e1 comienzo a las 9:30 desde la carretera de Caravaca y una hora y media antes se podr\u00e1n retirar los dorsales en la Casa de la Cultura de la localidad. En cuanto a los n\u00fameros de participaci\u00f3n, doscientos ochenta, muchos de ellos llegados de fuera de nuestra provincia, ser\u00e1n los ciclistas que tomar\u00e1n la salida de est\u00e1 m\u00e1s que atractiva prueba BTT. Algo que resalta la gran aceptaci\u00f3n que, a\u00f1o tras a\u00f1o, tiene esta prueba.<\/p>\n<p style=\"text-align: justify;\">La organizaci\u00f3n ha mantenido la estructura b\u00e1sica de otras ediciones, con una prueba que se caracteriza, obviamente, por su perfil escalador ya que est\u00e1 protagonizado por largas y exigentes subidas y descensos que har\u00e1 acumular un desnivel de 1.100 metros una vez completada la totalidad del recorrido. Estas caracter\u00edsticas orogr\u00e1ficas situar\u00e1n a cada corredor en su lugar y conseguir\u00e1 estirar el pelot\u00f3n, seleccionando al grupo de favoritos que lucharan por las primeras plazas del podio. En lo que respecta al recorrido alternativo, se desarrolla sobre un trazado de casi 17 kil\u00f3metros y no por ser m\u00e1s corto carece de dificultad t\u00e9cnica y f\u00edsica. Compartiendo algunas partes del mismo con el recorrido largo.<\/p>\n<p style=\"text-align: justify;\">Nerpio contar\u00e1 con la presencia de ambos l\u00edderes del circuito: Almudena Jim\u00e9nez (Arte Bicis C.C.) y Pedro Jes\u00fas Rodr\u00edguez (Ingeteam Rumbo BTT). Adem\u00e1s, otros corredores de gran nivel tomar\u00e1n la salida para elevar la exigencia de esta prueba a la hora de alzarse con la victoria; destacan los nombres de Alfonsi Villar (Ferroice\u2013Contrallano BTT), Alberto L\u00f3pez (Bicis El Hellinero\u2013Acecho), Celia Pina (Ekuon El Conchel\/Diputaci\u00f3n Albacete Sport Team), Juan Moreno (Los Bronces Cycling Team), Alejandra Tarruella, Francisco Jos\u00e9 Parra (Ingeteam Rumbo BTT), Carmen Mar\u00eda Mendoza (Sportecnic Equipamiento Deportivo), etc.<\/p>\n<p style=\"text-align: justify;\">Una vez finalizada la prueba se llevar\u00e1 a cabo la habitual entrega de trofeos, que recibir\u00e1n los primeros clasificados, tanto masculinos como femeninos, de cada una de las categor\u00edas y los definidos como corredores locales, los ganadores del recorrido alternativo, adem\u00e1s del club m\u00e1s numeroso.<\/p>\n<p style=\"text-align: justify;\">Y por \u00faltimo, todos los participantes\u00a0 podr\u00e1n disfrutar de un aperitivo que pondr\u00e1 el broche final a otra prueba m\u00e1s del XIII Circuito Provincial BTT Diputaci\u00f3n de Albacete.<\/p>\n<p><!--publicidad-voz03--><a href=\"https:\/\/www.facebook.com\/profile.php?id=100063593791305&amp;locale=es_ES\"><img decoding=\"async\" class=\"alignnone size-medium\" src=\"https:\/\/blogger.googleusercontent.com\/img\/b\/R29vZ2xl\/AVvXsEi8_n_ll8UOcGxCqzFvb_9Io4ICczlGC990BPtPj2w9Px-u7B3oqWUW5vtjZUqPNJ-nyjiUIorE0ATsib_l5tV8BVN-UJ03RTnU__IHJF_4DgDBtY4LIqXNG-FomrO-7ywes20CBCRM2Hcm7EJSh3UUw1dO-c_uTflUrtgY1i7uBRezj_DpympmEFkfbQY\/s1600\/logo-principal2.jpg\" width=\"100%\" height=\"100\" \/><\/a><!--bestpublic-voz03--><!--desk-in-out-voz03--><br \/>\n<!--publicidad-voz04--><a href=\"https:\/\/www.facebook.com\/profile.php?id=61557370768692&amp;locale=es_ES\"><img decoding=\"async\" class=\"alignnone size-medium\" src=\"https:\/\/blogger.googleusercontent.com\/img\/b\/R29vZ2xl\/AVvXsEgy5RdcfffrnrItnYTcV9bCJjgJwldsQLWssfVfrLbyfXeBNTFKgBf0rMIvhrUaGUhiXzVr9_eQgCbi-j63ZDpfTvLIty9w7s140y-m1yHe7eKmEK7v2NAHUJDVYGdfeiQFeRCqUjdwWmN1MX_AUxxz4IVdJ4WIM0APxit8bjWkXzrnEFGqBvW_1F13H1g\/s1600\/logo-principal5.jpg\" width=\"100%\" height=\"100\" \/><\/a><!--bestpublic-voz04--><!--desk-in-out-voz04--><br \/>\n<!--publicidad-voz05--><a href=\"https:\/\/www.facebook.com\/asociaciontamborileroshellin?locale=es_ES\"><img decoding=\"async\" class=\"alignnone size-medium\" src=\"https:\/\/blogger.googleusercontent.com\/img\/b\/R29vZ2xl\/AVvXsEhHEEpZsKK1VpwiYMrS7aE2ujtqIDZoLd4B5wtbiseSU9s2HdTdQfhF84So2XwEB1fv0BLw95GADm6hUl1bkKtzh-eIgVigXONuu_5RxeIMPhjk8q6uNX4EaEHbooKkbu7pCADWPpVJjhKIH5NQSJpWqedC-YBez4QAQeJYokkLot9bhrIaUAeztsGis6M\/s1600\/logo-principal3.jpg\" width=\"100%\" height=\"100\" \/><\/a><!--bestpublic-voz05--><!--desk-in-out-voz05--><br \/>\n<!--publicidad-voz06--><!--bestpublic-voz06--><!--desk-in-out-voz06--><br \/>\n<!--publicidad-voz07--><!--bestpublic-voz07--><!--desk-in-out-voz07--><br \/>\n<!--publicidad-voz08--><!--bestpublic-voz08--><!--desk-in-out-voz08--><br \/>\n<!--publicidad-voz09--><!--bestpublic-voz09--><!--desk-in-out-voz09--><br \/>\n<!--publicidad-voz10--><!--bestpublic-voz10--><!--desk-in-out-voz10--><br \/>\n<!--publicidad-voz11--><!--bestpublic-voz11--><!--desk-in-out-voz11--><br \/>\n<!--publicidad-voz12--><!--bestpublic-voz12--><!--desk-in-out-voz12--><br \/>\n<!--publicidad-voz13--><!--bestpublic-voz13--><!--desk-in-out-voz13--><br \/>\n<!--publicidad-voz14--><!--bestpublic-voz14--><!--desk-in-out-voz14--><br \/>\n<!--publicidad-voz15--><!--bestpublic-voz15--><!--desk-in-out-voz15--><br \/>\n<!--publicidad-voz16--><!--bestpublic-voz16--><!--desk-in-out-voz16--><\/p>\n","protected":false},"excerpt":{"rendered":"<p>NERPIO, PEN\u00daLTIMA PARADA DEL CIRCUITO PROVINCIAL BTT ANTES DEL DESCANSO ESTIVAL<\/p>\n","protected":false},"author":2,"featured_media":90587,"comment_status":"closed","ping_status":"closed","sticky":false,"template":"","format":"standard","meta":{"footnotes":""},"categories":[719,718,715,716,717],"tags":[],"class_list":["post-101437","post","type-post","status-publish","format-standard","has-post-thumbnail","hentry","category-blog-lv001","category-blogger","category-la-voz-de-hellin","category-la-voz-de-hellin-la-voz-de-hellin","category-noticias"],"_links":{"self":[{"href":"https:\/\/lavozdehellin.com\/noticias\/wp-json\/wp\/v2\/posts\/101437","targetHints":{"allow":["GET"]}}],"collection":[{"href":"https:\/\/lavozdehellin.com\/noticias\/wp-json\/wp\/v2\/posts"}],"about":[{"href":"https:\/\/lavozdehellin.com\/noticias\/wp-json\/wp\/v2\/types\/post"}],"author":[{"embeddable":true,"href":"https:\/\/lavozdehellin.com\/noticias\/wp-json\/wp\/v2\/users\/2"}],"replies":[{"embeddable":true,"href":"https:\/\/lavozdehellin.com\/noticias\/wp-json\/wp\/v2\/comments?post=101437"}],"version-history":[{"count":0,"href":"https:\/\/lavozdehellin.com\/noticias\/wp-json\/wp\/v2\/posts\/101437\/revisions"}],"wp:featuredmedia":[{"embeddable":true,"href":"https:\/\/lavozdehellin.com\/noticias\/wp-json\/wp\/v2\/media\/90587"}],"wp:attachment":[{"href":"https:\/\/lavozdehellin.com\/noticias\/wp-json\/wp\/v2\/media?parent=101437"}],"wp:term":[{"taxonomy":"category","embeddable":true,"href":"https:\/\/lavozdehellin.com\/noticias\/wp-json\/wp\/v2\/categories?post=101437"},{"taxonomy":"post_tag","embeddable":true,"href":"https:\/\/lavozdehellin.com\/noticias\/wp-json\/wp\/v2\/tags?post=101437"}],"curies":[{"name":"wp","href":"https:\/\/api.w.org\/{rel}","templated":true}]}}