{"id":101441,"date":"2019-07-09T16:44:08","date_gmt":"2019-07-09T16:44:08","guid":{"rendered":"https:\/\/lavozdehellin.com\/noticias\/v00-020-ninos-y-ninas-de-la-provincia-disfrutan-del-campamento-de-verano-exploradores-sostenibles-del-tiempo-en-agramon\/"},"modified":"2024-01-04T14:05:18","modified_gmt":"2024-01-04T14:05:18","slug":"v00-020-ninos-y-ninas-de-la-provincia-disfrutan-del-campamento-de-verano-exploradores-sostenibles-del-tiempo-en-agramon","status":"publish","type":"post","link":"https:\/\/lavozdehellin.com\/noticias\/v00-020-ninos-y-ninas-de-la-provincia-disfrutan-del-campamento-de-verano-exploradores-sostenibles-del-tiempo-en-agramon\/","title":{"rendered":"LVH NOTICIAS | NI\u00d1OS Y NI\u00d1AS DE LA PROVINCIA DISFRUTAN DEL CAMPAMENTO DE VERANO \u00abEXPLORADORES SOSTENIBLES DEL TIEMPO\u00bb EN AGRAM\u00d3N."},"content":{"rendered":"<p style=\"text-align: justify;\"><span style=\"font-size: 18.0pt; font-family: 'Calibri','sans-serif'; color: black;\">Los Objetivos de Desarrollo Sostenible enmarcados en la Agenda 2030, ejes de trabajo en el campus &#8216;Exploradores sostenibles del tiempo&#8217; en Agram\u00f3n que organiza Diputaci\u00f3n.<\/span><\/p>\n<p><!--more--><br \/>\n<!--publicidad-voz01--><a href=\"https:\/\/www.facebook.com\/SoloRadioHellin\/?locale=es_ES\"><img decoding=\"async\" class=\"alignnone size-medium\" src=\"https:\/\/blogger.googleusercontent.com\/img\/b\/R29vZ2xl\/AVvXsEiNncirNnyGedv00mhjZjh5Wl4_YPdJGanoAl8tL8zH-HwqE8uHqjEfSt340RHdx-9tuCSIkZ8rFamZiGyYlgDGxCsmXjCH_1xk5eYM3ntFZRvJP_jndOKR7w1UAo9Tu0vrZyOLfqRpHIxYI5SymJJ-pfGCQw6QVpggBH-UgfjiFQ2JOxqxG0Jx94kW83c\/s1600\/logo-principal.jpg\" width=\"100%\" height=\"100\" \/><\/a><!--bestpublic-voz01--><!--desk-in-out-voz01--><br \/>\n<!--publicidad-voz02--><a href=\"https:\/\/www.hellincf.com\/\"><img decoding=\"async\" class=\"alignnone size-medium\" src=\"https:\/\/blogger.googleusercontent.com\/img\/b\/R29vZ2xl\/AVvXsEhuZ4-XfBVj3UtdP8-RZugy3WVrg-Zv28c53m4oV47qYCxL1rX_dqWX_YddsGSnpH5SRDqZ7bZeKPIfDVCDncpjVlhy3aQs2vojcJBn7Gdv9hC2_Nzct_pRFrnFE1a7KTCdY1bT_kAgnY3-iadRZrGeJf1fR2P5fu11bokx0pWjaypoy-ctwCjklldpEbA\/s1600\/logo-principal7.jpg\" width=\"100%\" height=\"100\" \/><\/a><!--bestpublic-voz02--><!--desk-in-out-voz02--><\/p>\n<p style=\"text-align: justify;\"><span style=\"font-size: 13.5pt; font-family: 'Calibri','sans-serif'; color: black;\">M\u00e1s de 300 ni\u00f1os y ni\u00f1as de toda la provincia han disfrutado, desde el pasado 28 de junio, de los diferentes campamentos juveniles y campus deportivos ofertados por la Diputaci\u00f3n provincial de Albacete para escolares nacidos entre 2004 y 2010.<\/span><\/p>\n<p style=\"text-align: justify;\"><span style=\"font-size: 13.5pt; font-family: 'Calibri','sans-serif'; color: black;\">El diputado de Deportes y Juventud, Daniel Sancha, ha visitado esta semana los tres campus enmarcados dentro del programa de actividades juveniles, desplaz\u00e1ndose hasta Alcal\u00e1 del J\u00facar donde est\u00e1 teniendo lugar el campamento Multiaventura; Elche de la Sierra donde se desarrolla el campus de Ingl\u00e9s, y a Agram\u00f3n, localidad en la que el medio centenar de participantes trabajan en un proyecto denominado &#8216;Exploradores sostenibles del tiempo&#8217;. <\/span><\/p>\n<p style=\"text-align: justify;\"><span style=\"font-size: 13.5pt; font-family: 'Calibri','sans-serif'; color: black;\">En la localidad hellinera, Sancha ha valorado que la actividad se desarrolle bajo el prisma de los 17 Objetivos de Desarrollo Sostenible enmarcados en la Agenda 2030 y que los ni\u00f1os y ni\u00f1as participen, de forma directa, en un estudio de la geolog\u00eda y de la arqueolog\u00eda de la zona con actividades que les han permitido conocer la g\u00e9nesis del universo y el origen de las rocas (en una excursi\u00f3n al Pit\u00f3n volc\u00e1nico de Cancarix) y la historia de los seres humanos, con el Parque Arqueol\u00f3gico del Tolmo de Minateda como escenario principal.<\/span><\/p>\n<p style=\"text-align: justify;\"><span style=\"font-size: 13.5pt; font-family: 'Calibri','sans-serif'; color: black;\">En su visita al volc\u00e1n de Cancarix, los ni\u00f1os y ni\u00f1as participantes han podido conocer la relaci\u00f3n de la especie humana con la naturaleza, y tomar conciencia sobre la huella ecol\u00f3gica para desarrollar proyectos de desarrollo sostenible en los que tambi\u00e9n ha estado muy presente el problema del despoblamiento. Por ello, todas las actividades realizadas en el campus estaban enfocadas al desarrollo sostenible de los peque\u00f1os municipios de la provincia y pensadas desde una perspectiva ecologista.<\/span><\/p>\n<p style=\"text-align: justify;\"><span style=\"font-size: 13.5pt; font-family: 'Calibri','sans-serif'; color: black;\">Durante estos d\u00edas, el medio centenar de participantes en el campamento &#8216;Exploradores sostenibles del tiempo&#8217;, tambi\u00e9n han visitado el Tolmo de Minateda (parque arqueol\u00f3gico en el que han conocido las culturas que han contribuido al desarrollo de nuestra Historia), y el Museo Comarcal de Hell\u00edn, municipio en el que adem\u00e1s han realizado una ruta por su Casco Hist\u00f3rico Moz\u00e1rabe.<\/span><\/p>\n<p style=\"text-align: justify;\"><span style=\"font-size: 13.5pt; font-family: 'Calibri','sans-serif'; color: black;\">Estos tres \u00faltimos campamentos juveniles finalizar\u00e1n ma\u00f1ana, mi\u00e9rcoles 10 de julio, poniendo as\u00ed el punto y final a un repleto programa de actividades en el que han participado 320 ni\u00f1os y ni\u00f1as y con el que se ha querido sensibilizar sobre los problemas medioambientales, fomentar el conocimiento y el disfrute de espacios y zonas naturales, y propiciar espacios de convivencia que permitan trabajar valores de solidaridad, respeto, cooperaci\u00f3n y tolerancia, as\u00ed como la autonom\u00eda personal de cada uno de los participantes.<\/span><\/p>\n<p><!--publicidad-voz03--><a href=\"https:\/\/www.facebook.com\/profile.php?id=100063593791305&amp;locale=es_ES\"><img decoding=\"async\" class=\"alignnone size-medium\" src=\"https:\/\/blogger.googleusercontent.com\/img\/b\/R29vZ2xl\/AVvXsEi8_n_ll8UOcGxCqzFvb_9Io4ICczlGC990BPtPj2w9Px-u7B3oqWUW5vtjZUqPNJ-nyjiUIorE0ATsib_l5tV8BVN-UJ03RTnU__IHJF_4DgDBtY4LIqXNG-FomrO-7ywes20CBCRM2Hcm7EJSh3UUw1dO-c_uTflUrtgY1i7uBRezj_DpympmEFkfbQY\/s1600\/logo-principal2.jpg\" width=\"100%\" height=\"100\" \/><\/a><!--bestpublic-voz03--><!--desk-in-out-voz03--><br \/>\n<!--publicidad-voz04--><a href=\"https:\/\/www.facebook.com\/profile.php?id=61557370768692&amp;locale=es_ES\"><img decoding=\"async\" class=\"alignnone size-medium\" src=\"https:\/\/blogger.googleusercontent.com\/img\/b\/R29vZ2xl\/AVvXsEgy5RdcfffrnrItnYTcV9bCJjgJwldsQLWssfVfrLbyfXeBNTFKgBf0rMIvhrUaGUhiXzVr9_eQgCbi-j63ZDpfTvLIty9w7s140y-m1yHe7eKmEK7v2NAHUJDVYGdfeiQFeRCqUjdwWmN1MX_AUxxz4IVdJ4WIM0APxit8bjWkXzrnEFGqBvW_1F13H1g\/s1600\/logo-principal5.jpg\" width=\"100%\" height=\"100\" \/><\/a><!--bestpublic-voz04--><!--desk-in-out-voz04--><br \/>\n<!--publicidad-voz05--><a href=\"https:\/\/www.facebook.com\/asociaciontamborileroshellin?locale=es_ES\"><img decoding=\"async\" class=\"alignnone size-medium\" src=\"https:\/\/blogger.googleusercontent.com\/img\/b\/R29vZ2xl\/AVvXsEhHEEpZsKK1VpwiYMrS7aE2ujtqIDZoLd4B5wtbiseSU9s2HdTdQfhF84So2XwEB1fv0BLw95GADm6hUl1bkKtzh-eIgVigXONuu_5RxeIMPhjk8q6uNX4EaEHbooKkbu7pCADWPpVJjhKIH5NQSJpWqedC-YBez4QAQeJYokkLot9bhrIaUAeztsGis6M\/s1600\/logo-principal3.jpg\" width=\"100%\" height=\"100\" \/><\/a><!--bestpublic-voz05--><!--desk-in-out-voz05--><br \/>\n<!--publicidad-voz06--><!--bestpublic-voz06--><!--desk-in-out-voz06--><br \/>\n<!--publicidad-voz07--><!--bestpublic-voz07--><!--desk-in-out-voz07--><br \/>\n<!--publicidad-voz08--><!--bestpublic-voz08--><!--desk-in-out-voz08--><br \/>\n<!--publicidad-voz09--><!--bestpublic-voz09--><!--desk-in-out-voz09--><br \/>\n<!--publicidad-voz10--><!--bestpublic-voz10--><!--desk-in-out-voz10--><br \/>\n<!--publicidad-voz11--><!--bestpublic-voz11--><!--desk-in-out-voz11--><br \/>\n<!--publicidad-voz12--><!--bestpublic-voz12--><!--desk-in-out-voz12--><br \/>\n<!--publicidad-voz13--><!--bestpublic-voz13--><!--desk-in-out-voz13--><br \/>\n<!--publicidad-voz14--><!--bestpublic-voz14--><!--desk-in-out-voz14--><br \/>\n<!--publicidad-voz15--><!--bestpublic-voz15--><!--desk-in-out-voz15--><br \/>\n<!--publicidad-voz16--><!--bestpublic-voz16--><!--desk-in-out-voz16--><\/p>\n","protected":false},"excerpt":{"rendered":"<p>NI\u00d1OS Y NI\u00d1AS DE LA PROVINCIA DISFRUTAN DEL CAMPAMENTO DE VERANO \u00abEXPLORADORES SOSTENIBLES DEL TIEMPO\u00bb EN AGRAM\u00d3N.<\/p>\n","protected":false},"author":2,"featured_media":90581,"comment_status":"closed","ping_status":"closed","sticky":false,"template":"","format":"standard","meta":{"footnotes":""},"categories":[719,718,715,716,717],"tags":[],"class_list":["post-101441","post","type-post","status-publish","format-standard","has-post-thumbnail","hentry","category-blog-lv001","category-blogger","category-la-voz-de-hellin","category-la-voz-de-hellin-la-voz-de-hellin","category-noticias"],"_links":{"self":[{"href":"https:\/\/lavozdehellin.com\/noticias\/wp-json\/wp\/v2\/posts\/101441","targetHints":{"allow":["GET"]}}],"collection":[{"href":"https:\/\/lavozdehellin.com\/noticias\/wp-json\/wp\/v2\/posts"}],"about":[{"href":"https:\/\/lavozdehellin.com\/noticias\/wp-json\/wp\/v2\/types\/post"}],"author":[{"embeddable":true,"href":"https:\/\/lavozdehellin.com\/noticias\/wp-json\/wp\/v2\/users\/2"}],"replies":[{"embeddable":true,"href":"https:\/\/lavozdehellin.com\/noticias\/wp-json\/wp\/v2\/comments?post=101441"}],"version-history":[{"count":0,"href":"https:\/\/lavozdehellin.com\/noticias\/wp-json\/wp\/v2\/posts\/101441\/revisions"}],"wp:featuredmedia":[{"embeddable":true,"href":"https:\/\/lavozdehellin.com\/noticias\/wp-json\/wp\/v2\/media\/90581"}],"wp:attachment":[{"href":"https:\/\/lavozdehellin.com\/noticias\/wp-json\/wp\/v2\/media?parent=101441"}],"wp:term":[{"taxonomy":"category","embeddable":true,"href":"https:\/\/lavozdehellin.com\/noticias\/wp-json\/wp\/v2\/categories?post=101441"},{"taxonomy":"post_tag","embeddable":true,"href":"https:\/\/lavozdehellin.com\/noticias\/wp-json\/wp\/v2\/tags?post=101441"}],"curies":[{"name":"wp","href":"https:\/\/api.w.org\/{rel}","templated":true}]}}