{"id":101442,"date":"2019-07-08T18:45:45","date_gmt":"2019-07-08T18:45:45","guid":{"rendered":"https:\/\/lavozdehellin.com\/noticias\/v00-021-los-lideres-del-circuito-provincial-triunfan-en-bienservida\/"},"modified":"2024-01-04T14:05:18","modified_gmt":"2024-01-04T14:05:18","slug":"v00-021-los-lideres-del-circuito-provincial-triunfan-en-bienservida","status":"publish","type":"post","link":"https:\/\/lavozdehellin.com\/noticias\/v00-021-los-lideres-del-circuito-provincial-triunfan-en-bienservida\/","title":{"rendered":"LVH NOTICIAS | LOS L\u00cdDERES DEL CIRCUITO PROVINCIAL TRIUNFAN EN BIENSERVIDA"},"content":{"rendered":"<p style=\"text-align: justify;\">El pasado domingo se celebr\u00f3 en Bienservida la vig\u00e9simo cuarta prueba del XIII Circuito Provincial de BTT, organizado por la Diputaci\u00f3n de Albacete.<\/p>\n<p><!--more--><br \/>\n<!--publicidad-voz01--><a href=\"https:\/\/www.facebook.com\/SoloRadioHellin\/?locale=es_ES\"><img decoding=\"async\" class=\"alignnone size-medium\" src=\"https:\/\/blogger.googleusercontent.com\/img\/b\/R29vZ2xl\/AVvXsEiNncirNnyGedv00mhjZjh5Wl4_YPdJGanoAl8tL8zH-HwqE8uHqjEfSt340RHdx-9tuCSIkZ8rFamZiGyYlgDGxCsmXjCH_1xk5eYM3ntFZRvJP_jndOKR7w1UAo9Tu0vrZyOLfqRpHIxYI5SymJJ-pfGCQw6QVpggBH-UgfjiFQ2JOxqxG0Jx94kW83c\/s1600\/logo-principal.jpg\" width=\"100%\" height=\"100\" \/><\/a><!--bestpublic-voz01--><!--desk-in-out-voz01--><br \/>\n<!--publicidad-voz02--><a href=\"https:\/\/www.hellincf.com\/\"><img decoding=\"async\" class=\"alignnone size-medium\" src=\"https:\/\/blogger.googleusercontent.com\/img\/b\/R29vZ2xl\/AVvXsEhuZ4-XfBVj3UtdP8-RZugy3WVrg-Zv28c53m4oV47qYCxL1rX_dqWX_YddsGSnpH5SRDqZ7bZeKPIfDVCDncpjVlhy3aQs2vojcJBn7Gdv9hC2_Nzct_pRFrnFE1a7KTCdY1bT_kAgnY3-iadRZrGeJf1fR2P5fu11bokx0pWjaypoy-ctwCjklldpEbA\/s1600\/logo-principal7.jpg\" width=\"100%\" height=\"100\" \/><\/a><!--bestpublic-voz02--><!--desk-in-out-voz02--><\/p>\n<p style=\"text-align: justify;\">La carrera, catalogada dentro del calendario espec\u00edfico de pruebas de sierra, respondi\u00f3 a las expectativas creadas y ofreci\u00f3 un bonito espect\u00e1culo deportivo. Todos los participantes mostraron su gran satisfacci\u00f3n y contento con las caracter\u00edsticas del trazado confeccionado por la organizaci\u00f3n.<\/p>\n<p style=\"text-align: justify;\">En cuanto a los resultados finales, Almudena Jim\u00e9nez (Arte Bicis C.C.) y Pedro Jes\u00fas Rodr\u00edguez (Ingeteam Rumbo BTT) se alzar\u00edan con la victoria final, con lo que aumentar\u00edan su ventaja al frente de la clasificaci\u00f3n general del circuito.<\/p>\n<p style=\"text-align: justify;\">A las 9:30 de la ma\u00f1ana, puntual como siempre, se daba el pistoletazo de salida a una prueba m\u00e1s del Circuito Provincial. Esta carrera, que es la antepen\u00faltima antes de llegar al par\u00f3n veraniego, que presentaba un novedoso recorrido, hac\u00eda que los principales favoritos se apresurasen en los primeros puestos de la salida, para conseguir llegar bien situados a las primeras subidas del d\u00eda. \u00a0Tras los primeros kil\u00f3metros del recorrido, Pedro Jes\u00fas Rodr\u00edguez, Javier G\u00f3mez Carpena (Taller de Bicicletas Carpena) y Juan Moreno (Los Bronces Cycling Team) conseguir\u00edan escaparse del resto de participantes; y no ser\u00eda hasta la \u00faltima parte del recorrido donde Juan Moreno quedar\u00eda descolgado y, finalmente, Pedro Jes\u00fas dejar\u00eda algo atr\u00e1s a Javier G\u00f3mez para llegar en estos puestos al arco de meta.<\/p>\n<p style=\"text-align: justify;\">En la categor\u00eda femenina, rodar\u00edan en grupo durante la primera parte de la carrera Almudena Jim\u00e9nez, A\u00edda Mil\u00e1n (Ingeteam Rumbo BTT), Celia Pina (Ekuon El Conchel\/Diputaci\u00f3n Albacete Sport Team), Alfonsi Villar (Ferroice\u2013Contrallano BTT), Carmen S\u00e1nchez y Mar\u00eda Arias. Sin embargo, con el paso de los kil\u00f3metros, Almudena y A\u00edda marcar\u00edan un ritmo que no podr\u00edan seguir sus rivales. Algo que les servir\u00eda para entrar en meta donde, pocos metros antes, Almudena conseguir\u00eda cierta ventaja para asegurarse la victoria final. Por detr\u00e1s, Carmen S\u00e1nchez se escapar\u00eda de sus rivales para ocupar, de este modo, el tercer caj\u00f3n del p\u00f3dium femenino.<\/p>\n<p style=\"text-align: justify;\">En la modalidad de recorrido alternativo, victorias de Alicia \u00c1lvarez (Depor Bike Club Ciclista) y Jaime Cerro (Taller de Bicicletas Carpena), en la categor\u00eda J\u00fanior. Resultando ganadores en categor\u00eda S\u00e9nior, Paqui Castillo (BTT Guadalimar) y Francisco Mancebo (Bicis El Hellinero\u2013Acecho).<\/p>\n<p style=\"text-align: justify;\">Para la semana que viene, nueva prueba de sierra, concretamente ser\u00e1 Nerpio, la que acoja al Circuito Provincial de BTT, siendo la pen\u00faltima carrera antes del par\u00f3n de cuatro semanas, previsto para finales del mes de julio.<\/p>\n<p><!--publicidad-voz03--><a href=\"https:\/\/www.facebook.com\/profile.php?id=100063593791305&amp;locale=es_ES\"><img decoding=\"async\" class=\"alignnone size-medium\" src=\"https:\/\/blogger.googleusercontent.com\/img\/b\/R29vZ2xl\/AVvXsEi8_n_ll8UOcGxCqzFvb_9Io4ICczlGC990BPtPj2w9Px-u7B3oqWUW5vtjZUqPNJ-nyjiUIorE0ATsib_l5tV8BVN-UJ03RTnU__IHJF_4DgDBtY4LIqXNG-FomrO-7ywes20CBCRM2Hcm7EJSh3UUw1dO-c_uTflUrtgY1i7uBRezj_DpympmEFkfbQY\/s1600\/logo-principal2.jpg\" width=\"100%\" height=\"100\" \/><\/a><!--bestpublic-voz03--><!--desk-in-out-voz03--><br \/>\n<!--publicidad-voz04--><a href=\"https:\/\/www.facebook.com\/profile.php?id=61557370768692&amp;locale=es_ES\"><img decoding=\"async\" class=\"alignnone size-medium\" src=\"https:\/\/blogger.googleusercontent.com\/img\/b\/R29vZ2xl\/AVvXsEgy5RdcfffrnrItnYTcV9bCJjgJwldsQLWssfVfrLbyfXeBNTFKgBf0rMIvhrUaGUhiXzVr9_eQgCbi-j63ZDpfTvLIty9w7s140y-m1yHe7eKmEK7v2NAHUJDVYGdfeiQFeRCqUjdwWmN1MX_AUxxz4IVdJ4WIM0APxit8bjWkXzrnEFGqBvW_1F13H1g\/s1600\/logo-principal5.jpg\" width=\"100%\" height=\"100\" \/><\/a><!--bestpublic-voz04--><!--desk-in-out-voz04--><br \/>\n<!--publicidad-voz05--><a href=\"https:\/\/www.facebook.com\/asociaciontamborileroshellin?locale=es_ES\"><img decoding=\"async\" class=\"alignnone size-medium\" src=\"https:\/\/blogger.googleusercontent.com\/img\/b\/R29vZ2xl\/AVvXsEhHEEpZsKK1VpwiYMrS7aE2ujtqIDZoLd4B5wtbiseSU9s2HdTdQfhF84So2XwEB1fv0BLw95GADm6hUl1bkKtzh-eIgVigXONuu_5RxeIMPhjk8q6uNX4EaEHbooKkbu7pCADWPpVJjhKIH5NQSJpWqedC-YBez4QAQeJYokkLot9bhrIaUAeztsGis6M\/s1600\/logo-principal3.jpg\" width=\"100%\" height=\"100\" \/><\/a><!--bestpublic-voz05--><!--desk-in-out-voz05--><br \/>\n<!--publicidad-voz06--><!--bestpublic-voz06--><!--desk-in-out-voz06--><br \/>\n<!--publicidad-voz07--><!--bestpublic-voz07--><!--desk-in-out-voz07--><br \/>\n<!--publicidad-voz08--><!--bestpublic-voz08--><!--desk-in-out-voz08--><br \/>\n<!--publicidad-voz09--><!--bestpublic-voz09--><!--desk-in-out-voz09--><br \/>\n<!--publicidad-voz10--><!--bestpublic-voz10--><!--desk-in-out-voz10--><br \/>\n<!--publicidad-voz11--><!--bestpublic-voz11--><!--desk-in-out-voz11--><br \/>\n<!--publicidad-voz12--><!--bestpublic-voz12--><!--desk-in-out-voz12--><br \/>\n<!--publicidad-voz13--><!--bestpublic-voz13--><!--desk-in-out-voz13--><br \/>\n<!--publicidad-voz14--><!--bestpublic-voz14--><!--desk-in-out-voz14--><br \/>\n<!--publicidad-voz15--><!--bestpublic-voz15--><!--desk-in-out-voz15--><br \/>\n<!--publicidad-voz16--><!--bestpublic-voz16--><!--desk-in-out-voz16--><\/p>\n","protected":false},"excerpt":{"rendered":"<p>LOS L\u00cdDERES DEL CIRCUITO PROVINCIAL TRIUNFAN EN BIENSERVIDA<\/p>\n","protected":false},"author":2,"featured_media":90586,"comment_status":"closed","ping_status":"closed","sticky":false,"template":"","format":"standard","meta":{"footnotes":""},"categories":[719,718,715,716,717],"tags":[],"class_list":["post-101442","post","type-post","status-publish","format-standard","has-post-thumbnail","hentry","category-blog-lv001","category-blogger","category-la-voz-de-hellin","category-la-voz-de-hellin-la-voz-de-hellin","category-noticias"],"_links":{"self":[{"href":"https:\/\/lavozdehellin.com\/noticias\/wp-json\/wp\/v2\/posts\/101442","targetHints":{"allow":["GET"]}}],"collection":[{"href":"https:\/\/lavozdehellin.com\/noticias\/wp-json\/wp\/v2\/posts"}],"about":[{"href":"https:\/\/lavozdehellin.com\/noticias\/wp-json\/wp\/v2\/types\/post"}],"author":[{"embeddable":true,"href":"https:\/\/lavozdehellin.com\/noticias\/wp-json\/wp\/v2\/users\/2"}],"replies":[{"embeddable":true,"href":"https:\/\/lavozdehellin.com\/noticias\/wp-json\/wp\/v2\/comments?post=101442"}],"version-history":[{"count":0,"href":"https:\/\/lavozdehellin.com\/noticias\/wp-json\/wp\/v2\/posts\/101442\/revisions"}],"wp:featuredmedia":[{"embeddable":true,"href":"https:\/\/lavozdehellin.com\/noticias\/wp-json\/wp\/v2\/media\/90586"}],"wp:attachment":[{"href":"https:\/\/lavozdehellin.com\/noticias\/wp-json\/wp\/v2\/media?parent=101442"}],"wp:term":[{"taxonomy":"category","embeddable":true,"href":"https:\/\/lavozdehellin.com\/noticias\/wp-json\/wp\/v2\/categories?post=101442"},{"taxonomy":"post_tag","embeddable":true,"href":"https:\/\/lavozdehellin.com\/noticias\/wp-json\/wp\/v2\/tags?post=101442"}],"curies":[{"name":"wp","href":"https:\/\/api.w.org\/{rel}","templated":true}]}}