{"id":101443,"date":"2019-07-05T18:29:23","date_gmt":"2019-07-05T18:29:23","guid":{"rendered":"https:\/\/lavozdehellin.com\/noticias\/v00-022-el-circuito-provincial-de-btt-llega-a-bienservida\/"},"modified":"2024-01-04T14:05:18","modified_gmt":"2024-01-04T14:05:18","slug":"v00-022-el-circuito-provincial-de-btt-llega-a-bienservida","status":"publish","type":"post","link":"https:\/\/lavozdehellin.com\/noticias\/v00-022-el-circuito-provincial-de-btt-llega-a-bienservida\/","title":{"rendered":"LVH NOTICIAS | EL CIRCUITO PROVINCIAL DE BTT LLEGA A BIENSERVIDA."},"content":{"rendered":"<p style=\"text-align: justify;\">El pr\u00f3ximo domingo, a partir de las 9:30 de la ma\u00f1ana, se disputar\u00e1 en Bienservida, la vig\u00e9simo cuarta prueba del XIII Circuito Provincial de BTT Diputaci\u00f3n de Albacete.<\/p>\n<p><!--more--><br \/>\n<!--publicidad-voz01--><a href=\"https:\/\/www.facebook.com\/SoloRadioHellin\/?locale=es_ES\"><img decoding=\"async\" class=\"alignnone size-medium\" src=\"https:\/\/blogger.googleusercontent.com\/img\/b\/R29vZ2xl\/AVvXsEiNncirNnyGedv00mhjZjh5Wl4_YPdJGanoAl8tL8zH-HwqE8uHqjEfSt340RHdx-9tuCSIkZ8rFamZiGyYlgDGxCsmXjCH_1xk5eYM3ntFZRvJP_jndOKR7w1UAo9Tu0vrZyOLfqRpHIxYI5SymJJ-pfGCQw6QVpggBH-UgfjiFQ2JOxqxG0Jx94kW83c\/s1600\/logo-principal.jpg\" width=\"100%\" height=\"100\" \/><\/a><!--bestpublic-voz01--><!--desk-in-out-voz01--><br \/>\n<!--publicidad-voz02--><a href=\"https:\/\/www.hellincf.com\/\"><img decoding=\"async\" class=\"alignnone size-medium\" src=\"https:\/\/blogger.googleusercontent.com\/img\/b\/R29vZ2xl\/AVvXsEhuZ4-XfBVj3UtdP8-RZugy3WVrg-Zv28c53m4oV47qYCxL1rX_dqWX_YddsGSnpH5SRDqZ7bZeKPIfDVCDncpjVlhy3aQs2vojcJBn7Gdv9hC2_Nzct_pRFrnFE1a7KTCdY1bT_kAgnY3-iadRZrGeJf1fR2P5fu11bokx0pWjaypoy-ctwCjklldpEbA\/s1600\/logo-principal7.jpg\" width=\"100%\" height=\"100\" \/><\/a><!--bestpublic-voz02--><!--desk-in-out-voz02--><\/p>\n<p style=\"text-align: justify;\">El Circuito sigue su andadura por la sierra albacete\u00f1a, en esta ocasi\u00f3n en la sierra de Alcaraz, m\u00e1s concretamente en la localidad de Bienservida, que se ha convertido con los a\u00f1os, en todo un cl\u00e1sico de nuestro Circuito. En cuanto a la participaci\u00f3n, cerca de doscientos treinta corredores se congregar\u00e1n en la calle Calzada de la localidad para comenzar a rodar tras el protocolario pistoletazo de salida.<\/p>\n<p style=\"text-align: justify;\">Este trazado est\u00e1 compuesto por treinta y seis kil\u00f3metros con un nivel de exigencia f\u00edsica y t\u00e9cnica elevado, caracter\u00edstica propia de las pruebas de monta\u00f1a. Como ayuda la organizaci\u00f3n instalar\u00e1 avituallamientos en los kil\u00f3metros 20 y 28 que, junto con el avituallamiento final, seguro recargan las energ\u00edas de los corredores que dar\u00e1n lo m\u00e1ximo de s\u00ed mismos para la realizaci\u00f3n de esta marcha.<\/p>\n<p style=\"text-align: justify;\">Como en todas las pruebas, existir\u00e1 un recorrido alternativo tambi\u00e9n, que en esta ocasi\u00f3n consta de veinticuatro kil\u00f3metros, aunque no por ello exento de dureza y emoci\u00f3n, dadas sus caracter\u00edsticas orogr\u00e1ficas. En cuanto a los n\u00fameros de participaci\u00f3n en esta modalidad, nueve ser\u00e1n los corredores que tomar\u00e1n la salida.<\/p>\n<p style=\"text-align: justify;\">En referencia a los nombres propios de participaci\u00f3n en esta prueba, los actuales l\u00edderes del circuito provincial, Almudena Jim\u00e9nez (Arte Bicis C.C.) y Pedro Jes\u00fas Rodr\u00edguez (Ingeteam Rumbo BTT) compartir\u00e1n escenario junto al resto de principales favoritos para la victoria final de la prueba, ente los que destacan: A\u00edda Mil\u00e1n (Ingeteam Rumbo BTT), su compa\u00f1ero de equipo Francisco Jos\u00e9 Parra, Celia Pina (Ekuon El Conchel\/Diputaci\u00f3n Albacete Sport Team), Juan Moreno (Los Bronces Cycling Team), Alfonsi Villar (Ferroice\u2013Contrallano BTT), Javier G\u00f3mez Carpena (Taller de Bicicletas Carpena), Carmen Mar\u00eda Mendoza (Sportecnic Equipamiento Deportivo), Sebasti\u00e1n Sasso (BTT Poco a Poco), etc.<\/p>\n<p style=\"text-align: justify;\">Todo preparado por tanto para que arranque una nueva prueba del Circuito BTT, solo queda esperar a las 9:30 horas de la ma\u00f1ana del domingo, para que se comienzo una nueva marcha de bicicletas de monta\u00f1a en nuestra provincia.<\/p>\n<p><!--publicidad-voz03--><a href=\"https:\/\/www.facebook.com\/profile.php?id=100063593791305&amp;locale=es_ES\"><img decoding=\"async\" class=\"alignnone size-medium\" src=\"https:\/\/blogger.googleusercontent.com\/img\/b\/R29vZ2xl\/AVvXsEi8_n_ll8UOcGxCqzFvb_9Io4ICczlGC990BPtPj2w9Px-u7B3oqWUW5vtjZUqPNJ-nyjiUIorE0ATsib_l5tV8BVN-UJ03RTnU__IHJF_4DgDBtY4LIqXNG-FomrO-7ywes20CBCRM2Hcm7EJSh3UUw1dO-c_uTflUrtgY1i7uBRezj_DpympmEFkfbQY\/s1600\/logo-principal2.jpg\" width=\"100%\" height=\"100\" \/><\/a><!--bestpublic-voz03--><!--desk-in-out-voz03--><br \/>\n<!--publicidad-voz04--><a href=\"https:\/\/www.facebook.com\/profile.php?id=61557370768692&amp;locale=es_ES\"><img decoding=\"async\" class=\"alignnone size-medium\" src=\"https:\/\/blogger.googleusercontent.com\/img\/b\/R29vZ2xl\/AVvXsEgy5RdcfffrnrItnYTcV9bCJjgJwldsQLWssfVfrLbyfXeBNTFKgBf0rMIvhrUaGUhiXzVr9_eQgCbi-j63ZDpfTvLIty9w7s140y-m1yHe7eKmEK7v2NAHUJDVYGdfeiQFeRCqUjdwWmN1MX_AUxxz4IVdJ4WIM0APxit8bjWkXzrnEFGqBvW_1F13H1g\/s1600\/logo-principal5.jpg\" width=\"100%\" height=\"100\" \/><\/a><!--bestpublic-voz04--><!--desk-in-out-voz04--><br \/>\n<!--publicidad-voz05--><a href=\"https:\/\/www.facebook.com\/asociaciontamborileroshellin?locale=es_ES\"><img decoding=\"async\" class=\"alignnone size-medium\" src=\"https:\/\/blogger.googleusercontent.com\/img\/b\/R29vZ2xl\/AVvXsEhHEEpZsKK1VpwiYMrS7aE2ujtqIDZoLd4B5wtbiseSU9s2HdTdQfhF84So2XwEB1fv0BLw95GADm6hUl1bkKtzh-eIgVigXONuu_5RxeIMPhjk8q6uNX4EaEHbooKkbu7pCADWPpVJjhKIH5NQSJpWqedC-YBez4QAQeJYokkLot9bhrIaUAeztsGis6M\/s1600\/logo-principal3.jpg\" width=\"100%\" height=\"100\" \/><\/a><!--bestpublic-voz05--><!--desk-in-out-voz05--><br \/>\n<!--publicidad-voz06--><!--bestpublic-voz06--><!--desk-in-out-voz06--><br \/>\n<!--publicidad-voz07--><!--bestpublic-voz07--><!--desk-in-out-voz07--><br \/>\n<!--publicidad-voz08--><!--bestpublic-voz08--><!--desk-in-out-voz08--><br \/>\n<!--publicidad-voz09--><!--bestpublic-voz09--><!--desk-in-out-voz09--><br \/>\n<!--publicidad-voz10--><!--bestpublic-voz10--><!--desk-in-out-voz10--><br \/>\n<!--publicidad-voz11--><!--bestpublic-voz11--><!--desk-in-out-voz11--><br \/>\n<!--publicidad-voz12--><!--bestpublic-voz12--><!--desk-in-out-voz12--><br \/>\n<!--publicidad-voz13--><!--bestpublic-voz13--><!--desk-in-out-voz13--><br \/>\n<!--publicidad-voz14--><!--bestpublic-voz14--><!--desk-in-out-voz14--><br \/>\n<!--publicidad-voz15--><!--bestpublic-voz15--><!--desk-in-out-voz15--><br \/>\n<!--publicidad-voz16--><!--bestpublic-voz16--><!--desk-in-out-voz16--><\/p>\n","protected":false},"excerpt":{"rendered":"<p>EL CIRCUITO PROVINCIAL DE BTT LLEGA A BIENSERVIDA.<\/p>\n","protected":false},"author":2,"featured_media":90582,"comment_status":"closed","ping_status":"closed","sticky":false,"template":"","format":"standard","meta":{"footnotes":""},"categories":[719,718,715,716,717],"tags":[],"class_list":["post-101443","post","type-post","status-publish","format-standard","has-post-thumbnail","hentry","category-blog-lv001","category-blogger","category-la-voz-de-hellin","category-la-voz-de-hellin-la-voz-de-hellin","category-noticias"],"_links":{"self":[{"href":"https:\/\/lavozdehellin.com\/noticias\/wp-json\/wp\/v2\/posts\/101443","targetHints":{"allow":["GET"]}}],"collection":[{"href":"https:\/\/lavozdehellin.com\/noticias\/wp-json\/wp\/v2\/posts"}],"about":[{"href":"https:\/\/lavozdehellin.com\/noticias\/wp-json\/wp\/v2\/types\/post"}],"author":[{"embeddable":true,"href":"https:\/\/lavozdehellin.com\/noticias\/wp-json\/wp\/v2\/users\/2"}],"replies":[{"embeddable":true,"href":"https:\/\/lavozdehellin.com\/noticias\/wp-json\/wp\/v2\/comments?post=101443"}],"version-history":[{"count":0,"href":"https:\/\/lavozdehellin.com\/noticias\/wp-json\/wp\/v2\/posts\/101443\/revisions"}],"wp:featuredmedia":[{"embeddable":true,"href":"https:\/\/lavozdehellin.com\/noticias\/wp-json\/wp\/v2\/media\/90582"}],"wp:attachment":[{"href":"https:\/\/lavozdehellin.com\/noticias\/wp-json\/wp\/v2\/media?parent=101443"}],"wp:term":[{"taxonomy":"category","embeddable":true,"href":"https:\/\/lavozdehellin.com\/noticias\/wp-json\/wp\/v2\/categories?post=101443"},{"taxonomy":"post_tag","embeddable":true,"href":"https:\/\/lavozdehellin.com\/noticias\/wp-json\/wp\/v2\/tags?post=101443"}],"curies":[{"name":"wp","href":"https:\/\/api.w.org\/{rel}","templated":true}]}}