{"id":101445,"date":"2019-07-05T17:34:10","date_gmt":"2019-07-05T17:34:10","guid":{"rendered":"https:\/\/lavozdehellin.com\/noticias\/v00-024-la-banda-mas-veterana-del-panorama-musical-hellinero-ncannalla-cumple-20-anos-de-carrera\/"},"modified":"2024-01-04T14:05:18","modified_gmt":"2024-01-04T14:05:18","slug":"v00-024-la-banda-mas-veterana-del-panorama-musical-hellinero-ncannalla-cumple-20-anos-de-carrera","status":"publish","type":"post","link":"https:\/\/lavozdehellin.com\/noticias\/v00-024-la-banda-mas-veterana-del-panorama-musical-hellinero-ncannalla-cumple-20-anos-de-carrera\/","title":{"rendered":"LVH NOTICIAS | LA BANDA M\u00c1S VETERANA DEL PANORAMA MUSICAL HELLINERO, \u00d1\u00b4CANNALLA, CUMPLE 20 A\u00d1OS DE CARRERA."},"content":{"rendered":"<p style=\"text-align: justify;\">La banda m\u00e1s veterana del panorama musical hellinero, \u00d1\u00b4Cannalla, celebra 20 a\u00f1os de carrera con un concierto Sinf\u00f3nico.<\/p>\n<p><!--more--><br \/>\n<!--publicidad-voz01--><a href=\"https:\/\/www.facebook.com\/SoloRadioHellin\/?locale=es_ES\"><img decoding=\"async\" class=\"alignnone size-medium\" src=\"https:\/\/blogger.googleusercontent.com\/img\/b\/R29vZ2xl\/AVvXsEiNncirNnyGedv00mhjZjh5Wl4_YPdJGanoAl8tL8zH-HwqE8uHqjEfSt340RHdx-9tuCSIkZ8rFamZiGyYlgDGxCsmXjCH_1xk5eYM3ntFZRvJP_jndOKR7w1UAo9Tu0vrZyOLfqRpHIxYI5SymJJ-pfGCQw6QVpggBH-UgfjiFQ2JOxqxG0Jx94kW83c\/s1600\/logo-principal.jpg\" width=\"100%\" height=\"100\" \/><\/a><!--bestpublic-voz01--><!--desk-in-out-voz01--><br \/>\n<!--publicidad-voz02--><a href=\"https:\/\/www.hellincf.com\/\"><img decoding=\"async\" class=\"alignnone size-medium\" src=\"https:\/\/blogger.googleusercontent.com\/img\/b\/R29vZ2xl\/AVvXsEhuZ4-XfBVj3UtdP8-RZugy3WVrg-Zv28c53m4oV47qYCxL1rX_dqWX_YddsGSnpH5SRDqZ7bZeKPIfDVCDncpjVlhy3aQs2vojcJBn7Gdv9hC2_Nzct_pRFrnFE1a7KTCdY1bT_kAgnY3-iadRZrGeJf1fR2P5fu11bokx0pWjaypoy-ctwCjklldpEbA\/s1600\/logo-principal7.jpg\" width=\"100%\" height=\"100\" \/><\/a><!--bestpublic-voz02--><!--desk-in-out-voz02--><\/p>\n<p style=\"text-align: justify;\">Y para celebrarlo se ha programado un concierto muy especial junto a la Orquesta Escuela Municipal de M\u00fasica de Hell\u00edn que tendr\u00e1 lugar en el Teatro Victoria el 14 de diciembre de 2019.<\/p>\n<p style=\"text-align: justify;\">En este concierto Sinf\u00f3nico, titulado \u201cLA SINFON\u00cdA DEL DELIRIO: 20 a\u00d1os de Rock Cannalla\u201d, la banda repasar\u00e1 su trayectoria musical junto a la orquesta dirigida por el maestro Jes\u00fas Miguel P\u00e9rez Castro, y en el que se dar\u00e1n cita m\u00e1s de 60 m\u00fasicos en el escenario uniendo fuerzas para ofrecer un espect\u00e1culo \u00fanico nunca visto en Hell\u00edn.<\/p>\n<p style=\"text-align: justify;\">Es un proyecto muy ambicioso en el que la banda y el equipo de arreglistas orquestales, coordinado por el director de la Escuela de M\u00fasica, llevan trabajando desde Octubre del a\u00f1o pasado con el fin de ofrecer un espect\u00e1culo de calidad que pueda ser grabado y editado posteriormente para su recuerdo.<\/p>\n<p style=\"text-align: justify;\">En el concierto se podr\u00e1 disfrutar de la discograf\u00eda de la banda vestida de gala para tan especial ocasi\u00f3n. Sonar\u00e1n temas tan m\u00edticos de \u00d1\u2019Cannalla como <em>\u201cEl \u00c1rbol del tiempo\u201d, \u201cA las Nubes\u201d <\/em>o<em> \u201cEl Quinto Elemento\u201d<\/em><em>,<\/em> con arreglos sinf\u00f3nicos orquestales.<\/p>\n<p style=\"text-align: justify;\">\u00d1\u2019Cannalla tiene tres discos publicados hasta la fecha (<em>\u201cEl \u00c1rbol del tiempo\u201d <\/em>\u2013 2002<em>, \u201cEl Mundo en dos\u201d <\/em>\u2013 \u00a02011 y<em> \u201cDelirio\u201d <\/em>\u2013 2015) y est\u00e1 formado por: Molono (voz, 1999), Robert (bajo y coros, 1999), Jordi (guitarra r\u00edtmica y coros, 1999), Luis (teclado, 2000) y Gonzalo (guitarra solista, 2006).<\/p>\n<p style=\"text-align: justify;\">LA SINFON\u00cdA DEL DELIRIO: 20 a\u00d1os de Rock Cannalla, tras 14 meses de duro trabajo, ver\u00e1 su culminaci\u00f3n el S\u00e1bado 14 de Diciembre en el Teatro Victoria de Hell\u00edn, a las 19:00 h.<\/p>\n<p style=\"text-align: justify;\">Pr\u00f3ximamente se pondr\u00e1n a la venta las entradas en los puntos habituales.<\/p>\n<p><!--publicidad-voz03--><a href=\"https:\/\/www.facebook.com\/profile.php?id=100063593791305&amp;locale=es_ES\"><img decoding=\"async\" class=\"alignnone size-medium\" src=\"https:\/\/blogger.googleusercontent.com\/img\/b\/R29vZ2xl\/AVvXsEi8_n_ll8UOcGxCqzFvb_9Io4ICczlGC990BPtPj2w9Px-u7B3oqWUW5vtjZUqPNJ-nyjiUIorE0ATsib_l5tV8BVN-UJ03RTnU__IHJF_4DgDBtY4LIqXNG-FomrO-7ywes20CBCRM2Hcm7EJSh3UUw1dO-c_uTflUrtgY1i7uBRezj_DpympmEFkfbQY\/s1600\/logo-principal2.jpg\" width=\"100%\" height=\"100\" \/><\/a><!--bestpublic-voz03--><!--desk-in-out-voz03--><br \/>\n<!--publicidad-voz04--><a href=\"https:\/\/www.facebook.com\/profile.php?id=61557370768692&amp;locale=es_ES\"><img decoding=\"async\" class=\"alignnone size-medium\" src=\"https:\/\/blogger.googleusercontent.com\/img\/b\/R29vZ2xl\/AVvXsEgy5RdcfffrnrItnYTcV9bCJjgJwldsQLWssfVfrLbyfXeBNTFKgBf0rMIvhrUaGUhiXzVr9_eQgCbi-j63ZDpfTvLIty9w7s140y-m1yHe7eKmEK7v2NAHUJDVYGdfeiQFeRCqUjdwWmN1MX_AUxxz4IVdJ4WIM0APxit8bjWkXzrnEFGqBvW_1F13H1g\/s1600\/logo-principal5.jpg\" width=\"100%\" height=\"100\" \/><\/a><!--bestpublic-voz04--><!--desk-in-out-voz04--><br \/>\n<!--publicidad-voz05--><a href=\"https:\/\/www.facebook.com\/asociaciontamborileroshellin?locale=es_ES\"><img decoding=\"async\" class=\"alignnone size-medium\" src=\"https:\/\/blogger.googleusercontent.com\/img\/b\/R29vZ2xl\/AVvXsEhHEEpZsKK1VpwiYMrS7aE2ujtqIDZoLd4B5wtbiseSU9s2HdTdQfhF84So2XwEB1fv0BLw95GADm6hUl1bkKtzh-eIgVigXONuu_5RxeIMPhjk8q6uNX4EaEHbooKkbu7pCADWPpVJjhKIH5NQSJpWqedC-YBez4QAQeJYokkLot9bhrIaUAeztsGis6M\/s1600\/logo-principal3.jpg\" width=\"100%\" height=\"100\" \/><\/a><!--bestpublic-voz05--><!--desk-in-out-voz05--><br \/>\n<!--publicidad-voz06--><!--bestpublic-voz06--><!--desk-in-out-voz06--><br \/>\n<!--publicidad-voz07--><!--bestpublic-voz07--><!--desk-in-out-voz07--><br \/>\n<!--publicidad-voz08--><!--bestpublic-voz08--><!--desk-in-out-voz08--><br \/>\n<!--publicidad-voz09--><!--bestpublic-voz09--><!--desk-in-out-voz09--><br \/>\n<!--publicidad-voz10--><!--bestpublic-voz10--><!--desk-in-out-voz10--><br \/>\n<!--publicidad-voz11--><!--bestpublic-voz11--><!--desk-in-out-voz11--><br \/>\n<!--publicidad-voz12--><!--bestpublic-voz12--><!--desk-in-out-voz12--><br \/>\n<!--publicidad-voz13--><!--bestpublic-voz13--><!--desk-in-out-voz13--><br \/>\n<!--publicidad-voz14--><!--bestpublic-voz14--><!--desk-in-out-voz14--><br \/>\n<!--publicidad-voz15--><!--bestpublic-voz15--><!--desk-in-out-voz15--><br \/>\n<!--publicidad-voz16--><!--bestpublic-voz16--><!--desk-in-out-voz16--><\/p>\n","protected":false},"excerpt":{"rendered":"<p>LA BANDA M\u00c1S VETERANA DEL PANORAMA MUSICAL HELLINERO, \u00d1\u00b4CANNALLA, CUMPLE 20 A\u00d1OS DE CARRERA.<\/p>\n","protected":false},"author":2,"featured_media":90582,"comment_status":"closed","ping_status":"closed","sticky":false,"template":"","format":"standard","meta":{"footnotes":""},"categories":[719,718,715,716,717],"tags":[],"class_list":["post-101445","post","type-post","status-publish","format-standard","has-post-thumbnail","hentry","category-blog-lv001","category-blogger","category-la-voz-de-hellin","category-la-voz-de-hellin-la-voz-de-hellin","category-noticias"],"_links":{"self":[{"href":"https:\/\/lavozdehellin.com\/noticias\/wp-json\/wp\/v2\/posts\/101445","targetHints":{"allow":["GET"]}}],"collection":[{"href":"https:\/\/lavozdehellin.com\/noticias\/wp-json\/wp\/v2\/posts"}],"about":[{"href":"https:\/\/lavozdehellin.com\/noticias\/wp-json\/wp\/v2\/types\/post"}],"author":[{"embeddable":true,"href":"https:\/\/lavozdehellin.com\/noticias\/wp-json\/wp\/v2\/users\/2"}],"replies":[{"embeddable":true,"href":"https:\/\/lavozdehellin.com\/noticias\/wp-json\/wp\/v2\/comments?post=101445"}],"version-history":[{"count":0,"href":"https:\/\/lavozdehellin.com\/noticias\/wp-json\/wp\/v2\/posts\/101445\/revisions"}],"wp:featuredmedia":[{"embeddable":true,"href":"https:\/\/lavozdehellin.com\/noticias\/wp-json\/wp\/v2\/media\/90582"}],"wp:attachment":[{"href":"https:\/\/lavozdehellin.com\/noticias\/wp-json\/wp\/v2\/media?parent=101445"}],"wp:term":[{"taxonomy":"category","embeddable":true,"href":"https:\/\/lavozdehellin.com\/noticias\/wp-json\/wp\/v2\/categories?post=101445"},{"taxonomy":"post_tag","embeddable":true,"href":"https:\/\/lavozdehellin.com\/noticias\/wp-json\/wp\/v2\/tags?post=101445"}],"curies":[{"name":"wp","href":"https:\/\/api.w.org\/{rel}","templated":true}]}}