{"id":101446,"date":"2019-08-08T16:36:45","date_gmt":"2019-08-08T16:36:45","guid":{"rendered":"https:\/\/lavozdehellin.com\/noticias\/v00-025-agustin-gonzalez-nuevo-presidente-local-de-cruz-roja-espanola-en-hellin\/"},"modified":"2024-01-04T14:05:15","modified_gmt":"2024-01-04T14:05:15","slug":"v00-025-agustin-gonzalez-nuevo-presidente-local-de-cruz-roja-espanola-en-hellin","status":"publish","type":"post","link":"https:\/\/lavozdehellin.com\/noticias\/v00-025-agustin-gonzalez-nuevo-presidente-local-de-cruz-roja-espanola-en-hellin\/","title":{"rendered":"LVH NOTICIAS | AGUST\u00cdN GONZ\u00c1LEZ NUEVO PRESIDENTE LOCAL DE CRUZ ROJA ESPA\u00d1OLA EN HELL\u00cdN."},"content":{"rendered":"<p style=\"text-align: justify;\">Agust\u00edn Gonz\u00e1lez nuevo presidente local de Cruz Roja Espa\u00f1ola en Hell\u00edn.<\/p>\n<p><!--more--><br \/>\n<!--publicidad-voz01--><a href=\"https:\/\/www.facebook.com\/SoloRadioHellin\/?locale=es_ES\"><img decoding=\"async\" class=\"alignnone size-medium\" src=\"https:\/\/blogger.googleusercontent.com\/img\/b\/R29vZ2xl\/AVvXsEiNncirNnyGedv00mhjZjh5Wl4_YPdJGanoAl8tL8zH-HwqE8uHqjEfSt340RHdx-9tuCSIkZ8rFamZiGyYlgDGxCsmXjCH_1xk5eYM3ntFZRvJP_jndOKR7w1UAo9Tu0vrZyOLfqRpHIxYI5SymJJ-pfGCQw6QVpggBH-UgfjiFQ2JOxqxG0Jx94kW83c\/s1600\/logo-principal.jpg\" width=\"100%\" height=\"100\" \/><\/a><!--bestpublic-voz01--><!--desk-in-out-voz01--><br \/>\n<!--publicidad-voz02--><a href=\"https:\/\/www.hellincf.com\/\"><img decoding=\"async\" class=\"alignnone size-medium\" src=\"https:\/\/blogger.googleusercontent.com\/img\/b\/R29vZ2xl\/AVvXsEhuZ4-XfBVj3UtdP8-RZugy3WVrg-Zv28c53m4oV47qYCxL1rX_dqWX_YddsGSnpH5SRDqZ7bZeKPIfDVCDncpjVlhy3aQs2vojcJBn7Gdv9hC2_Nzct_pRFrnFE1a7KTCdY1bT_kAgnY3-iadRZrGeJf1fR2P5fu11bokx0pWjaypoy-ctwCjklldpEbA\/s1600\/logo-principal7.jpg\" width=\"100%\" height=\"100\" \/><\/a><!--bestpublic-voz02--><!--desk-in-out-voz02--><\/p>\n<p style=\"text-align: justify;\">El Presidente Provincial de Cruz Roja Espa\u00f1ola en Albacete, D. Eloy Ortiz Gonz\u00e1lez, una vez finalizado el proceso electoral llevado a cabo por la Instituci\u00f3n Humanitaria, ha nombrado a los presidentes y presidentas de los catorce Comit\u00e9s Locales de Cruz Roja Espa\u00f1ola constituidos en la provincia de Albacete:<\/p>\n<table width=\"490\">\n<tbody>\n<tr>\n<td width=\"240\">ASAMBLEA LOCAL<\/td>\n<td width=\"250\">PRESIDENTE\/A<\/td>\n<\/tr>\n<tr>\n<td width=\"240\">ALBACETE<\/td>\n<td width=\"250\">Francisco P\u00e9rez del Campo<\/td>\n<\/tr>\n<tr>\n<td width=\"240\">ALMANSA<\/td>\n<td width=\"250\">Nieves L\u00f3pez Rubio<\/td>\n<\/tr>\n<tr>\n<td width=\"240\">BALAZOTE<\/td>\n<td width=\"250\">Silvia Ja\u00e9n Mart\u00ednez<\/td>\n<\/tr>\n<tr>\n<td width=\"240\">CASAS IB\u00c1\u00d1EZ<\/td>\n<td width=\"250\">Miguel G\u00f3mez G\u00f3mez<\/td>\n<\/tr>\n<tr>\n<td width=\"240\">CAUDETE<\/td>\n<td width=\"250\">Jos\u00e9 Antonio S\u00e1nchez Mart\u00ednez<\/td>\n<\/tr>\n<tr>\n<td width=\"240\">ELCHE DE LA SIERRA<\/td>\n<td width=\"250\">M\u00aa Elena S\u00e1nchez Baeza<\/td>\n<\/tr>\n<tr>\n<td width=\"240\">HELL\u00cdN<\/td>\n<td width=\"250\">Agust\u00edn Gonz\u00e1lez Garc\u00eda<\/td>\n<\/tr>\n<tr>\n<td width=\"240\">MADRIGUERAS<\/td>\n<td width=\"250\">Julio Fernando Gonz\u00e1lez Garc\u00eda<\/td>\n<\/tr>\n<tr>\n<td width=\"240\">MAHORA<\/td>\n<td width=\"250\">Llanos Garc\u00eda G\u00f3mez<\/td>\n<\/tr>\n<tr>\n<td width=\"240\">MUNERA<\/td>\n<td width=\"250\">Rafael Mart\u00ednez Mart\u00ednez<\/td>\n<\/tr>\n<tr>\n<td width=\"240\">LA RODA<\/td>\n<td width=\"250\">Andr\u00e9s S\u00e1nchez Garc\u00eda<\/td>\n<\/tr>\n<tr>\n<td width=\"240\">TOBARRA<\/td>\n<td width=\"250\">Manuel Rom\u00e1n L\u00f3pez<\/td>\n<\/tr>\n<tr>\n<td width=\"240\">VILLAMALEA<\/td>\n<td width=\"250\">Francisca Medina Soriano<\/td>\n<\/tr>\n<tr>\n<td width=\"240\">VILLARROBLEDO<\/td>\n<td width=\"250\">Ram\u00f3n P\u00e9rez P\u00e9rez<\/td>\n<\/tr>\n<\/tbody>\n<\/table>\n<p style=\"text-align: justify;\">Son personas comprometidas con los Principios Fundamentales de Cruz Roja, que van a dirigir durante los pr\u00f3ximos cuatro a\u00f1os a los equipos de voluntarios y voluntarias en las distintas localidades de la provincia, posibilitando la continuidad de la actividad de Cruz Roja en beneficio de la poblaci\u00f3n en general y, especialmente, en beneficio de las personas y colectivos m\u00e1s vulnerables.<\/p>\n<p style=\"text-align: justify;\">De los catorce presidentes repiten 10 y cambian 4 (Balazote, Casas Ib\u00e1\u00f1ez, Hell\u00edn y Villamalea).<\/p>\n<p><!--publicidad-voz03--><a href=\"https:\/\/www.facebook.com\/profile.php?id=100063593791305&amp;locale=es_ES\"><img decoding=\"async\" class=\"alignnone size-medium\" src=\"https:\/\/blogger.googleusercontent.com\/img\/b\/R29vZ2xl\/AVvXsEi8_n_ll8UOcGxCqzFvb_9Io4ICczlGC990BPtPj2w9Px-u7B3oqWUW5vtjZUqPNJ-nyjiUIorE0ATsib_l5tV8BVN-UJ03RTnU__IHJF_4DgDBtY4LIqXNG-FomrO-7ywes20CBCRM2Hcm7EJSh3UUw1dO-c_uTflUrtgY1i7uBRezj_DpympmEFkfbQY\/s1600\/logo-principal2.jpg\" width=\"100%\" height=\"100\" \/><\/a><!--bestpublic-voz03--><!--desk-in-out-voz03--><br \/>\n<!--publicidad-voz04--><a href=\"https:\/\/www.facebook.com\/profile.php?id=61557370768692&amp;locale=es_ES\"><img decoding=\"async\" class=\"alignnone size-medium\" src=\"https:\/\/blogger.googleusercontent.com\/img\/b\/R29vZ2xl\/AVvXsEgy5RdcfffrnrItnYTcV9bCJjgJwldsQLWssfVfrLbyfXeBNTFKgBf0rMIvhrUaGUhiXzVr9_eQgCbi-j63ZDpfTvLIty9w7s140y-m1yHe7eKmEK7v2NAHUJDVYGdfeiQFeRCqUjdwWmN1MX_AUxxz4IVdJ4WIM0APxit8bjWkXzrnEFGqBvW_1F13H1g\/s1600\/logo-principal5.jpg\" width=\"100%\" height=\"100\" \/><\/a><!--bestpublic-voz04--><!--desk-in-out-voz04--><br \/>\n<!--publicidad-voz05--><a href=\"https:\/\/www.facebook.com\/asociaciontamborileroshellin?locale=es_ES\"><img decoding=\"async\" class=\"alignnone size-medium\" src=\"https:\/\/blogger.googleusercontent.com\/img\/b\/R29vZ2xl\/AVvXsEhHEEpZsKK1VpwiYMrS7aE2ujtqIDZoLd4B5wtbiseSU9s2HdTdQfhF84So2XwEB1fv0BLw95GADm6hUl1bkKtzh-eIgVigXONuu_5RxeIMPhjk8q6uNX4EaEHbooKkbu7pCADWPpVJjhKIH5NQSJpWqedC-YBez4QAQeJYokkLot9bhrIaUAeztsGis6M\/s1600\/logo-principal3.jpg\" width=\"100%\" height=\"100\" \/><\/a><!--bestpublic-voz05--><!--desk-in-out-voz05--><br \/>\n<!--publicidad-voz06--><!--bestpublic-voz06--><!--desk-in-out-voz06--><br \/>\n<!--publicidad-voz07--><!--bestpublic-voz07--><!--desk-in-out-voz07--><br \/>\n<!--publicidad-voz08--><!--bestpublic-voz08--><!--desk-in-out-voz08--><br \/>\n<!--publicidad-voz09--><!--bestpublic-voz09--><!--desk-in-out-voz09--><br \/>\n<!--publicidad-voz10--><!--bestpublic-voz10--><!--desk-in-out-voz10--><br \/>\n<!--publicidad-voz11--><!--bestpublic-voz11--><!--desk-in-out-voz11--><br \/>\n<!--publicidad-voz12--><!--bestpublic-voz12--><!--desk-in-out-voz12--><br \/>\n<!--publicidad-voz13--><!--bestpublic-voz13--><!--desk-in-out-voz13--><br \/>\n<!--publicidad-voz14--><!--bestpublic-voz14--><!--desk-in-out-voz14--><br \/>\n<!--publicidad-voz15--><!--bestpublic-voz15--><!--desk-in-out-voz15--><br \/>\n<!--publicidad-voz16--><!--bestpublic-voz16--><!--desk-in-out-voz16--><\/p>\n","protected":false},"excerpt":{"rendered":"<p>AGUST\u00cdN GONZ\u00c1LEZ NUEVO PRESIDENTE LOCAL DE CRUZ ROJA ESPA\u00d1OLA EN HELL\u00cdN.<\/p>\n","protected":false},"author":2,"featured_media":90582,"comment_status":"closed","ping_status":"closed","sticky":false,"template":"","format":"standard","meta":{"footnotes":""},"categories":[719,718,715,716,717],"tags":[],"class_list":["post-101446","post","type-post","status-publish","format-standard","has-post-thumbnail","hentry","category-blog-lv001","category-blogger","category-la-voz-de-hellin","category-la-voz-de-hellin-la-voz-de-hellin","category-noticias"],"_links":{"self":[{"href":"https:\/\/lavozdehellin.com\/noticias\/wp-json\/wp\/v2\/posts\/101446","targetHints":{"allow":["GET"]}}],"collection":[{"href":"https:\/\/lavozdehellin.com\/noticias\/wp-json\/wp\/v2\/posts"}],"about":[{"href":"https:\/\/lavozdehellin.com\/noticias\/wp-json\/wp\/v2\/types\/post"}],"author":[{"embeddable":true,"href":"https:\/\/lavozdehellin.com\/noticias\/wp-json\/wp\/v2\/users\/2"}],"replies":[{"embeddable":true,"href":"https:\/\/lavozdehellin.com\/noticias\/wp-json\/wp\/v2\/comments?post=101446"}],"version-history":[{"count":0,"href":"https:\/\/lavozdehellin.com\/noticias\/wp-json\/wp\/v2\/posts\/101446\/revisions"}],"wp:featuredmedia":[{"embeddable":true,"href":"https:\/\/lavozdehellin.com\/noticias\/wp-json\/wp\/v2\/media\/90582"}],"wp:attachment":[{"href":"https:\/\/lavozdehellin.com\/noticias\/wp-json\/wp\/v2\/media?parent=101446"}],"wp:term":[{"taxonomy":"category","embeddable":true,"href":"https:\/\/lavozdehellin.com\/noticias\/wp-json\/wp\/v2\/categories?post=101446"},{"taxonomy":"post_tag","embeddable":true,"href":"https:\/\/lavozdehellin.com\/noticias\/wp-json\/wp\/v2\/tags?post=101446"}],"curies":[{"name":"wp","href":"https:\/\/api.w.org\/{rel}","templated":true}]}}