{"id":101447,"date":"2019-07-05T16:44:16","date_gmt":"2019-07-05T16:44:16","guid":{"rendered":"https:\/\/lavozdehellin.com\/noticias\/v00-026-emiliano-garcia-page-pedira-al-nuevo-gobierno-de-espana-que-cumpla-con-la-ley-y-las-directivas-europeas-en-materia-hidrica-despues-de-que-la-comision-de-explotacion-del-transvase-tajo-segura-h\/"},"modified":"2024-01-04T14:05:19","modified_gmt":"2024-01-04T14:05:19","slug":"v00-026-emiliano-garcia-page-pedira-al-nuevo-gobierno-de-espana-que-cumpla-con-la-ley-y-las-directivas-europeas-en-materia-hidrica-despues-de-que-la-comision-de-explotacion-del-transvase-tajo-segura-h","status":"publish","type":"post","link":"https:\/\/lavozdehellin.com\/noticias\/v00-026-emiliano-garcia-page-pedira-al-nuevo-gobierno-de-espana-que-cumpla-con-la-ley-y-las-directivas-europeas-en-materia-hidrica-despues-de-que-la-comision-de-explotacion-del-transvase-tajo-segura-h\/","title":{"rendered":"LVH NOTICIAS | EMILIANO GARC\u00cdA-PAGE PEDIR\u00c1 AL NUEVO GOBIERNO DE ESPA\u00d1A, QUE CUMPLA CON LA LEY Y LAS DIRECTIVAS EUROPEAS EN MATERIA H\u00cdDRICA, DESPU\u00c9S DE QUE LA COMISI\u00d3N DE EXPLOTACI\u00d3N DEL TRANSVASE TAJO-SEGURA HAYA PROPUESTO UNA NUEVA DERIVACI\u00d3N DE 20 HECT\u00d3METROS C\u00daBICOS PARA EL LEVANTE."},"content":{"rendered":"<p style=\"text-align: justify;\">El presidente electo de Castilla-La Mancha, Emiliano Garc\u00eda-Page, ha asegurado que pedir\u00e1 al nuevo Gobierno de Espa\u00f1a \u201cde una manera m\u00e1s insistente y m\u00e1s clara\u201d que cumpla con la ley y las directivas europeas en materia h\u00eddrica, despu\u00e9s de que este jueves la Comisi\u00f3n de Explotaci\u00f3n del Trasvase Tajo-Segura haya propuesto al Ministerio para la Transici\u00f3n Ecol\u00f3gica una nueva derivaci\u00f3n de 20 hect\u00f3metros c\u00fabicos para el mes de julio en direcci\u00f3n a las regiones de Levante.<\/p>\n<p><!--more--><br \/>\n<!--publicidad-voz01--><a href=\"https:\/\/www.facebook.com\/SoloRadioHellin\/?locale=es_ES\"><img decoding=\"async\" class=\"alignnone size-medium\" src=\"https:\/\/blogger.googleusercontent.com\/img\/b\/R29vZ2xl\/AVvXsEiNncirNnyGedv00mhjZjh5Wl4_YPdJGanoAl8tL8zH-HwqE8uHqjEfSt340RHdx-9tuCSIkZ8rFamZiGyYlgDGxCsmXjCH_1xk5eYM3ntFZRvJP_jndOKR7w1UAo9Tu0vrZyOLfqRpHIxYI5SymJJ-pfGCQw6QVpggBH-UgfjiFQ2JOxqxG0Jx94kW83c\/s1600\/logo-principal.jpg\" width=\"100%\" height=\"100\" \/><\/a><!--bestpublic-voz01--><!--desk-in-out-voz01--><br \/>\n<!--publicidad-voz02--><a href=\"https:\/\/www.hellincf.com\/\"><img decoding=\"async\" class=\"alignnone size-medium\" src=\"https:\/\/blogger.googleusercontent.com\/img\/b\/R29vZ2xl\/AVvXsEhuZ4-XfBVj3UtdP8-RZugy3WVrg-Zv28c53m4oV47qYCxL1rX_dqWX_YddsGSnpH5SRDqZ7bZeKPIfDVCDncpjVlhy3aQs2vojcJBn7Gdv9hC2_Nzct_pRFrnFE1a7KTCdY1bT_kAgnY3-iadRZrGeJf1fR2P5fu11bokx0pWjaypoy-ctwCjklldpEbA\/s1600\/logo-principal7.jpg\" width=\"100%\" height=\"100\" \/><\/a><!--bestpublic-voz02--><!--desk-in-out-voz02--><\/p>\n<p style=\"text-align: justify;\">\u201cSe ha ido de madre el debate y se ha ido de madre la realidad\u201d, ha subrayado Garc\u00eda-Page, para quien el cambio en el modelo h\u00eddrico a nivel nacional \u201ces claramente la gran apuesta de la legislatura\u201d.<\/p>\n<p style=\"text-align: justify;\">Tras la sesi\u00f3n constitutiva de la Diputaci\u00f3n provincial de Toledo y, a preguntas de los periodistas, el jefe del Ejecutivo auton\u00f3mico castellano-manchego ha asegurado que esta nueva propuesta de trasvase es \u201cuna decisi\u00f3n tan mala como las anteriores\u201d y que responde a un \u201cmodelo caducado\u201d, para cuya evoluci\u00f3n no ayuda la situaci\u00f3n de \u201cinterinidad\u201d en la que se encuentra actualmente el Gobierno central.<\/p>\n<p style=\"text-align: justify;\">En este sentido, Garc\u00eda-Page, ha adelantado que, en pocas semanas, se van a conocer cu\u00e1les son los nuevos caudales ecol\u00f3gicos que se proponen para el r\u00edo Tajo, tras las sentencias del Tribunal Supremo; caudales que, se ha mostrado convencido, \u201ctienen que ser muy superiores a los actuales\u201d.<\/p>\n<p style=\"text-align: justify;\">Del mismo modo, ha hecho hincapi\u00e9 en que tanto la normativa como \u201cla t\u00e9cnica\u201d van justo en la \u201cdirecci\u00f3n contraria a los trasvases\u201d tal y como est\u00e1n actualmente planteados, raz\u00f3n por la que espera que haya cambios en el modelo de gesti\u00f3n de los recursos del pa\u00eds, tambi\u00e9n ante la, cada vez mayor, falta de agua.<\/p>\n<p style=\"text-align: justify;\">A juicio del presidente electo de Castila-La Mancha, el nuevo Gobierno central que sea investido, \u201ctiene que hacer lo que dicen\u201d en foros como la ONU o la Uni\u00f3n Europea, ya que \u201csi somos sostenibles para el tratado de Par\u00eds\u201d, el Ejecutivo nacional tambi\u00e9n debe serlo \u201csin duda ninguna\u201d para poner fin a una pol\u00edtica h\u00eddrica que, \u201ca estas alturas, solo produce incomprensi\u00f3n en una parte del pa\u00eds y frustraci\u00f3n en el resto\u201d.<\/p>\n<p><!--publicidad-voz03--><a href=\"https:\/\/www.facebook.com\/profile.php?id=100063593791305&amp;locale=es_ES\"><img decoding=\"async\" class=\"alignnone size-medium\" src=\"https:\/\/blogger.googleusercontent.com\/img\/b\/R29vZ2xl\/AVvXsEi8_n_ll8UOcGxCqzFvb_9Io4ICczlGC990BPtPj2w9Px-u7B3oqWUW5vtjZUqPNJ-nyjiUIorE0ATsib_l5tV8BVN-UJ03RTnU__IHJF_4DgDBtY4LIqXNG-FomrO-7ywes20CBCRM2Hcm7EJSh3UUw1dO-c_uTflUrtgY1i7uBRezj_DpympmEFkfbQY\/s1600\/logo-principal2.jpg\" width=\"100%\" height=\"100\" \/><\/a><!--bestpublic-voz03--><!--desk-in-out-voz03--><br \/>\n<!--publicidad-voz04--><a href=\"https:\/\/www.facebook.com\/profile.php?id=61557370768692&amp;locale=es_ES\"><img decoding=\"async\" class=\"alignnone size-medium\" src=\"https:\/\/blogger.googleusercontent.com\/img\/b\/R29vZ2xl\/AVvXsEgy5RdcfffrnrItnYTcV9bCJjgJwldsQLWssfVfrLbyfXeBNTFKgBf0rMIvhrUaGUhiXzVr9_eQgCbi-j63ZDpfTvLIty9w7s140y-m1yHe7eKmEK7v2NAHUJDVYGdfeiQFeRCqUjdwWmN1MX_AUxxz4IVdJ4WIM0APxit8bjWkXzrnEFGqBvW_1F13H1g\/s1600\/logo-principal5.jpg\" width=\"100%\" height=\"100\" \/><\/a><!--bestpublic-voz04--><!--desk-in-out-voz04--><br \/>\n<!--publicidad-voz05--><a href=\"https:\/\/www.facebook.com\/asociaciontamborileroshellin?locale=es_ES\"><img decoding=\"async\" class=\"alignnone size-medium\" src=\"https:\/\/blogger.googleusercontent.com\/img\/b\/R29vZ2xl\/AVvXsEhHEEpZsKK1VpwiYMrS7aE2ujtqIDZoLd4B5wtbiseSU9s2HdTdQfhF84So2XwEB1fv0BLw95GADm6hUl1bkKtzh-eIgVigXONuu_5RxeIMPhjk8q6uNX4EaEHbooKkbu7pCADWPpVJjhKIH5NQSJpWqedC-YBez4QAQeJYokkLot9bhrIaUAeztsGis6M\/s1600\/logo-principal3.jpg\" width=\"100%\" height=\"100\" \/><\/a><!--bestpublic-voz05--><!--desk-in-out-voz05--><br \/>\n<!--publicidad-voz06--><!--bestpublic-voz06--><!--desk-in-out-voz06--><br \/>\n<!--publicidad-voz07--><!--bestpublic-voz07--><!--desk-in-out-voz07--><br \/>\n<!--publicidad-voz08--><!--bestpublic-voz08--><!--desk-in-out-voz08--><br \/>\n<!--publicidad-voz09--><!--bestpublic-voz09--><!--desk-in-out-voz09--><br \/>\n<!--publicidad-voz10--><!--bestpublic-voz10--><!--desk-in-out-voz10--><br \/>\n<!--publicidad-voz11--><!--bestpublic-voz11--><!--desk-in-out-voz11--><br \/>\n<!--publicidad-voz12--><!--bestpublic-voz12--><!--desk-in-out-voz12--><br \/>\n<!--publicidad-voz13--><!--bestpublic-voz13--><!--desk-in-out-voz13--><br \/>\n<!--publicidad-voz14--><!--bestpublic-voz14--><!--desk-in-out-voz14--><br \/>\n<!--publicidad-voz15--><!--bestpublic-voz15--><!--desk-in-out-voz15--><br \/>\n<!--publicidad-voz16--><!--bestpublic-voz16--><!--desk-in-out-voz16--><\/p>\n","protected":false},"excerpt":{"rendered":"<p>EMILIANO GARC\u00cdA-PAGE PEDIR\u00c1 AL NUEVO GOBIERNO DE ESPA\u00d1A, QUE CUMPLA CON LA LEY Y LAS  DIRECTIVAS EUROPEAS EN MATERIA H\u00cdDRICA, DESPU\u00c9S DE QUE LA COMISI\u00d3N DE EXPLOTACI\u00d3N DEL TRANSVASE TAJO-SEGURA HAYA PROPUESTO UNA NUEVA DERIVACI\u00d3N DE 20 HECT\u00d3METROS C\u00daBICOS PARA EL LEVANTE.<\/p>\n","protected":false},"author":2,"featured_media":90580,"comment_status":"closed","ping_status":"closed","sticky":false,"template":"","format":"standard","meta":{"footnotes":""},"categories":[719,718,715,716,717],"tags":[],"class_list":["post-101447","post","type-post","status-publish","format-standard","has-post-thumbnail","hentry","category-blog-lv001","category-blogger","category-la-voz-de-hellin","category-la-voz-de-hellin-la-voz-de-hellin","category-noticias"],"_links":{"self":[{"href":"https:\/\/lavozdehellin.com\/noticias\/wp-json\/wp\/v2\/posts\/101447","targetHints":{"allow":["GET"]}}],"collection":[{"href":"https:\/\/lavozdehellin.com\/noticias\/wp-json\/wp\/v2\/posts"}],"about":[{"href":"https:\/\/lavozdehellin.com\/noticias\/wp-json\/wp\/v2\/types\/post"}],"author":[{"embeddable":true,"href":"https:\/\/lavozdehellin.com\/noticias\/wp-json\/wp\/v2\/users\/2"}],"replies":[{"embeddable":true,"href":"https:\/\/lavozdehellin.com\/noticias\/wp-json\/wp\/v2\/comments?post=101447"}],"version-history":[{"count":0,"href":"https:\/\/lavozdehellin.com\/noticias\/wp-json\/wp\/v2\/posts\/101447\/revisions"}],"wp:featuredmedia":[{"embeddable":true,"href":"https:\/\/lavozdehellin.com\/noticias\/wp-json\/wp\/v2\/media\/90580"}],"wp:attachment":[{"href":"https:\/\/lavozdehellin.com\/noticias\/wp-json\/wp\/v2\/media?parent=101447"}],"wp:term":[{"taxonomy":"category","embeddable":true,"href":"https:\/\/lavozdehellin.com\/noticias\/wp-json\/wp\/v2\/categories?post=101447"},{"taxonomy":"post_tag","embeddable":true,"href":"https:\/\/lavozdehellin.com\/noticias\/wp-json\/wp\/v2\/tags?post=101447"}],"curies":[{"name":"wp","href":"https:\/\/api.w.org\/{rel}","templated":true}]}}