{"id":101466,"date":"2019-06-27T11:04:24","date_gmt":"2019-06-27T11:04:24","guid":{"rendered":"https:\/\/lavozdehellin.com\/noticias\/v00-045-la-agrupacion-de-electores-hellin-y-el-psoe-solicitan-el-mantenimiento-de-la-via-ferrea-entre-agramon-y-calasparra-la-recuperacion-de-las-estaciones-de-minateda-y-agramon-y-la-habilitacion-de\/"},"modified":"2024-01-04T14:05:21","modified_gmt":"2024-01-04T14:05:21","slug":"v00-045-la-agrupacion-de-electores-hellin-y-el-psoe-solicitan-el-mantenimiento-de-la-via-ferrea-entre-agramon-y-calasparra-la-recuperacion-de-las-estaciones-de-minateda-y-agramon-y-la-habilitacion-de","status":"publish","type":"post","link":"https:\/\/lavozdehellin.com\/noticias\/v00-045-la-agrupacion-de-electores-hellin-y-el-psoe-solicitan-el-mantenimiento-de-la-via-ferrea-entre-agramon-y-calasparra-la-recuperacion-de-las-estaciones-de-minateda-y-agramon-y-la-habilitacion-de\/","title":{"rendered":"LVH NOTICIAS | LA AGRUPACI\u00d3N DE ELECTORES HELL\u00cdN Y EL PSOE, SOLICITAN EL MANTENIMIENTO DE LA VIA F\u00c9RREA ENTRE AGRAM\u00d3N Y CALASPARRA, LA RECUPERACI\u00d3N DE LAS ESTACIONES DE MINATEDA Y AGRAM\u00d3N Y LA HABILITACI\u00d3N DE LAS ESTACIONES Y DE LA VIA PARA UN TREN TUR\u00cdSTICO."},"content":{"rendered":"<p style=\"text-align: justify;\">La Agrupaci\u00f3n de Electores Hell\u00edn y el partido socialista, solicitan conjuntamente el mantenimiento de la v\u00eda f\u00e9rrea entre Agram\u00f3n y Calasparra, la recuperaci\u00f3n de las estaciones de Minateda y Agram\u00f3n y la habilitaci\u00f3n de las estaciones y de la v\u00eda para un tren tur\u00edstico.<\/p>\n<p><!--more--><br \/>\n<!--publicidad-voz01--><a href=\"https:\/\/www.facebook.com\/SoloRadioHellin\/?locale=es_ES\"><img decoding=\"async\" class=\"alignnone size-medium\" src=\"https:\/\/blogger.googleusercontent.com\/img\/b\/R29vZ2xl\/AVvXsEiNncirNnyGedv00mhjZjh5Wl4_YPdJGanoAl8tL8zH-HwqE8uHqjEfSt340RHdx-9tuCSIkZ8rFamZiGyYlgDGxCsmXjCH_1xk5eYM3ntFZRvJP_jndOKR7w1UAo9Tu0vrZyOLfqRpHIxYI5SymJJ-pfGCQw6QVpggBH-UgfjiFQ2JOxqxG0Jx94kW83c\/s1600\/logo-principal.jpg\" width=\"100%\" height=\"100\" \/><\/a><!--bestpublic-voz01--><!--desk-in-out-voz01--><br \/>\n<!--publicidad-voz02--><a href=\"https:\/\/www.hellincf.com\/\"><img decoding=\"async\" class=\"alignnone size-medium\" src=\"https:\/\/blogger.googleusercontent.com\/img\/b\/R29vZ2xl\/AVvXsEhuZ4-XfBVj3UtdP8-RZugy3WVrg-Zv28c53m4oV47qYCxL1rX_dqWX_YddsGSnpH5SRDqZ7bZeKPIfDVCDncpjVlhy3aQs2vojcJBn7Gdv9hC2_Nzct_pRFrnFE1a7KTCdY1bT_kAgnY3-iadRZrGeJf1fR2P5fu11bokx0pWjaypoy-ctwCjklldpEbA\/s1600\/logo-principal7.jpg\" width=\"100%\" height=\"100\" \/><\/a><!--bestpublic-voz02--><!--desk-in-out-voz02--><\/p>\n<p style=\"text-align: justify;\">Una petici\u00f3n que realizan a trav\u00e9s de una moci\u00f3n que ser\u00e1 presentada al pr\u00f3ximo pleno del ayuntamiento de Hell\u00edn explicada a trav\u00e9s de rueda de prensa por Mar\u00eda Jes\u00fas L\u00f3pez concejala de Industria, Comercio y Turismo junto al portavoz del grupo municipal socialista Juli\u00e1n Mart\u00ednez Lizan.<\/p>\n<p style=\"text-align: justify;\">Mar\u00eda Jes\u00fas L\u00f3pez aseguraba que se ha solicitado a Adif que no se proceda al desmonte de la l\u00ednea f\u00e9rrea entre Calasparra y Cieza para mantener un tren lanzadera entre dichas localidades.<\/p>\n<p style=\"text-align: justify;\">Esta decisi\u00f3n, seg\u00fan la concejala, ser\u00eda una oportunidad para Hell\u00edn, demandar que la infraestructura ferroviaria entre la estaci\u00f3n de Agram\u00f3n y Calasparra se mantenga para permitir su uso futuro como v\u00eda para un tren tur\u00edstico.<\/p>\n<p style=\"text-align: justify;\">Lo que se pretende con esta moci\u00f3n es rehabilitar las estaciones de Minateda y Agram\u00f3n para uso tur\u00edstico. Agram\u00f3n como la estaci\u00f3n de entrada a la v\u00eda tur\u00edstica y Minateda como eje central de dos de los m\u00e1s importantes recursos de Hell\u00edn, sus pinturas rupestres y el tolmo de Minateda.<\/p>\n<p style=\"text-align: justify;\">Por su parte, Juli\u00e1n Mart\u00ednez,\u00a0 como portavoz del grupo municipal socialista destacaba la importancia de esta moci\u00f3n que ser\u00e1 tratada en pr\u00f3ximo pleno del ayuntamiento de Hell\u00edn.<\/p>\n<p><!--publicidad-voz03--><a href=\"https:\/\/www.facebook.com\/profile.php?id=100063593791305&amp;locale=es_ES\"><img decoding=\"async\" class=\"alignnone size-medium\" src=\"https:\/\/blogger.googleusercontent.com\/img\/b\/R29vZ2xl\/AVvXsEi8_n_ll8UOcGxCqzFvb_9Io4ICczlGC990BPtPj2w9Px-u7B3oqWUW5vtjZUqPNJ-nyjiUIorE0ATsib_l5tV8BVN-UJ03RTnU__IHJF_4DgDBtY4LIqXNG-FomrO-7ywes20CBCRM2Hcm7EJSh3UUw1dO-c_uTflUrtgY1i7uBRezj_DpympmEFkfbQY\/s1600\/logo-principal2.jpg\" width=\"100%\" height=\"100\" \/><\/a><!--bestpublic-voz03--><!--desk-in-out-voz03--><br \/>\n<!--publicidad-voz04--><a href=\"https:\/\/www.facebook.com\/profile.php?id=61557370768692&amp;locale=es_ES\"><img decoding=\"async\" class=\"alignnone size-medium\" src=\"https:\/\/blogger.googleusercontent.com\/img\/b\/R29vZ2xl\/AVvXsEgy5RdcfffrnrItnYTcV9bCJjgJwldsQLWssfVfrLbyfXeBNTFKgBf0rMIvhrUaGUhiXzVr9_eQgCbi-j63ZDpfTvLIty9w7s140y-m1yHe7eKmEK7v2NAHUJDVYGdfeiQFeRCqUjdwWmN1MX_AUxxz4IVdJ4WIM0APxit8bjWkXzrnEFGqBvW_1F13H1g\/s1600\/logo-principal5.jpg\" width=\"100%\" height=\"100\" \/><\/a><!--bestpublic-voz04--><!--desk-in-out-voz04--><br \/>\n<!--publicidad-voz05--><a href=\"https:\/\/www.facebook.com\/asociaciontamborileroshellin?locale=es_ES\"><img decoding=\"async\" class=\"alignnone size-medium\" src=\"https:\/\/blogger.googleusercontent.com\/img\/b\/R29vZ2xl\/AVvXsEhHEEpZsKK1VpwiYMrS7aE2ujtqIDZoLd4B5wtbiseSU9s2HdTdQfhF84So2XwEB1fv0BLw95GADm6hUl1bkKtzh-eIgVigXONuu_5RxeIMPhjk8q6uNX4EaEHbooKkbu7pCADWPpVJjhKIH5NQSJpWqedC-YBez4QAQeJYokkLot9bhrIaUAeztsGis6M\/s1600\/logo-principal3.jpg\" width=\"100%\" height=\"100\" \/><\/a><!--bestpublic-voz05--><!--desk-in-out-voz05--><br \/>\n<!--publicidad-voz06--><!--bestpublic-voz06--><!--desk-in-out-voz06--><br \/>\n<!--publicidad-voz07--><!--bestpublic-voz07--><!--desk-in-out-voz07--><br \/>\n<!--publicidad-voz08--><!--bestpublic-voz08--><!--desk-in-out-voz08--><br \/>\n<!--publicidad-voz09--><!--bestpublic-voz09--><!--desk-in-out-voz09--><br \/>\n<!--publicidad-voz10--><!--bestpublic-voz10--><!--desk-in-out-voz10--><br \/>\n<!--publicidad-voz11--><!--bestpublic-voz11--><!--desk-in-out-voz11--><br \/>\n<!--publicidad-voz12--><!--bestpublic-voz12--><!--desk-in-out-voz12--><br \/>\n<!--publicidad-voz13--><!--bestpublic-voz13--><!--desk-in-out-voz13--><br \/>\n<!--publicidad-voz14--><!--bestpublic-voz14--><!--desk-in-out-voz14--><br \/>\n<!--publicidad-voz15--><!--bestpublic-voz15--><!--desk-in-out-voz15--><br \/>\n<!--publicidad-voz16--><!--bestpublic-voz16--><!--desk-in-out-voz16--><\/p>\n","protected":false},"excerpt":{"rendered":"<p>LA AGRUPACI\u00d3N DE ELECTORES HELL\u00cdN Y EL PSOE, SOLICITAN EL MANTENIMIENTO DE LA VIA F\u00c9RREA ENTRE AGRAM\u00d3N Y CALASPARRA, LA RECUPERACI\u00d3N DE LAS ESTACIONES DE MINATEDA Y AGRAM\u00d3N Y LA HABILITACI\u00d3N DE LAS ESTACIONES Y DE LA VIA PARA UN TREN TUR\u00cdSTICO.<\/p>\n","protected":false},"author":2,"featured_media":90579,"comment_status":"closed","ping_status":"closed","sticky":false,"template":"","format":"standard","meta":{"footnotes":""},"categories":[719,718,715,716,717],"tags":[],"class_list":["post-101466","post","type-post","status-publish","format-standard","has-post-thumbnail","hentry","category-blog-lv001","category-blogger","category-la-voz-de-hellin","category-la-voz-de-hellin-la-voz-de-hellin","category-noticias"],"_links":{"self":[{"href":"https:\/\/lavozdehellin.com\/noticias\/wp-json\/wp\/v2\/posts\/101466","targetHints":{"allow":["GET"]}}],"collection":[{"href":"https:\/\/lavozdehellin.com\/noticias\/wp-json\/wp\/v2\/posts"}],"about":[{"href":"https:\/\/lavozdehellin.com\/noticias\/wp-json\/wp\/v2\/types\/post"}],"author":[{"embeddable":true,"href":"https:\/\/lavozdehellin.com\/noticias\/wp-json\/wp\/v2\/users\/2"}],"replies":[{"embeddable":true,"href":"https:\/\/lavozdehellin.com\/noticias\/wp-json\/wp\/v2\/comments?post=101466"}],"version-history":[{"count":0,"href":"https:\/\/lavozdehellin.com\/noticias\/wp-json\/wp\/v2\/posts\/101466\/revisions"}],"wp:featuredmedia":[{"embeddable":true,"href":"https:\/\/lavozdehellin.com\/noticias\/wp-json\/wp\/v2\/media\/90579"}],"wp:attachment":[{"href":"https:\/\/lavozdehellin.com\/noticias\/wp-json\/wp\/v2\/media?parent=101466"}],"wp:term":[{"taxonomy":"category","embeddable":true,"href":"https:\/\/lavozdehellin.com\/noticias\/wp-json\/wp\/v2\/categories?post=101466"},{"taxonomy":"post_tag","embeddable":true,"href":"https:\/\/lavozdehellin.com\/noticias\/wp-json\/wp\/v2\/tags?post=101466"}],"curies":[{"name":"wp","href":"https:\/\/api.w.org\/{rel}","templated":true}]}}