{"id":101468,"date":"2019-06-27T10:52:05","date_gmt":"2019-06-27T10:52:05","guid":{"rendered":"https:\/\/lavozdehellin.com\/noticias\/v00-047-se-crea-en-hellin-la-asociacion-de-artistas-plasticos-que-tendra-como-mision-reunir-a-todos-los-artistas-de-la-ciudad-y-comarca\/"},"modified":"2024-01-04T14:05:21","modified_gmt":"2024-01-04T14:05:21","slug":"v00-047-se-crea-en-hellin-la-asociacion-de-artistas-plasticos-que-tendra-como-mision-reunir-a-todos-los-artistas-de-la-ciudad-y-comarca","status":"publish","type":"post","link":"https:\/\/lavozdehellin.com\/noticias\/v00-047-se-crea-en-hellin-la-asociacion-de-artistas-plasticos-que-tendra-como-mision-reunir-a-todos-los-artistas-de-la-ciudad-y-comarca\/","title":{"rendered":"LVH NOTICIAS | SE CREA EN HELLIN LA ASOCIACION DE ARTISTAS PLASTICOS QUE TENDR\u00c1 COMO MISI\u00d3N REUNIR A TODOS LOS ARTISTAS DE LA CIUDAD Y COMARCA."},"content":{"rendered":"<p style=\"text-align: justify;\">Se ha creado un nuevo colectivo, la Asociaci\u00f3n de Artistas Pl\u00e1sticos, teniendo como misi\u00f3n reunir a todos los artistas de Hell\u00edn y su Comarca.<\/p>\n<p><!--more--><br \/>\n<!--publicidad-voz01--><a href=\"https:\/\/www.facebook.com\/SoloRadioHellin\/?locale=es_ES\"><img decoding=\"async\" class=\"alignnone size-medium\" src=\"https:\/\/blogger.googleusercontent.com\/img\/b\/R29vZ2xl\/AVvXsEiNncirNnyGedv00mhjZjh5Wl4_YPdJGanoAl8tL8zH-HwqE8uHqjEfSt340RHdx-9tuCSIkZ8rFamZiGyYlgDGxCsmXjCH_1xk5eYM3ntFZRvJP_jndOKR7w1UAo9Tu0vrZyOLfqRpHIxYI5SymJJ-pfGCQw6QVpggBH-UgfjiFQ2JOxqxG0Jx94kW83c\/s1600\/logo-principal.jpg\" width=\"100%\" height=\"100\" \/><\/a><!--bestpublic-voz01--><!--desk-in-out-voz01--><br \/>\n<!--publicidad-voz02--><a href=\"https:\/\/www.hellincf.com\/\"><img decoding=\"async\" class=\"alignnone size-medium\" src=\"https:\/\/blogger.googleusercontent.com\/img\/b\/R29vZ2xl\/AVvXsEhuZ4-XfBVj3UtdP8-RZugy3WVrg-Zv28c53m4oV47qYCxL1rX_dqWX_YddsGSnpH5SRDqZ7bZeKPIfDVCDncpjVlhy3aQs2vojcJBn7Gdv9hC2_Nzct_pRFrnFE1a7KTCdY1bT_kAgnY3-iadRZrGeJf1fR2P5fu11bokx0pWjaypoy-ctwCjklldpEbA\/s1600\/logo-principal7.jpg\" width=\"100%\" height=\"100\" \/><\/a><!--bestpublic-voz02--><!--desk-in-out-voz02--><\/p>\n<p style=\"text-align: justify;\">La Asociaci\u00f3n de Artistas Pl\u00e1sticos esta formada por un gran n\u00famero de artistas en diversas modalidades p\u00e1sticas: pintura, escultura, dise\u00f1o, ceramica, textil, etc.<\/p>\n<p style=\"text-align: justify;\">Se ha intentado que la mayor\u00eda de artistas pl\u00e1sticos tengan un punto de encuentro para tratar todos aquellos aspectos que afectan al panorama art\u00edstico local y comarcal, y desarrollar as\u00ed proyectos que fomenten la cultura.<\/p>\n<p style=\"text-align: justify;\">Se quiere romper el aislamiento de los artistas locales y promover su integraci\u00f3n mediante exposiciones, foros, reuniones, conferencias, cursos formativos, seminarios etc.<\/p>\n<p style=\"text-align: justify;\">El Arte, tiene que formar parte de la cultura local, para ello, esta Asociacion colaborara con Ayuntamiento, Diputaci\u00f3n Provincial, Junta de Comunidades Y Entidades Culturales.<\/p>\n<p style=\"text-align: justify;\">Pretenden defender el Patrimonio Cultural, Art\u00edstico y Paisaj\u00edstico de Hell\u00edn, tanto rural como urbano.\u00a0 Y adem\u00e1s se quiere difundir la obra de todos los asociados, mediante exposiciones, p\u00e1gina web, blog, redes sociales, publicaciones, etc.<\/p>\n<p style=\"text-align: justify;\">Igualmente se quiere estimular el perfeccionamiento art\u00edstico, mediante actividades peri\u00f3dicas y facilitar asesoramiento jur\u00eddico y profesional a los miembros de la Asociaci\u00f3n.<\/p>\n<p style=\"text-align: justify;\">La Asociaci\u00f3n de Artistas Pl\u00e1sticos de Hell\u00edn y su Comarca se constituye como entidad al amparo de la Ley Org\u00e1nica 1\/2002 de 22 de Marzo, sin \u00e1nimo de lucro.<\/p>\n<p style=\"text-align: justify;\">Para contactar : Asociaci\u00f3n de Artistas Pl\u00e1sticos de Hell\u00edn y su Comarca\u00a0\u00a0 <\/p>\n<p style=\"text-align: justify;\">Correo electr\u00f3nico:\u00a0 asociacionartistashellin@gmail.com<\/p>\n<p style=\"text-align: justify;\">Blog:\u00a0 https:\/\/artistashellin.blogspot.com<\/p>\n<p><!--publicidad-voz03--><a href=\"https:\/\/www.facebook.com\/profile.php?id=100063593791305&amp;locale=es_ES\"><img decoding=\"async\" class=\"alignnone size-medium\" src=\"https:\/\/blogger.googleusercontent.com\/img\/b\/R29vZ2xl\/AVvXsEi8_n_ll8UOcGxCqzFvb_9Io4ICczlGC990BPtPj2w9Px-u7B3oqWUW5vtjZUqPNJ-nyjiUIorE0ATsib_l5tV8BVN-UJ03RTnU__IHJF_4DgDBtY4LIqXNG-FomrO-7ywes20CBCRM2Hcm7EJSh3UUw1dO-c_uTflUrtgY1i7uBRezj_DpympmEFkfbQY\/s1600\/logo-principal2.jpg\" width=\"100%\" height=\"100\" \/><\/a><!--bestpublic-voz03--><!--desk-in-out-voz03--><br \/>\n<!--publicidad-voz04--><a href=\"https:\/\/www.facebook.com\/profile.php?id=61557370768692&amp;locale=es_ES\"><img decoding=\"async\" class=\"alignnone size-medium\" src=\"https:\/\/blogger.googleusercontent.com\/img\/b\/R29vZ2xl\/AVvXsEgy5RdcfffrnrItnYTcV9bCJjgJwldsQLWssfVfrLbyfXeBNTFKgBf0rMIvhrUaGUhiXzVr9_eQgCbi-j63ZDpfTvLIty9w7s140y-m1yHe7eKmEK7v2NAHUJDVYGdfeiQFeRCqUjdwWmN1MX_AUxxz4IVdJ4WIM0APxit8bjWkXzrnEFGqBvW_1F13H1g\/s1600\/logo-principal5.jpg\" width=\"100%\" height=\"100\" \/><\/a><!--bestpublic-voz04--><!--desk-in-out-voz04--><br \/>\n<!--publicidad-voz05--><a href=\"https:\/\/www.facebook.com\/asociaciontamborileroshellin?locale=es_ES\"><img decoding=\"async\" class=\"alignnone size-medium\" src=\"https:\/\/blogger.googleusercontent.com\/img\/b\/R29vZ2xl\/AVvXsEhHEEpZsKK1VpwiYMrS7aE2ujtqIDZoLd4B5wtbiseSU9s2HdTdQfhF84So2XwEB1fv0BLw95GADm6hUl1bkKtzh-eIgVigXONuu_5RxeIMPhjk8q6uNX4EaEHbooKkbu7pCADWPpVJjhKIH5NQSJpWqedC-YBez4QAQeJYokkLot9bhrIaUAeztsGis6M\/s1600\/logo-principal3.jpg\" width=\"100%\" height=\"100\" \/><\/a><!--bestpublic-voz05--><!--desk-in-out-voz05--><br \/>\n<!--publicidad-voz06--><!--bestpublic-voz06--><!--desk-in-out-voz06--><br \/>\n<!--publicidad-voz07--><!--bestpublic-voz07--><!--desk-in-out-voz07--><br \/>\n<!--publicidad-voz08--><!--bestpublic-voz08--><!--desk-in-out-voz08--><br \/>\n<!--publicidad-voz09--><!--bestpublic-voz09--><!--desk-in-out-voz09--><br \/>\n<!--publicidad-voz10--><!--bestpublic-voz10--><!--desk-in-out-voz10--><br \/>\n<!--publicidad-voz11--><!--bestpublic-voz11--><!--desk-in-out-voz11--><br \/>\n<!--publicidad-voz12--><!--bestpublic-voz12--><!--desk-in-out-voz12--><br \/>\n<!--publicidad-voz13--><!--bestpublic-voz13--><!--desk-in-out-voz13--><br \/>\n<!--publicidad-voz14--><!--bestpublic-voz14--><!--desk-in-out-voz14--><br \/>\n<!--publicidad-voz15--><!--bestpublic-voz15--><!--desk-in-out-voz15--><br \/>\n<!--publicidad-voz16--><!--bestpublic-voz16--><!--desk-in-out-voz16--><\/p>\n","protected":false},"excerpt":{"rendered":"<p>SE CREA EN HELLIN LA ASOCIACION DE ARTISTAS PLASTICOS QUE TENDR\u00c1 COMO MISI\u00d3N REUNIR A TODOS LOS ARTISTAS DE LA CIUDAD Y COMARCA.<\/p>\n","protected":false},"author":2,"featured_media":90586,"comment_status":"closed","ping_status":"closed","sticky":false,"template":"","format":"standard","meta":{"footnotes":""},"categories":[719,718,715,716,717],"tags":[],"class_list":["post-101468","post","type-post","status-publish","format-standard","has-post-thumbnail","hentry","category-blog-lv001","category-blogger","category-la-voz-de-hellin","category-la-voz-de-hellin-la-voz-de-hellin","category-noticias"],"_links":{"self":[{"href":"https:\/\/lavozdehellin.com\/noticias\/wp-json\/wp\/v2\/posts\/101468","targetHints":{"allow":["GET"]}}],"collection":[{"href":"https:\/\/lavozdehellin.com\/noticias\/wp-json\/wp\/v2\/posts"}],"about":[{"href":"https:\/\/lavozdehellin.com\/noticias\/wp-json\/wp\/v2\/types\/post"}],"author":[{"embeddable":true,"href":"https:\/\/lavozdehellin.com\/noticias\/wp-json\/wp\/v2\/users\/2"}],"replies":[{"embeddable":true,"href":"https:\/\/lavozdehellin.com\/noticias\/wp-json\/wp\/v2\/comments?post=101468"}],"version-history":[{"count":0,"href":"https:\/\/lavozdehellin.com\/noticias\/wp-json\/wp\/v2\/posts\/101468\/revisions"}],"wp:featuredmedia":[{"embeddable":true,"href":"https:\/\/lavozdehellin.com\/noticias\/wp-json\/wp\/v2\/media\/90586"}],"wp:attachment":[{"href":"https:\/\/lavozdehellin.com\/noticias\/wp-json\/wp\/v2\/media?parent=101468"}],"wp:term":[{"taxonomy":"category","embeddable":true,"href":"https:\/\/lavozdehellin.com\/noticias\/wp-json\/wp\/v2\/categories?post=101468"},{"taxonomy":"post_tag","embeddable":true,"href":"https:\/\/lavozdehellin.com\/noticias\/wp-json\/wp\/v2\/tags?post=101468"}],"curies":[{"name":"wp","href":"https:\/\/api.w.org\/{rel}","templated":true}]}}