{"id":101471,"date":"2019-06-27T10:19:08","date_gmt":"2019-06-27T10:19:08","guid":{"rendered":"https:\/\/lavozdehellin.com\/noticias\/v00-050-maria-jesus-lopez-concejala-de-comercio-en-el-ayuntamiento-destaca-que-una-de-las-misiones-en-estos-proximos-4-anos-es-poner-a-hellin-como-referente-para-otros-municipios\/"},"modified":"2024-01-04T14:05:22","modified_gmt":"2024-01-04T14:05:22","slug":"v00-050-maria-jesus-lopez-concejala-de-comercio-en-el-ayuntamiento-destaca-que-una-de-las-misiones-en-estos-proximos-4-anos-es-poner-a-hellin-como-referente-para-otros-municipios","status":"publish","type":"post","link":"https:\/\/lavozdehellin.com\/noticias\/v00-050-maria-jesus-lopez-concejala-de-comercio-en-el-ayuntamiento-destaca-que-una-de-las-misiones-en-estos-proximos-4-anos-es-poner-a-hellin-como-referente-para-otros-municipios\/","title":{"rendered":"LVH NOTICIAS | MAR\u00cdA JES\u00daS L\u00d3PEZ, CONCEJALA DE COMERCIO EN EL AYUNTAMIENTO, DESTACA QUE UNA DE LAS MISIONES EN ESTOS PR\u00d3XIMOS 4 A\u00d1OS ES PONER A HELL\u00cdN COMO REFERENTE PARA OTROS MUNICIPIOS."},"content":{"rendered":"<p style=\"text-align: justify;\">Mar\u00eda Jes\u00fas L\u00f3pez, concejala de Comercio en el Ayuntamiento, destaca que una de las misiones en estos pr\u00f3ximo cuatro a\u00f1os es poner a Hell\u00edn como referente para\u00a0 otros municipios.<\/p>\n<p><!--more--><br \/>\n<!--publicidad-voz01--><a href=\"https:\/\/www.facebook.com\/SoloRadioHellin\/?locale=es_ES\"><img decoding=\"async\" class=\"alignnone size-medium\" src=\"https:\/\/blogger.googleusercontent.com\/img\/b\/R29vZ2xl\/AVvXsEiNncirNnyGedv00mhjZjh5Wl4_YPdJGanoAl8tL8zH-HwqE8uHqjEfSt340RHdx-9tuCSIkZ8rFamZiGyYlgDGxCsmXjCH_1xk5eYM3ntFZRvJP_jndOKR7w1UAo9Tu0vrZyOLfqRpHIxYI5SymJJ-pfGCQw6QVpggBH-UgfjiFQ2JOxqxG0Jx94kW83c\/s1600\/logo-principal.jpg\" width=\"100%\" height=\"100\" \/><\/a><!--bestpublic-voz01--><!--desk-in-out-voz01--><br \/>\n<!--publicidad-voz02--><a href=\"https:\/\/www.hellincf.com\/\"><img decoding=\"async\" class=\"alignnone size-medium\" src=\"https:\/\/blogger.googleusercontent.com\/img\/b\/R29vZ2xl\/AVvXsEhuZ4-XfBVj3UtdP8-RZugy3WVrg-Zv28c53m4oV47qYCxL1rX_dqWX_YddsGSnpH5SRDqZ7bZeKPIfDVCDncpjVlhy3aQs2vojcJBn7Gdv9hC2_Nzct_pRFrnFE1a7KTCdY1bT_kAgnY3-iadRZrGeJf1fR2P5fu11bokx0pWjaypoy-ctwCjklldpEbA\/s1600\/logo-principal7.jpg\" width=\"100%\" height=\"100\" \/><\/a><!--bestpublic-voz02--><!--desk-in-out-voz02--><\/p>\n<p style=\"text-align: justify;\">Este s\u00e1bado 29 de junio abre sus puertas un nuevo mercadillo de venta ambulante en Hell\u00edn, concretamente en el pol\u00edgono industrial la fuente, donde nos vamos a poder encontrar productos como textil, calzado, alimentaci\u00f3n, etc. Un nuevo mercadillo que ha dicho, Mar\u00eda Jes\u00fas L\u00f3pez, podria ser beneficioso para el comercio hellinero, puesto que podr\u00eda atraer a posibles consumidores de toda la provincia.<\/p>\n<p style=\"text-align: justify;\">Mar\u00eda Jes\u00fas L\u00f3pez tambi\u00e9n ha declarado en las \u00faltimas horas que se est\u00e1 estudiando la posibilidad de peatonalizar algunas calles comerciales de Hell\u00edn, por ello, aseguraba se van a estudiar las alternativas y la fiabilidad de esta idea as\u00ed como si ser\u00eda beneficioso o no para el crecimiento del comercio hellinero.<\/p>\n<p style=\"text-align: justify;\">El comercio crece con la competencia, as\u00ed lo destacaba, Mar\u00eda Jes\u00fas L\u00f3pez, quien tambi\u00e9n ha querido dejar claro en sus primeras declaraciones como concejala de comercio que el ayuntamiento no puede cerrarse a estudiar aquellas inversiones que pudieran ser beneficiosas para Hell\u00edn, incluso un futuro centro comercial.<\/p>\n<p style=\"text-align: justify;\">Tratando un tema totalmente distinto a la concejal\u00eda de comercio, Mar\u00eda Jes\u00fas L\u00f3pez, nos ha explicado que ya se esta trabajando en el proyecto para la restauraci\u00f3n de la Torre de Isso, pero que para continuar con estas labores se tiene que tener una seguridad para los trabajadores que lo realicen.<\/p>\n<p><!--publicidad-voz03--><a href=\"https:\/\/www.facebook.com\/profile.php?id=100063593791305&amp;locale=es_ES\"><img decoding=\"async\" class=\"alignnone size-medium\" src=\"https:\/\/blogger.googleusercontent.com\/img\/b\/R29vZ2xl\/AVvXsEi8_n_ll8UOcGxCqzFvb_9Io4ICczlGC990BPtPj2w9Px-u7B3oqWUW5vtjZUqPNJ-nyjiUIorE0ATsib_l5tV8BVN-UJ03RTnU__IHJF_4DgDBtY4LIqXNG-FomrO-7ywes20CBCRM2Hcm7EJSh3UUw1dO-c_uTflUrtgY1i7uBRezj_DpympmEFkfbQY\/s1600\/logo-principal2.jpg\" width=\"100%\" height=\"100\" \/><\/a><!--bestpublic-voz03--><!--desk-in-out-voz03--><br \/>\n<!--publicidad-voz04--><a href=\"https:\/\/www.facebook.com\/profile.php?id=61557370768692&amp;locale=es_ES\"><img decoding=\"async\" class=\"alignnone size-medium\" src=\"https:\/\/blogger.googleusercontent.com\/img\/b\/R29vZ2xl\/AVvXsEgy5RdcfffrnrItnYTcV9bCJjgJwldsQLWssfVfrLbyfXeBNTFKgBf0rMIvhrUaGUhiXzVr9_eQgCbi-j63ZDpfTvLIty9w7s140y-m1yHe7eKmEK7v2NAHUJDVYGdfeiQFeRCqUjdwWmN1MX_AUxxz4IVdJ4WIM0APxit8bjWkXzrnEFGqBvW_1F13H1g\/s1600\/logo-principal5.jpg\" width=\"100%\" height=\"100\" \/><\/a><!--bestpublic-voz04--><!--desk-in-out-voz04--><br \/>\n<!--publicidad-voz05--><a href=\"https:\/\/www.facebook.com\/asociaciontamborileroshellin?locale=es_ES\"><img decoding=\"async\" class=\"alignnone size-medium\" src=\"https:\/\/blogger.googleusercontent.com\/img\/b\/R29vZ2xl\/AVvXsEhHEEpZsKK1VpwiYMrS7aE2ujtqIDZoLd4B5wtbiseSU9s2HdTdQfhF84So2XwEB1fv0BLw95GADm6hUl1bkKtzh-eIgVigXONuu_5RxeIMPhjk8q6uNX4EaEHbooKkbu7pCADWPpVJjhKIH5NQSJpWqedC-YBez4QAQeJYokkLot9bhrIaUAeztsGis6M\/s1600\/logo-principal3.jpg\" width=\"100%\" height=\"100\" \/><\/a><!--bestpublic-voz05--><!--desk-in-out-voz05--><br \/>\n<!--publicidad-voz06--><!--bestpublic-voz06--><!--desk-in-out-voz06--><br \/>\n<!--publicidad-voz07--><!--bestpublic-voz07--><!--desk-in-out-voz07--><br \/>\n<!--publicidad-voz08--><!--bestpublic-voz08--><!--desk-in-out-voz08--><br \/>\n<!--publicidad-voz09--><!--bestpublic-voz09--><!--desk-in-out-voz09--><br \/>\n<!--publicidad-voz10--><!--bestpublic-voz10--><!--desk-in-out-voz10--><br \/>\n<!--publicidad-voz11--><!--bestpublic-voz11--><!--desk-in-out-voz11--><br \/>\n<!--publicidad-voz12--><!--bestpublic-voz12--><!--desk-in-out-voz12--><br \/>\n<!--publicidad-voz13--><!--bestpublic-voz13--><!--desk-in-out-voz13--><br \/>\n<!--publicidad-voz14--><!--bestpublic-voz14--><!--desk-in-out-voz14--><br \/>\n<!--publicidad-voz15--><!--bestpublic-voz15--><!--desk-in-out-voz15--><br \/>\n<!--publicidad-voz16--><!--bestpublic-voz16--><!--desk-in-out-voz16--><\/p>\n","protected":false},"excerpt":{"rendered":"<p>MAR\u00cdA JES\u00daS L\u00d3PEZ, CONCEJALA DE COMERCIO EN EL AYUNTAMIENTO, DESTACA QUE UNA DE LAS MISIONES EN ESTOS PR\u00d3XIMOS 4 A\u00d1OS ES PONER A HELL\u00cdN COMO REFERENTE PARA OTROS MUNICIPIOS.<\/p>\n","protected":false},"author":2,"featured_media":90580,"comment_status":"closed","ping_status":"closed","sticky":false,"template":"","format":"standard","meta":{"footnotes":""},"categories":[719,718,715,716,717],"tags":[],"class_list":["post-101471","post","type-post","status-publish","format-standard","has-post-thumbnail","hentry","category-blog-lv001","category-blogger","category-la-voz-de-hellin","category-la-voz-de-hellin-la-voz-de-hellin","category-noticias"],"_links":{"self":[{"href":"https:\/\/lavozdehellin.com\/noticias\/wp-json\/wp\/v2\/posts\/101471","targetHints":{"allow":["GET"]}}],"collection":[{"href":"https:\/\/lavozdehellin.com\/noticias\/wp-json\/wp\/v2\/posts"}],"about":[{"href":"https:\/\/lavozdehellin.com\/noticias\/wp-json\/wp\/v2\/types\/post"}],"author":[{"embeddable":true,"href":"https:\/\/lavozdehellin.com\/noticias\/wp-json\/wp\/v2\/users\/2"}],"replies":[{"embeddable":true,"href":"https:\/\/lavozdehellin.com\/noticias\/wp-json\/wp\/v2\/comments?post=101471"}],"version-history":[{"count":0,"href":"https:\/\/lavozdehellin.com\/noticias\/wp-json\/wp\/v2\/posts\/101471\/revisions"}],"wp:featuredmedia":[{"embeddable":true,"href":"https:\/\/lavozdehellin.com\/noticias\/wp-json\/wp\/v2\/media\/90580"}],"wp:attachment":[{"href":"https:\/\/lavozdehellin.com\/noticias\/wp-json\/wp\/v2\/media?parent=101471"}],"wp:term":[{"taxonomy":"category","embeddable":true,"href":"https:\/\/lavozdehellin.com\/noticias\/wp-json\/wp\/v2\/categories?post=101471"},{"taxonomy":"post_tag","embeddable":true,"href":"https:\/\/lavozdehellin.com\/noticias\/wp-json\/wp\/v2\/tags?post=101471"}],"curies":[{"name":"wp","href":"https:\/\/api.w.org\/{rel}","templated":true}]}}