{"id":101475,"date":"2019-06-27T09:32:17","date_gmt":"2019-06-27T09:32:17","guid":{"rendered":"https:\/\/lavozdehellin.com\/noticias\/v00-054-el-reto-de-julia-recauda-5-345-e-la-organizacion-de-la-campana-el-colegio-martinez-parras-y-la-familia-de-la-nina-agradecen-a-la-poblacion-hellinera-la-solidaridad-demostrada\/"},"modified":"2024-01-04T14:05:22","modified_gmt":"2024-01-04T14:05:22","slug":"v00-054-el-reto-de-julia-recauda-5-345-e-la-organizacion-de-la-campana-el-colegio-martinez-parras-y-la-familia-de-la-nina-agradecen-a-la-poblacion-hellinera-la-solidaridad-demostrada","status":"publish","type":"post","link":"https:\/\/lavozdehellin.com\/noticias\/v00-054-el-reto-de-julia-recauda-5-345-e-la-organizacion-de-la-campana-el-colegio-martinez-parras-y-la-familia-de-la-nina-agradecen-a-la-poblacion-hellinera-la-solidaridad-demostrada\/","title":{"rendered":"LVH NOTICIAS | EL RETO DE JULIA RECAUDA 5.345 \u20ac. LA ORGANIZACI\u00d3N DE LA CAMPA\u00d1A, EL COLEGIO MARTINEZ PARRAS Y LA FAMILIA DE LA NI\u00d1A AGRADECEN A LA POBLACI\u00d3N HELLINERA LA SOLIDARIDAD DEMOSTRADA."},"content":{"rendered":"<p style=\"text-align: justify;\">El Reto de Julia recauda 5.345 \u20ac. La organizaci\u00f3n de la campa\u00f1a, el Colegio Martinez Parras y la familia de la ni\u00f1a agradecen a la poblaci\u00f3n hellinera la solidaridad demostrada.<\/p>\n<p><!--more--><br \/>\n<!--publicidad-voz01--><a href=\"https:\/\/www.facebook.com\/SoloRadioHellin\/?locale=es_ES\"><img decoding=\"async\" class=\"alignnone size-medium\" src=\"https:\/\/blogger.googleusercontent.com\/img\/b\/R29vZ2xl\/AVvXsEiNncirNnyGedv00mhjZjh5Wl4_YPdJGanoAl8tL8zH-HwqE8uHqjEfSt340RHdx-9tuCSIkZ8rFamZiGyYlgDGxCsmXjCH_1xk5eYM3ntFZRvJP_jndOKR7w1UAo9Tu0vrZyOLfqRpHIxYI5SymJJ-pfGCQw6QVpggBH-UgfjiFQ2JOxqxG0Jx94kW83c\/s1600\/logo-principal.jpg\" width=\"100%\" height=\"100\" \/><\/a><!--bestpublic-voz01--><!--desk-in-out-voz01--><br \/>\n<!--publicidad-voz02--><a href=\"https:\/\/www.hellincf.com\/\"><img decoding=\"async\" class=\"alignnone size-medium\" src=\"https:\/\/blogger.googleusercontent.com\/img\/b\/R29vZ2xl\/AVvXsEhuZ4-XfBVj3UtdP8-RZugy3WVrg-Zv28c53m4oV47qYCxL1rX_dqWX_YddsGSnpH5SRDqZ7bZeKPIfDVCDncpjVlhy3aQs2vojcJBn7Gdv9hC2_Nzct_pRFrnFE1a7KTCdY1bT_kAgnY3-iadRZrGeJf1fR2P5fu11bokx0pWjaypoy-ctwCjklldpEbA\/s1600\/logo-principal7.jpg\" width=\"100%\" height=\"100\" \/><\/a><!--bestpublic-voz02--><!--desk-in-out-voz02--><\/p>\n<p style=\"text-align: justify;\">Se destaca el \u00e9xito que supuso la campa\u00f1a que el colegio Mart\u00ednez Parras desarroll\u00f3 los pasados 12 y 21 de Junio a favor de su alumna Julia Garc\u00eda D\u00edaz, como ya todos saben afectada por el s\u00edndrome de Rasmussen.<\/p>\n<p style=\"text-align: justify;\">El pasado mi\u00e9rcoles 19 de Junio, en acto p\u00fablico realizado en el sal\u00f3n de actos del colegio M. Parras, se procedi\u00f3 a la apertura de las trece huchas que se utilizaron durante la ma\u00f1ana del 12 de Junio anterior, tanto en el recorrido que los alumnos del colegio realizaron recaudando fondos en todos los colegios de Hell\u00edn, como en la cuestaci\u00f3n que tuvo lugar en el mercadillo municipal.<\/p>\n<p style=\"text-align: justify;\">As\u00ed pues, un total de <u>5.345 euros<\/u> se obtuvieron entre \u00a0ambas actividades, aunque tambi\u00e9n es cierto que\u00a0 algunas de las huchas que se utilizaron proced\u00edan de comercios y de Cofrad\u00edas de S. Santa. Esta cantidad de dinero fue ingresada en la cuenta bancaria que se habilit\u00f3 para esta causa.<\/p>\n<p style=\"text-align: justify;\">Asimismo, el d\u00eda 21 tuvo lugar en el colegio una \u201cCarrera solidaria\u201d, en la que los alumnos del ceip M. Parras aportaban dinero por su participaci\u00f3n en dicha actividad. El dinero recaudado ese d\u00eda se fue echando en dos huchas que se retiraron para la ocasi\u00f3n de sendos comercios y despu\u00e9s se devolvieron a los mismos, por tanto, no es posible saber qu\u00e9 cantidad se recaud\u00f3, pero tambi\u00e9n la aportaci\u00f3n muy importante.<\/p>\n<p style=\"text-align: justify;\">Tanto la organizaci\u00f3n de la campa\u00f1a \u201cEl reto de Julia\u201d, como el colegio Mart\u00ednez Parras y, por supuesto, la familia de la ni\u00f1a, quieren agradecer a la poblaci\u00f3n hellinera la solidaridad demostrada.<\/p>\n<p><!--publicidad-voz03--><a href=\"https:\/\/www.facebook.com\/profile.php?id=100063593791305&amp;locale=es_ES\"><img decoding=\"async\" class=\"alignnone size-medium\" src=\"https:\/\/blogger.googleusercontent.com\/img\/b\/R29vZ2xl\/AVvXsEi8_n_ll8UOcGxCqzFvb_9Io4ICczlGC990BPtPj2w9Px-u7B3oqWUW5vtjZUqPNJ-nyjiUIorE0ATsib_l5tV8BVN-UJ03RTnU__IHJF_4DgDBtY4LIqXNG-FomrO-7ywes20CBCRM2Hcm7EJSh3UUw1dO-c_uTflUrtgY1i7uBRezj_DpympmEFkfbQY\/s1600\/logo-principal2.jpg\" width=\"100%\" height=\"100\" \/><\/a><!--bestpublic-voz03--><!--desk-in-out-voz03--><br \/>\n<!--publicidad-voz04--><a href=\"https:\/\/www.facebook.com\/profile.php?id=61557370768692&amp;locale=es_ES\"><img decoding=\"async\" class=\"alignnone size-medium\" src=\"https:\/\/blogger.googleusercontent.com\/img\/b\/R29vZ2xl\/AVvXsEgy5RdcfffrnrItnYTcV9bCJjgJwldsQLWssfVfrLbyfXeBNTFKgBf0rMIvhrUaGUhiXzVr9_eQgCbi-j63ZDpfTvLIty9w7s140y-m1yHe7eKmEK7v2NAHUJDVYGdfeiQFeRCqUjdwWmN1MX_AUxxz4IVdJ4WIM0APxit8bjWkXzrnEFGqBvW_1F13H1g\/s1600\/logo-principal5.jpg\" width=\"100%\" height=\"100\" \/><\/a><!--bestpublic-voz04--><!--desk-in-out-voz04--><br \/>\n<!--publicidad-voz05--><a href=\"https:\/\/www.facebook.com\/asociaciontamborileroshellin?locale=es_ES\"><img decoding=\"async\" class=\"alignnone size-medium\" src=\"https:\/\/blogger.googleusercontent.com\/img\/b\/R29vZ2xl\/AVvXsEhHEEpZsKK1VpwiYMrS7aE2ujtqIDZoLd4B5wtbiseSU9s2HdTdQfhF84So2XwEB1fv0BLw95GADm6hUl1bkKtzh-eIgVigXONuu_5RxeIMPhjk8q6uNX4EaEHbooKkbu7pCADWPpVJjhKIH5NQSJpWqedC-YBez4QAQeJYokkLot9bhrIaUAeztsGis6M\/s1600\/logo-principal3.jpg\" width=\"100%\" height=\"100\" \/><\/a><!--bestpublic-voz05--><!--desk-in-out-voz05--><br \/>\n<!--publicidad-voz06--><!--bestpublic-voz06--><!--desk-in-out-voz06--><br \/>\n<!--publicidad-voz07--><!--bestpublic-voz07--><!--desk-in-out-voz07--><br \/>\n<!--publicidad-voz08--><!--bestpublic-voz08--><!--desk-in-out-voz08--><br \/>\n<!--publicidad-voz09--><!--bestpublic-voz09--><!--desk-in-out-voz09--><br \/>\n<!--publicidad-voz10--><!--bestpublic-voz10--><!--desk-in-out-voz10--><br \/>\n<!--publicidad-voz11--><!--bestpublic-voz11--><!--desk-in-out-voz11--><br \/>\n<!--publicidad-voz12--><!--bestpublic-voz12--><!--desk-in-out-voz12--><br \/>\n<!--publicidad-voz13--><!--bestpublic-voz13--><!--desk-in-out-voz13--><br \/>\n<!--publicidad-voz14--><!--bestpublic-voz14--><!--desk-in-out-voz14--><br \/>\n<!--publicidad-voz15--><!--bestpublic-voz15--><!--desk-in-out-voz15--><br \/>\n<!--publicidad-voz16--><!--bestpublic-voz16--><!--desk-in-out-voz16--><\/p>\n","protected":false},"excerpt":{"rendered":"<p>EL RETO DE JULIA RECAUDA 5.345 \u20ac. LA ORGANIZACI\u00d3N DE LA CAMPA\u00d1A, EL COLEGIO MARTINEZ PARRAS Y LA FAMILIA DE LA NI\u00d1A AGRADECEN A LA POBLACI\u00d3N HELLINERA LA SOLIDARIDAD DEMOSTRADA.<\/p>\n","protected":false},"author":2,"featured_media":90585,"comment_status":"closed","ping_status":"closed","sticky":false,"template":"","format":"standard","meta":{"footnotes":""},"categories":[719,718,715,716,717],"tags":[],"class_list":["post-101475","post","type-post","status-publish","format-standard","has-post-thumbnail","hentry","category-blog-lv001","category-blogger","category-la-voz-de-hellin","category-la-voz-de-hellin-la-voz-de-hellin","category-noticias"],"_links":{"self":[{"href":"https:\/\/lavozdehellin.com\/noticias\/wp-json\/wp\/v2\/posts\/101475","targetHints":{"allow":["GET"]}}],"collection":[{"href":"https:\/\/lavozdehellin.com\/noticias\/wp-json\/wp\/v2\/posts"}],"about":[{"href":"https:\/\/lavozdehellin.com\/noticias\/wp-json\/wp\/v2\/types\/post"}],"author":[{"embeddable":true,"href":"https:\/\/lavozdehellin.com\/noticias\/wp-json\/wp\/v2\/users\/2"}],"replies":[{"embeddable":true,"href":"https:\/\/lavozdehellin.com\/noticias\/wp-json\/wp\/v2\/comments?post=101475"}],"version-history":[{"count":0,"href":"https:\/\/lavozdehellin.com\/noticias\/wp-json\/wp\/v2\/posts\/101475\/revisions"}],"wp:featuredmedia":[{"embeddable":true,"href":"https:\/\/lavozdehellin.com\/noticias\/wp-json\/wp\/v2\/media\/90585"}],"wp:attachment":[{"href":"https:\/\/lavozdehellin.com\/noticias\/wp-json\/wp\/v2\/media?parent=101475"}],"wp:term":[{"taxonomy":"category","embeddable":true,"href":"https:\/\/lavozdehellin.com\/noticias\/wp-json\/wp\/v2\/categories?post=101475"},{"taxonomy":"post_tag","embeddable":true,"href":"https:\/\/lavozdehellin.com\/noticias\/wp-json\/wp\/v2\/tags?post=101475"}],"curies":[{"name":"wp","href":"https:\/\/api.w.org\/{rel}","templated":true}]}}