{"id":101483,"date":"2019-06-19T11:26:05","date_gmt":"2019-06-19T11:26:05","guid":{"rendered":"https:\/\/lavozdehellin.com\/noticias\/v00-062-del-23-de-junio-al-17-de-julio-esta-abierto-el-plazo-de-presentacion-de-candidaturas-en-el-proceso-de-elecciones-de-la-real-cofradia-el-prendimiento-de-nuestro-senor-jesucristo-de-hellin\/"},"modified":"2024-01-04T14:05:23","modified_gmt":"2024-01-04T14:05:23","slug":"v00-062-del-23-de-junio-al-17-de-julio-esta-abierto-el-plazo-de-presentacion-de-candidaturas-en-el-proceso-de-elecciones-de-la-real-cofradia-el-prendimiento-de-nuestro-senor-jesucristo-de-hellin","status":"publish","type":"post","link":"https:\/\/lavozdehellin.com\/noticias\/v00-062-del-23-de-junio-al-17-de-julio-esta-abierto-el-plazo-de-presentacion-de-candidaturas-en-el-proceso-de-elecciones-de-la-real-cofradia-el-prendimiento-de-nuestro-senor-jesucristo-de-hellin\/","title":{"rendered":"LVH NOTICIAS | DEL 23 DE JUNIO AL 17 DE JULIO ESTA ABIERTO EL PLAZO DE PRESENTACI\u00d3N DE CANDIDATURAS EN EL PROCESO DE ELECCIONES DE LA REAL COFRAD\u00cdA EL PRENDIMIENTO DE NUESTRO SE\u00d1OR JESUCRISTO DE HELL\u00cdN."},"content":{"rendered":"<p style=\"text-align: justify;\">Del 23 de junio al 17 de julio esta abierto el plazo de presentaci\u00f3n de candidaturas en el proceso de elecciones de la Real Cofrad\u00eda el Prendimiento de Nuestro Se\u00f1or Jesucristo de Hell\u00edn.<\/p>\n<p><!--more--><br \/>\n<!--publicidad-voz01--><a href=\"https:\/\/www.facebook.com\/SoloRadioHellin\/?locale=es_ES\"><img decoding=\"async\" class=\"alignnone size-medium\" src=\"https:\/\/blogger.googleusercontent.com\/img\/b\/R29vZ2xl\/AVvXsEiNncirNnyGedv00mhjZjh5Wl4_YPdJGanoAl8tL8zH-HwqE8uHqjEfSt340RHdx-9tuCSIkZ8rFamZiGyYlgDGxCsmXjCH_1xk5eYM3ntFZRvJP_jndOKR7w1UAo9Tu0vrZyOLfqRpHIxYI5SymJJ-pfGCQw6QVpggBH-UgfjiFQ2JOxqxG0Jx94kW83c\/s1600\/logo-principal.jpg\" width=\"100%\" height=\"100\" \/><\/a><!--bestpublic-voz01--><!--desk-in-out-voz01--><br \/>\n<!--publicidad-voz02--><a href=\"https:\/\/www.hellincf.com\/\"><img decoding=\"async\" class=\"alignnone size-medium\" src=\"https:\/\/blogger.googleusercontent.com\/img\/b\/R29vZ2xl\/AVvXsEhuZ4-XfBVj3UtdP8-RZugy3WVrg-Zv28c53m4oV47qYCxL1rX_dqWX_YddsGSnpH5SRDqZ7bZeKPIfDVCDncpjVlhy3aQs2vojcJBn7Gdv9hC2_Nzct_pRFrnFE1a7KTCdY1bT_kAgnY3-iadRZrGeJf1fR2P5fu11bokx0pWjaypoy-ctwCjklldpEbA\/s1600\/logo-principal7.jpg\" width=\"100%\" height=\"100\" \/><\/a><!--bestpublic-voz02--><!--desk-in-out-voz02--><\/p>\n<p style=\"text-align: justify;\">REUNION MESA ELECTORAL DE LA REAL COFRAD\u00cdA EL PRENDIMIENTO DE NUESTRO SE\u00d1OR JESUCRISTO DE HELL\u00cdN.<\/p>\n<p style=\"text-align: justify;\">En la Asamblea General celebrada el pasado 15 de junio, la Mesa Electoral qued\u00f3 formada de la siguiente manera:<\/p>\n<p style=\"text-align: justify;\">Presidente: Juan Francisco Mart\u00ednez Fajardo Presidente suplente: Miguel \u00c1ngel Gonz\u00e1lez Mart\u00ednez<\/p>\n<p style=\"text-align: justify;\">Vocal: Juan Carlos Ram\u00edrez Serrano<\/p>\n<p style=\"text-align: justify;\">Vocal suplente: Carlos Mar\u00eda L\u00f3pez Sastre<\/p>\n<p style=\"text-align: justify;\">Vocal: Francisco Requena Andreu<\/p>\n<p style=\"text-align: justify;\">Vocal suplente: Antonia Garc\u00eda Mar\u00edn<\/p>\n<p style=\"text-align: justify;\">Reunida la Mesa electoral este lunes 17 de junio, se han aprobado los siguientes plazos:<\/p>\n<p style=\"text-align: justify;\">Inicio de plazo para presentaci\u00f3n de candidaturas: 23 de junio de 2019 Final de plazo para presentaci\u00f3n de candidaturas: 17 de julio de 2019<\/p>\n<p style=\"text-align: justify;\">Apertura de candidaturas: 20 de julio de 2019<\/p>\n<p style=\"text-align: justify;\">Inicio de plazo para posibles impugnaciones: 21 de julio de 2019 Final de plazo para impugnaciones: 22 de julio de 2019 Resoluci\u00f3n de impugnaciones y proclamaci\u00f3n de candidaturas: 23 de julio de 2019<\/p>\n<p style=\"text-align: justify;\">El censo quedar\u00e1 expuesto para ser consultado por los hermanos y modificado en caso de que haya alg\u00fan error durante los d\u00edas 15 \u2013 16 \u2013 17 \u2013 18 y 19 de julio de 20:30 horas a 21:30 horas en la sede de la Cofrad\u00eda, calle El Beso 16.<\/p>\n<p><!--publicidad-voz03--><a href=\"https:\/\/www.facebook.com\/profile.php?id=100063593791305&amp;locale=es_ES\"><img decoding=\"async\" class=\"alignnone size-medium\" src=\"https:\/\/blogger.googleusercontent.com\/img\/b\/R29vZ2xl\/AVvXsEi8_n_ll8UOcGxCqzFvb_9Io4ICczlGC990BPtPj2w9Px-u7B3oqWUW5vtjZUqPNJ-nyjiUIorE0ATsib_l5tV8BVN-UJ03RTnU__IHJF_4DgDBtY4LIqXNG-FomrO-7ywes20CBCRM2Hcm7EJSh3UUw1dO-c_uTflUrtgY1i7uBRezj_DpympmEFkfbQY\/s1600\/logo-principal2.jpg\" width=\"100%\" height=\"100\" \/><\/a><!--bestpublic-voz03--><!--desk-in-out-voz03--><br \/>\n<!--publicidad-voz04--><a href=\"https:\/\/www.facebook.com\/profile.php?id=61557370768692&amp;locale=es_ES\"><img decoding=\"async\" class=\"alignnone size-medium\" src=\"https:\/\/blogger.googleusercontent.com\/img\/b\/R29vZ2xl\/AVvXsEgy5RdcfffrnrItnYTcV9bCJjgJwldsQLWssfVfrLbyfXeBNTFKgBf0rMIvhrUaGUhiXzVr9_eQgCbi-j63ZDpfTvLIty9w7s140y-m1yHe7eKmEK7v2NAHUJDVYGdfeiQFeRCqUjdwWmN1MX_AUxxz4IVdJ4WIM0APxit8bjWkXzrnEFGqBvW_1F13H1g\/s1600\/logo-principal5.jpg\" width=\"100%\" height=\"100\" \/><\/a><!--bestpublic-voz04--><!--desk-in-out-voz04--><br \/>\n<!--publicidad-voz05--><a href=\"https:\/\/www.facebook.com\/asociaciontamborileroshellin?locale=es_ES\"><img decoding=\"async\" class=\"alignnone size-medium\" src=\"https:\/\/blogger.googleusercontent.com\/img\/b\/R29vZ2xl\/AVvXsEhHEEpZsKK1VpwiYMrS7aE2ujtqIDZoLd4B5wtbiseSU9s2HdTdQfhF84So2XwEB1fv0BLw95GADm6hUl1bkKtzh-eIgVigXONuu_5RxeIMPhjk8q6uNX4EaEHbooKkbu7pCADWPpVJjhKIH5NQSJpWqedC-YBez4QAQeJYokkLot9bhrIaUAeztsGis6M\/s1600\/logo-principal3.jpg\" width=\"100%\" height=\"100\" \/><\/a><!--bestpublic-voz05--><!--desk-in-out-voz05--><br \/>\n<!--publicidad-voz06--><!--bestpublic-voz06--><!--desk-in-out-voz06--><br \/>\n<!--publicidad-voz07--><!--bestpublic-voz07--><!--desk-in-out-voz07--><br \/>\n<!--publicidad-voz08--><!--bestpublic-voz08--><!--desk-in-out-voz08--><br \/>\n<!--publicidad-voz09--><!--bestpublic-voz09--><!--desk-in-out-voz09--><br \/>\n<!--publicidad-voz10--><!--bestpublic-voz10--><!--desk-in-out-voz10--><br \/>\n<!--publicidad-voz11--><!--bestpublic-voz11--><!--desk-in-out-voz11--><br \/>\n<!--publicidad-voz12--><!--bestpublic-voz12--><!--desk-in-out-voz12--><br \/>\n<!--publicidad-voz13--><!--bestpublic-voz13--><!--desk-in-out-voz13--><br \/>\n<!--publicidad-voz14--><!--bestpublic-voz14--><!--desk-in-out-voz14--><br \/>\n<!--publicidad-voz15--><!--bestpublic-voz15--><!--desk-in-out-voz15--><br \/>\n<!--publicidad-voz16--><!--bestpublic-voz16--><!--desk-in-out-voz16--><\/p>\n","protected":false},"excerpt":{"rendered":"<p>DEL 23 DE JUNIO AL 17 DE JULIO ESTA ABIERTO EL PLAZO DE PRESENTACI\u00d3N DE CANDIDATURAS EN EL PROCESO DE ELECCIONES DE LA REAL COFRAD\u00cdA EL PRENDIMIENTO DE NUESTRO SE\u00d1OR JESUCRISTO DE HELL\u00cdN.<\/p>\n","protected":false},"author":2,"featured_media":90580,"comment_status":"closed","ping_status":"closed","sticky":false,"template":"","format":"standard","meta":{"footnotes":""},"categories":[719,718,715,716,717],"tags":[],"class_list":["post-101483","post","type-post","status-publish","format-standard","has-post-thumbnail","hentry","category-blog-lv001","category-blogger","category-la-voz-de-hellin","category-la-voz-de-hellin-la-voz-de-hellin","category-noticias"],"_links":{"self":[{"href":"https:\/\/lavozdehellin.com\/noticias\/wp-json\/wp\/v2\/posts\/101483","targetHints":{"allow":["GET"]}}],"collection":[{"href":"https:\/\/lavozdehellin.com\/noticias\/wp-json\/wp\/v2\/posts"}],"about":[{"href":"https:\/\/lavozdehellin.com\/noticias\/wp-json\/wp\/v2\/types\/post"}],"author":[{"embeddable":true,"href":"https:\/\/lavozdehellin.com\/noticias\/wp-json\/wp\/v2\/users\/2"}],"replies":[{"embeddable":true,"href":"https:\/\/lavozdehellin.com\/noticias\/wp-json\/wp\/v2\/comments?post=101483"}],"version-history":[{"count":0,"href":"https:\/\/lavozdehellin.com\/noticias\/wp-json\/wp\/v2\/posts\/101483\/revisions"}],"wp:featuredmedia":[{"embeddable":true,"href":"https:\/\/lavozdehellin.com\/noticias\/wp-json\/wp\/v2\/media\/90580"}],"wp:attachment":[{"href":"https:\/\/lavozdehellin.com\/noticias\/wp-json\/wp\/v2\/media?parent=101483"}],"wp:term":[{"taxonomy":"category","embeddable":true,"href":"https:\/\/lavozdehellin.com\/noticias\/wp-json\/wp\/v2\/categories?post=101483"},{"taxonomy":"post_tag","embeddable":true,"href":"https:\/\/lavozdehellin.com\/noticias\/wp-json\/wp\/v2\/tags?post=101483"}],"curies":[{"name":"wp","href":"https:\/\/api.w.org\/{rel}","templated":true}]}}