{"id":101487,"date":"2019-06-19T10:41:41","date_gmt":"2019-06-19T10:41:41","guid":{"rendered":"https:\/\/lavozdehellin.com\/noticias\/v00-066-hellin-contara-con-programa-para-la-recualificacion-y-el-reciclaje-profesional-en-el-presente-ano-2019\/"},"modified":"2024-01-04T14:05:24","modified_gmt":"2024-01-04T14:05:24","slug":"v00-066-hellin-contara-con-programa-para-la-recualificacion-y-el-reciclaje-profesional-en-el-presente-ano-2019","status":"publish","type":"post","link":"https:\/\/lavozdehellin.com\/noticias\/v00-066-hellin-contara-con-programa-para-la-recualificacion-y-el-reciclaje-profesional-en-el-presente-ano-2019\/","title":{"rendered":"LVH NOTICIAS | HELL\u00cdN CONTAR\u00c1 CON PROGRAMA PARA LA RECUALIFICACI\u00d3N Y EL RECICLAJE PROFESIONAL EN EL PRESENTE A\u00d1O 2019"},"content":{"rendered":"<p style=\"text-align: justify;\">Hell\u00edn contar\u00e1 con programa \u00abRecual\u00bb en el presente a\u00f1o 2019.<\/p>\n<p><!--more--><br \/>\n<!--publicidad-voz01--><a href=\"https:\/\/www.facebook.com\/SoloRadioHellin\/?locale=es_ES\"><img decoding=\"async\" class=\"alignnone size-medium\" src=\"https:\/\/blogger.googleusercontent.com\/img\/b\/R29vZ2xl\/AVvXsEiNncirNnyGedv00mhjZjh5Wl4_YPdJGanoAl8tL8zH-HwqE8uHqjEfSt340RHdx-9tuCSIkZ8rFamZiGyYlgDGxCsmXjCH_1xk5eYM3ntFZRvJP_jndOKR7w1UAo9Tu0vrZyOLfqRpHIxYI5SymJJ-pfGCQw6QVpggBH-UgfjiFQ2JOxqxG0Jx94kW83c\/s1600\/logo-principal.jpg\" width=\"100%\" height=\"100\" \/><\/a><!--bestpublic-voz01--><!--desk-in-out-voz01--><br \/>\n<!--publicidad-voz02--><a href=\"https:\/\/www.hellincf.com\/\"><img decoding=\"async\" class=\"alignnone size-medium\" src=\"https:\/\/blogger.googleusercontent.com\/img\/b\/R29vZ2xl\/AVvXsEhuZ4-XfBVj3UtdP8-RZugy3WVrg-Zv28c53m4oV47qYCxL1rX_dqWX_YddsGSnpH5SRDqZ7bZeKPIfDVCDncpjVlhy3aQs2vojcJBn7Gdv9hC2_Nzct_pRFrnFE1a7KTCdY1bT_kAgnY3-iadRZrGeJf1fR2P5fu11bokx0pWjaypoy-ctwCjklldpEbA\/s1600\/logo-principal7.jpg\" width=\"100%\" height=\"100\" \/><\/a><!--bestpublic-voz02--><!--desk-in-out-voz02--><\/p>\n<p style=\"text-align: justify;\">El Gobierno de Castilla-La Mancha ha valorado la puesta en marcha de los Programas para la Recualificaci\u00f3n y el Reciclaje Profesional (Recual), en la provincia de Albacete, con una inversi\u00f3n de 2,17 millones de euros, que beneficiar\u00e1n a 192 alumnos y 48 formadores, durante seis meses de aprendizaje y pr\u00e1cticas.<\/p>\n<p style=\"text-align: justify;\">As\u00ed lo ha trasladado el delegado de la Junta en Albacete, en funciones, Pedro Antonio Ruiz Santos, durante la visita al Programa \u201cRecual\u201d concedido al Ayuntamiento de Villamalea, especializado en operaciones auxiliares de revestimientos continuos de construcci\u00f3n, que cuenta con la participaci\u00f3n de 8 alumnos y alumnas, y una subvenci\u00f3n de m\u00e1s de 92.300 euros para su funcionamiento y salarios.<\/p>\n<p style=\"text-align: justify;\">Ruiz Santos ha estado acompa\u00f1ado de la alcaldesa de Villamalea, Ana Teresa Garc\u00eda; el ex alcalde de esta localidad de La Manchuela, Cecilio Gonz\u00e1lez; la directora del Programa, Mar\u00eda Jes\u00fas de Castro, y el monitor de este Recual, Daniel Saiz Mu\u00f1oz, durante la visita al aula de formaci\u00f3n y el espacio de aprendizaje, integrados en el Centro Dotacional de este t\u00e9rmino municipal albacetense.<\/p>\n<p style=\"text-align: justify;\">El delegado provincial de la Junta, en funciones, ha subrayado en su primera visita a uno de estos proyectos de formaci\u00f3n dual, donde adem\u00e1s se realizan de obras o servicios de inter\u00e9s general y \u00a0social que \u201cestos Programa Recual concedidos por la Consejer\u00eda de Econom\u00eda, Empresas y Empleo est\u00e1n dirigidos de forma prioritaria a personas desempleadas mayores de 45 a\u00f1os, con responsabilidades familiares y procedentes del sector de la construcci\u00f3n\u201d, ha aseverado.<\/p>\n<p>En esta visita, Ruiz Santos ha apuntado que la principal \u00abnovedad\u00bb de esto antiguos talleres de empleo se centra en asumir la cotizaci\u00f3n al Fondo de Garant\u00eda Salarial y la subida del Salario M\u00ednimo Interprofesional a 900 euros, y ha resaltados que habr\u00e1 23 municipios albacete\u00f1os con estos programas, y s\u00f3lo Albacete capital dispondr\u00e1 de dos de ellos.<\/p>\n<p style=\"text-align: justify;\">Los Ayuntamientos que contar\u00e1n con Programa \u201cRecual\u201d en el presente a\u00f1o 2019 son\u00a0Albacete, Almansa, Balazote, Barrax, El Bonillo, Casas de L\u00e1zaro, Cenizate, Chichilla de Montearag\u00f3n, Elche de la Sierra, Hell\u00edn, La Gineta, Lezuza, Li\u00e9tor, Madrigueras, Mahora, Molinicos, Nerpio, La Roda, Tarazona de la Mancha, Tobarra, Villalgordo del J\u00facar, Villamalea, y Villarrobledo, pero s\u00f3lo 12 de ellos han comenzado a desarrollarse.<\/p>\n<p style=\"text-align: justify;\">Las 192 personas beneficiarias han sido seleccionadas del desempleo, tendr\u00e1n salario durante 6 meses, con un contrato para la formaci\u00f3n y el aprendizaje (te\u00f3rica\u00a0 con un 25% de la jornada y pr\u00e1ctica en el 75% restante), y los alumnos que realicen estos programas, contar\u00e1n con certificado de profesionalidad de nivel 1 en 19 Programas y de nivel y 2 en 5 de ellos.<\/p>\n<p><!--publicidad-voz03--><a href=\"https:\/\/www.facebook.com\/profile.php?id=100063593791305&amp;locale=es_ES\"><img decoding=\"async\" class=\"alignnone size-medium\" src=\"https:\/\/blogger.googleusercontent.com\/img\/b\/R29vZ2xl\/AVvXsEi8_n_ll8UOcGxCqzFvb_9Io4ICczlGC990BPtPj2w9Px-u7B3oqWUW5vtjZUqPNJ-nyjiUIorE0ATsib_l5tV8BVN-UJ03RTnU__IHJF_4DgDBtY4LIqXNG-FomrO-7ywes20CBCRM2Hcm7EJSh3UUw1dO-c_uTflUrtgY1i7uBRezj_DpympmEFkfbQY\/s1600\/logo-principal2.jpg\" width=\"100%\" height=\"100\" \/><\/a><!--bestpublic-voz03--><!--desk-in-out-voz03--><br \/>\n<!--publicidad-voz04--><a href=\"https:\/\/www.facebook.com\/profile.php?id=61557370768692&amp;locale=es_ES\"><img decoding=\"async\" class=\"alignnone size-medium\" src=\"https:\/\/blogger.googleusercontent.com\/img\/b\/R29vZ2xl\/AVvXsEgy5RdcfffrnrItnYTcV9bCJjgJwldsQLWssfVfrLbyfXeBNTFKgBf0rMIvhrUaGUhiXzVr9_eQgCbi-j63ZDpfTvLIty9w7s140y-m1yHe7eKmEK7v2NAHUJDVYGdfeiQFeRCqUjdwWmN1MX_AUxxz4IVdJ4WIM0APxit8bjWkXzrnEFGqBvW_1F13H1g\/s1600\/logo-principal5.jpg\" width=\"100%\" height=\"100\" \/><\/a><!--bestpublic-voz04--><!--desk-in-out-voz04--><br \/>\n<!--publicidad-voz05--><a href=\"https:\/\/www.facebook.com\/asociaciontamborileroshellin?locale=es_ES\"><img decoding=\"async\" class=\"alignnone size-medium\" src=\"https:\/\/blogger.googleusercontent.com\/img\/b\/R29vZ2xl\/AVvXsEhHEEpZsKK1VpwiYMrS7aE2ujtqIDZoLd4B5wtbiseSU9s2HdTdQfhF84So2XwEB1fv0BLw95GADm6hUl1bkKtzh-eIgVigXONuu_5RxeIMPhjk8q6uNX4EaEHbooKkbu7pCADWPpVJjhKIH5NQSJpWqedC-YBez4QAQeJYokkLot9bhrIaUAeztsGis6M\/s1600\/logo-principal3.jpg\" width=\"100%\" height=\"100\" \/><\/a><!--bestpublic-voz05--><!--desk-in-out-voz05--><br \/>\n<!--publicidad-voz06--><!--bestpublic-voz06--><!--desk-in-out-voz06--><br \/>\n<!--publicidad-voz07--><!--bestpublic-voz07--><!--desk-in-out-voz07--><br \/>\n<!--publicidad-voz08--><!--bestpublic-voz08--><!--desk-in-out-voz08--><br \/>\n<!--publicidad-voz09--><!--bestpublic-voz09--><!--desk-in-out-voz09--><br \/>\n<!--publicidad-voz10--><!--bestpublic-voz10--><!--desk-in-out-voz10--><br \/>\n<!--publicidad-voz11--><!--bestpublic-voz11--><!--desk-in-out-voz11--><br \/>\n<!--publicidad-voz12--><!--bestpublic-voz12--><!--desk-in-out-voz12--><br \/>\n<!--publicidad-voz13--><!--bestpublic-voz13--><!--desk-in-out-voz13--><br \/>\n<!--publicidad-voz14--><!--bestpublic-voz14--><!--desk-in-out-voz14--><br \/>\n<!--publicidad-voz15--><!--bestpublic-voz15--><!--desk-in-out-voz15--><br \/>\n<!--publicidad-voz16--><!--bestpublic-voz16--><!--desk-in-out-voz16--><\/p>\n","protected":false},"excerpt":{"rendered":"<p>HELL\u00cdN CONTAR\u00c1 CON PROGRAMA PARA LA RECUALIFICACI\u00d3N Y EL RECICLAJE PROFESIONAL EN EL PRESENTE A\u00d1O 2019<\/p>\n","protected":false},"author":2,"featured_media":90580,"comment_status":"closed","ping_status":"closed","sticky":false,"template":"","format":"standard","meta":{"footnotes":""},"categories":[719,718,715,716,717],"tags":[],"class_list":["post-101487","post","type-post","status-publish","format-standard","has-post-thumbnail","hentry","category-blog-lv001","category-blogger","category-la-voz-de-hellin","category-la-voz-de-hellin-la-voz-de-hellin","category-noticias"],"_links":{"self":[{"href":"https:\/\/lavozdehellin.com\/noticias\/wp-json\/wp\/v2\/posts\/101487","targetHints":{"allow":["GET"]}}],"collection":[{"href":"https:\/\/lavozdehellin.com\/noticias\/wp-json\/wp\/v2\/posts"}],"about":[{"href":"https:\/\/lavozdehellin.com\/noticias\/wp-json\/wp\/v2\/types\/post"}],"author":[{"embeddable":true,"href":"https:\/\/lavozdehellin.com\/noticias\/wp-json\/wp\/v2\/users\/2"}],"replies":[{"embeddable":true,"href":"https:\/\/lavozdehellin.com\/noticias\/wp-json\/wp\/v2\/comments?post=101487"}],"version-history":[{"count":0,"href":"https:\/\/lavozdehellin.com\/noticias\/wp-json\/wp\/v2\/posts\/101487\/revisions"}],"wp:featuredmedia":[{"embeddable":true,"href":"https:\/\/lavozdehellin.com\/noticias\/wp-json\/wp\/v2\/media\/90580"}],"wp:attachment":[{"href":"https:\/\/lavozdehellin.com\/noticias\/wp-json\/wp\/v2\/media?parent=101487"}],"wp:term":[{"taxonomy":"category","embeddable":true,"href":"https:\/\/lavozdehellin.com\/noticias\/wp-json\/wp\/v2\/categories?post=101487"},{"taxonomy":"post_tag","embeddable":true,"href":"https:\/\/lavozdehellin.com\/noticias\/wp-json\/wp\/v2\/tags?post=101487"}],"curies":[{"name":"wp","href":"https:\/\/api.w.org\/{rel}","templated":true}]}}