{"id":101489,"date":"2019-06-19T10:08:44","date_gmt":"2019-06-19T10:08:44","guid":{"rendered":"https:\/\/lavozdehellin.com\/noticias\/v00-068-usuarios-as-y-25-voluntarios-as-participaban-en-el-ix-encuentro-anual-de-clubes-de-lectura-de-cruz-roja-celebrado-en-hellin\/"},"modified":"2024-01-04T14:05:24","modified_gmt":"2024-01-04T14:05:24","slug":"v00-068-usuarios-as-y-25-voluntarios-as-participaban-en-el-ix-encuentro-anual-de-clubes-de-lectura-de-cruz-roja-celebrado-en-hellin","status":"publish","type":"post","link":"https:\/\/lavozdehellin.com\/noticias\/v00-068-usuarios-as-y-25-voluntarios-as-participaban-en-el-ix-encuentro-anual-de-clubes-de-lectura-de-cruz-roja-celebrado-en-hellin\/","title":{"rendered":"LVH NOTICIAS | 71 USUARIOS\/AS Y 25 VOLUNTARIOS\/AS PARTICIPABAN EN EL IX ENCUENTRO ANUAL DE CLUBES DE LECTURA DE CRUZ ROJA CELEBRADO EN HELL\u00cdN."},"content":{"rendered":"<p style=\"text-align: justify;\">Cerca de 100 personas participaban en el IX Encuentro anual de Clubes de lectura de Cruz Roja celebrado en Hell\u00edn.<\/p>\n<p><!--more--><br \/>\n<!--publicidad-voz01--><a href=\"https:\/\/www.facebook.com\/SoloRadioHellin\/?locale=es_ES\"><img decoding=\"async\" class=\"alignnone size-medium\" src=\"https:\/\/blogger.googleusercontent.com\/img\/b\/R29vZ2xl\/AVvXsEiNncirNnyGedv00mhjZjh5Wl4_YPdJGanoAl8tL8zH-HwqE8uHqjEfSt340RHdx-9tuCSIkZ8rFamZiGyYlgDGxCsmXjCH_1xk5eYM3ntFZRvJP_jndOKR7w1UAo9Tu0vrZyOLfqRpHIxYI5SymJJ-pfGCQw6QVpggBH-UgfjiFQ2JOxqxG0Jx94kW83c\/s1600\/logo-principal.jpg\" width=\"100%\" height=\"100\" \/><\/a><!--bestpublic-voz01--><!--desk-in-out-voz01--><br \/>\n<!--publicidad-voz02--><a href=\"https:\/\/www.hellincf.com\/\"><img decoding=\"async\" class=\"alignnone size-medium\" src=\"https:\/\/blogger.googleusercontent.com\/img\/b\/R29vZ2xl\/AVvXsEhuZ4-XfBVj3UtdP8-RZugy3WVrg-Zv28c53m4oV47qYCxL1rX_dqWX_YddsGSnpH5SRDqZ7bZeKPIfDVCDncpjVlhy3aQs2vojcJBn7Gdv9hC2_Nzct_pRFrnFE1a7KTCdY1bT_kAgnY3-iadRZrGeJf1fR2P5fu11bokx0pWjaypoy-ctwCjklldpEbA\/s1600\/logo-principal7.jpg\" width=\"100%\" height=\"100\" \/><\/a><!--bestpublic-voz02--><!--desk-in-out-voz02--><\/p>\n<p style=\"text-align: justify;\">El martes d\u00eda 11 de junio, Cruz Roja Espa\u00f1ola en Hell\u00edn celebr\u00f3 el IX Encuentro Provincial de Clubes de Lectura, con la presencia de personas usuarias y voluntarias\/os de Albacete, Caudete, Almansa, La Roda, Tobarra y Hell\u00edn.<\/p>\n<p style=\"text-align: justify;\">Esta actividad se enmarca en el programa de personas mayores, en concreto en el proyecto \u201cEnr\u00e9date\u201d, subvencionado por la Junta de Comunidades de Castilla la Mancha.<\/p>\n<p style=\"text-align: justify;\">Este es el segundo encuentro provincial que organiza el Club de lectura de Hell\u00edn, pero debido al crecimiento del club y a la creaci\u00f3n de otros clubes en la provincia, no se pudo organizar en los locales de la Asamblea de Cruz Roja en Hell\u00edn y fue necesario utilizar el Sal\u00f3n de Actos del CEIP Mart\u00ednez Parras de nuestra localidad.<\/p>\n<p style=\"text-align: justify;\">Tras la bienvenida a todos los\/as participantes por parte de las responsables del Club de Lectura de Hell\u00edn y del Presidente Provincial de Cruz Roja, intervino Marian N\u00fa\u00f1ez, escritora hellinera, que habl\u00f3 de su obra \u201cTercetos encadenados\u201d, obra que previamente hab\u00eda sido le\u00edda por los\/as participantes, que tuvieron la oportunidad de comentar distintos aspectos de la novela.<\/p>\n<p style=\"text-align: justify;\">Han participado un total de 71 usuarios\/as y 25 voluntarios\/as.<\/p>\n<p style=\"text-align: justify;\">Se cont\u00f3 tambi\u00e9n con la colaboraci\u00f3n del grupo folkl\u00f3rico hellinero \u201cOlivo y Esparto\u201d que amenizaron el acto con distintos bailes tradicionales locales y nacionales.<\/p>\n<p style=\"text-align: justify;\">Finaliz\u00f3 el acto con una merienda de convivencia y la firma del libro a los\/as asistentes por parte de Marian Nu\u00f1ez.<\/p>\n<p style=\"text-align: justify;\">Desde Cruz Roja Hell\u00edn se quiere agradecer a todos los que han colaborado en este IX Encuentro de Clubes de Lectura, voluntarios\/as, t\u00e9cnicos\/as y sobre todo a los usuarios\/as que participan de todos los clubes de la provincia.<\/p>\n<p style=\"text-align: justify;\">\u00a0Tambi\u00e9n quieren dar las gracias al Ayuntamiento de Hell\u00edn y a la Parroquia el Coraz\u00f3n de Jes\u00fas, por el pr\u00e9stamo y entrega de diferentes materiales, as\u00ed como al colegio Mart\u00ednez Parras por su gran implicaci\u00f3n en este acto.<\/p>\n<p style=\"text-align: justify;\">Y como no, gracias a Marian Mu\u00f1ez por darnos a conocer su obra.<\/p>\n<p><!--publicidad-voz03--><a href=\"https:\/\/www.facebook.com\/profile.php?id=100063593791305&amp;locale=es_ES\"><img decoding=\"async\" class=\"alignnone size-medium\" src=\"https:\/\/blogger.googleusercontent.com\/img\/b\/R29vZ2xl\/AVvXsEi8_n_ll8UOcGxCqzFvb_9Io4ICczlGC990BPtPj2w9Px-u7B3oqWUW5vtjZUqPNJ-nyjiUIorE0ATsib_l5tV8BVN-UJ03RTnU__IHJF_4DgDBtY4LIqXNG-FomrO-7ywes20CBCRM2Hcm7EJSh3UUw1dO-c_uTflUrtgY1i7uBRezj_DpympmEFkfbQY\/s1600\/logo-principal2.jpg\" width=\"100%\" height=\"100\" \/><\/a><!--bestpublic-voz03--><!--desk-in-out-voz03--><br \/>\n<!--publicidad-voz04--><a href=\"https:\/\/www.facebook.com\/profile.php?id=61557370768692&amp;locale=es_ES\"><img decoding=\"async\" class=\"alignnone size-medium\" src=\"https:\/\/blogger.googleusercontent.com\/img\/b\/R29vZ2xl\/AVvXsEgy5RdcfffrnrItnYTcV9bCJjgJwldsQLWssfVfrLbyfXeBNTFKgBf0rMIvhrUaGUhiXzVr9_eQgCbi-j63ZDpfTvLIty9w7s140y-m1yHe7eKmEK7v2NAHUJDVYGdfeiQFeRCqUjdwWmN1MX_AUxxz4IVdJ4WIM0APxit8bjWkXzrnEFGqBvW_1F13H1g\/s1600\/logo-principal5.jpg\" width=\"100%\" height=\"100\" \/><\/a><!--bestpublic-voz04--><!--desk-in-out-voz04--><br \/>\n<!--publicidad-voz05--><a href=\"https:\/\/www.facebook.com\/asociaciontamborileroshellin?locale=es_ES\"><img decoding=\"async\" class=\"alignnone size-medium\" src=\"https:\/\/blogger.googleusercontent.com\/img\/b\/R29vZ2xl\/AVvXsEhHEEpZsKK1VpwiYMrS7aE2ujtqIDZoLd4B5wtbiseSU9s2HdTdQfhF84So2XwEB1fv0BLw95GADm6hUl1bkKtzh-eIgVigXONuu_5RxeIMPhjk8q6uNX4EaEHbooKkbu7pCADWPpVJjhKIH5NQSJpWqedC-YBez4QAQeJYokkLot9bhrIaUAeztsGis6M\/s1600\/logo-principal3.jpg\" width=\"100%\" height=\"100\" \/><\/a><!--bestpublic-voz05--><!--desk-in-out-voz05--><br \/>\n<!--publicidad-voz06--><!--bestpublic-voz06--><!--desk-in-out-voz06--><br \/>\n<!--publicidad-voz07--><!--bestpublic-voz07--><!--desk-in-out-voz07--><br \/>\n<!--publicidad-voz08--><!--bestpublic-voz08--><!--desk-in-out-voz08--><br \/>\n<!--publicidad-voz09--><!--bestpublic-voz09--><!--desk-in-out-voz09--><br \/>\n<!--publicidad-voz10--><!--bestpublic-voz10--><!--desk-in-out-voz10--><br \/>\n<!--publicidad-voz11--><!--bestpublic-voz11--><!--desk-in-out-voz11--><br \/>\n<!--publicidad-voz12--><!--bestpublic-voz12--><!--desk-in-out-voz12--><br \/>\n<!--publicidad-voz13--><!--bestpublic-voz13--><!--desk-in-out-voz13--><br \/>\n<!--publicidad-voz14--><!--bestpublic-voz14--><!--desk-in-out-voz14--><br \/>\n<!--publicidad-voz15--><!--bestpublic-voz15--><!--desk-in-out-voz15--><br \/>\n<!--publicidad-voz16--><!--bestpublic-voz16--><!--desk-in-out-voz16--><\/p>\n","protected":false},"excerpt":{"rendered":"<p>71 USUARIOS\/AS Y 25 VOLUNTARIOS\/AS PARTICIPABAN EN EL IX ENCUENTRO ANUAL DE CLUBES DE LECTURA DE CRUZ ROJA CELEBRADO EN HELL\u00cdN.<\/p>\n","protected":false},"author":2,"featured_media":90588,"comment_status":"closed","ping_status":"closed","sticky":false,"template":"","format":"standard","meta":{"footnotes":""},"categories":[719,718,715,716,717],"tags":[],"class_list":["post-101489","post","type-post","status-publish","format-standard","has-post-thumbnail","hentry","category-blog-lv001","category-blogger","category-la-voz-de-hellin","category-la-voz-de-hellin-la-voz-de-hellin","category-noticias"],"_links":{"self":[{"href":"https:\/\/lavozdehellin.com\/noticias\/wp-json\/wp\/v2\/posts\/101489","targetHints":{"allow":["GET"]}}],"collection":[{"href":"https:\/\/lavozdehellin.com\/noticias\/wp-json\/wp\/v2\/posts"}],"about":[{"href":"https:\/\/lavozdehellin.com\/noticias\/wp-json\/wp\/v2\/types\/post"}],"author":[{"embeddable":true,"href":"https:\/\/lavozdehellin.com\/noticias\/wp-json\/wp\/v2\/users\/2"}],"replies":[{"embeddable":true,"href":"https:\/\/lavozdehellin.com\/noticias\/wp-json\/wp\/v2\/comments?post=101489"}],"version-history":[{"count":0,"href":"https:\/\/lavozdehellin.com\/noticias\/wp-json\/wp\/v2\/posts\/101489\/revisions"}],"wp:featuredmedia":[{"embeddable":true,"href":"https:\/\/lavozdehellin.com\/noticias\/wp-json\/wp\/v2\/media\/90588"}],"wp:attachment":[{"href":"https:\/\/lavozdehellin.com\/noticias\/wp-json\/wp\/v2\/media?parent=101489"}],"wp:term":[{"taxonomy":"category","embeddable":true,"href":"https:\/\/lavozdehellin.com\/noticias\/wp-json\/wp\/v2\/categories?post=101489"},{"taxonomy":"post_tag","embeddable":true,"href":"https:\/\/lavozdehellin.com\/noticias\/wp-json\/wp\/v2\/tags?post=101489"}],"curies":[{"name":"wp","href":"https:\/\/api.w.org\/{rel}","templated":true}]}}