{"id":101494,"date":"2019-06-18T10:15:28","date_gmt":"2019-06-18T10:15:28","guid":{"rendered":"https:\/\/lavozdehellin.com\/noticias\/v00-073-la-asociacion-cultural-amigos-del-corpus-de-hellin-y-la-adoracion-nocturna-espanola-seccion-mixta-de-hellin-informan-de-la-celebracion-religiosa-diez-horas-con-el-santisimo-el-jueves-20-de-jun\/"},"modified":"2024-01-04T14:05:25","modified_gmt":"2024-01-04T14:05:25","slug":"v00-073-la-asociacion-cultural-amigos-del-corpus-de-hellin-y-la-adoracion-nocturna-espanola-seccion-mixta-de-hellin-informan-de-la-celebracion-religiosa-diez-horas-con-el-santisimo-el-jueves-20-de-jun","status":"publish","type":"post","link":"https:\/\/lavozdehellin.com\/noticias\/v00-073-la-asociacion-cultural-amigos-del-corpus-de-hellin-y-la-adoracion-nocturna-espanola-seccion-mixta-de-hellin-informan-de-la-celebracion-religiosa-diez-horas-con-el-santisimo-el-jueves-20-de-jun\/","title":{"rendered":"LVH NOTICIAS | LA ASOCIACI\u00d3N CULTURAL AMIGOS DEL CORPUS DE HELL\u00cdN Y LA ADORACI\u00d3N NOCTURNA ESPA\u00d1OLA SECCI\u00d3N MIXTA DE HELLIN INFORMAN DE LA CELEBRACI\u00d3N RELIGIOSA \u00abDIEZ HORAS CON EL SANT\u00cdSIMO\u00bb EL JUEVES 20 DE JUNIO."},"content":{"rendered":"<p style=\"text-align: justify;\">La Asociaci\u00f3n Cultural Amigos del Corpus de Hell\u00edn y la Adoraci\u00f3n Nocturna Espa\u00f1ola-Secci\u00f3n mixta de Hell\u00edn nos infoman de la celebraci\u00f3n religiosa, \u201cDIEZ HORAS CON EL SANT\u00cdSIMO\u201d, que tendra lugar el pr\u00f3ximo jueves 20 de junio, entre las 10\u00a0 y las 20 horas, en la Parroquia de Ntra. Sra. de la Asunci\u00f3n; adoraci\u00f3n a Jes\u00fas Eucarist\u00eda programada dentro de los actos del Corpus Christi de Hell\u00edn 2019.<\/p>\n<p><!--more--><br \/>\n<!--publicidad-voz01--><a href=\"https:\/\/www.facebook.com\/SoloRadioHellin\/?locale=es_ES\"><img decoding=\"async\" class=\"alignnone size-medium\" src=\"https:\/\/blogger.googleusercontent.com\/img\/b\/R29vZ2xl\/AVvXsEiNncirNnyGedv00mhjZjh5Wl4_YPdJGanoAl8tL8zH-HwqE8uHqjEfSt340RHdx-9tuCSIkZ8rFamZiGyYlgDGxCsmXjCH_1xk5eYM3ntFZRvJP_jndOKR7w1UAo9Tu0vrZyOLfqRpHIxYI5SymJJ-pfGCQw6QVpggBH-UgfjiFQ2JOxqxG0Jx94kW83c\/s1600\/logo-principal.jpg\" width=\"100%\" height=\"100\" \/><\/a><!--bestpublic-voz01--><!--desk-in-out-voz01--><br \/>\n<!--publicidad-voz02--><a href=\"https:\/\/www.hellincf.com\/\"><img decoding=\"async\" class=\"alignnone size-medium\" src=\"https:\/\/blogger.googleusercontent.com\/img\/b\/R29vZ2xl\/AVvXsEhuZ4-XfBVj3UtdP8-RZugy3WVrg-Zv28c53m4oV47qYCxL1rX_dqWX_YddsGSnpH5SRDqZ7bZeKPIfDVCDncpjVlhy3aQs2vojcJBn7Gdv9hC2_Nzct_pRFrnFE1a7KTCdY1bT_kAgnY3-iadRZrGeJf1fR2P5fu11bokx0pWjaypoy-ctwCjklldpEbA\/s1600\/logo-principal7.jpg\" width=\"100%\" height=\"100\" \/><\/a><!--bestpublic-voz02--><!--desk-in-out-voz02--><\/p>\n<p style=\"text-align: justify;\">Desde las 10 horas el Sant\u00edsimo Sacramento quedar\u00e1 expuesto en el tabern\u00e1culo del presbiterio de la Asunci\u00f3n, para que todos aquellos fieles que lo deseen, acudan a adorarlo, durante el tiempo que estimen.\u00a0 Por parte de los colectivos organizadores se han establecido unos turnos ante el Sant\u00edsimo Sacramento, as\u00ed durante esas diez horas siempre estar\u00e1 acompa\u00f1ado y se ha editado un folleto para permitir a los fieles el rezo de v\u00edsperas y entonar los canticos eucar\u00edsticos tradicionales.<\/p>\n<p style=\"text-align: justify;\">Como conclusi\u00f3n de la exposici\u00f3n y antes de la celebraci\u00f3n de la Santa Misa, a las 19:30 se realizar\u00e1 el rezo de V\u00edsperas a las 19:30 y se producir\u00e1 la bendici\u00f3n solemne con el Sant\u00edsimo.<\/p>\n<p><!--publicidad-voz03--><a href=\"https:\/\/www.facebook.com\/profile.php?id=100063593791305&amp;locale=es_ES\"><img decoding=\"async\" class=\"alignnone size-medium\" src=\"https:\/\/blogger.googleusercontent.com\/img\/b\/R29vZ2xl\/AVvXsEi8_n_ll8UOcGxCqzFvb_9Io4ICczlGC990BPtPj2w9Px-u7B3oqWUW5vtjZUqPNJ-nyjiUIorE0ATsib_l5tV8BVN-UJ03RTnU__IHJF_4DgDBtY4LIqXNG-FomrO-7ywes20CBCRM2Hcm7EJSh3UUw1dO-c_uTflUrtgY1i7uBRezj_DpympmEFkfbQY\/s1600\/logo-principal2.jpg\" width=\"100%\" height=\"100\" \/><\/a><!--bestpublic-voz03--><!--desk-in-out-voz03--><br \/>\n<!--publicidad-voz04--><a href=\"https:\/\/www.facebook.com\/profile.php?id=61557370768692&amp;locale=es_ES\"><img decoding=\"async\" class=\"alignnone size-medium\" src=\"https:\/\/blogger.googleusercontent.com\/img\/b\/R29vZ2xl\/AVvXsEgy5RdcfffrnrItnYTcV9bCJjgJwldsQLWssfVfrLbyfXeBNTFKgBf0rMIvhrUaGUhiXzVr9_eQgCbi-j63ZDpfTvLIty9w7s140y-m1yHe7eKmEK7v2NAHUJDVYGdfeiQFeRCqUjdwWmN1MX_AUxxz4IVdJ4WIM0APxit8bjWkXzrnEFGqBvW_1F13H1g\/s1600\/logo-principal5.jpg\" width=\"100%\" height=\"100\" \/><\/a><!--bestpublic-voz04--><!--desk-in-out-voz04--><br \/>\n<!--publicidad-voz05--><a href=\"https:\/\/www.facebook.com\/asociaciontamborileroshellin?locale=es_ES\"><img decoding=\"async\" class=\"alignnone size-medium\" src=\"https:\/\/blogger.googleusercontent.com\/img\/b\/R29vZ2xl\/AVvXsEhHEEpZsKK1VpwiYMrS7aE2ujtqIDZoLd4B5wtbiseSU9s2HdTdQfhF84So2XwEB1fv0BLw95GADm6hUl1bkKtzh-eIgVigXONuu_5RxeIMPhjk8q6uNX4EaEHbooKkbu7pCADWPpVJjhKIH5NQSJpWqedC-YBez4QAQeJYokkLot9bhrIaUAeztsGis6M\/s1600\/logo-principal3.jpg\" width=\"100%\" height=\"100\" \/><\/a><!--bestpublic-voz05--><!--desk-in-out-voz05--><br \/>\n<!--publicidad-voz06--><!--bestpublic-voz06--><!--desk-in-out-voz06--><br \/>\n<!--publicidad-voz07--><!--bestpublic-voz07--><!--desk-in-out-voz07--><br \/>\n<!--publicidad-voz08--><!--bestpublic-voz08--><!--desk-in-out-voz08--><br \/>\n<!--publicidad-voz09--><!--bestpublic-voz09--><!--desk-in-out-voz09--><br \/>\n<!--publicidad-voz10--><!--bestpublic-voz10--><!--desk-in-out-voz10--><br \/>\n<!--publicidad-voz11--><!--bestpublic-voz11--><!--desk-in-out-voz11--><br \/>\n<!--publicidad-voz12--><!--bestpublic-voz12--><!--desk-in-out-voz12--><br \/>\n<!--publicidad-voz13--><!--bestpublic-voz13--><!--desk-in-out-voz13--><br \/>\n<!--publicidad-voz14--><!--bestpublic-voz14--><!--desk-in-out-voz14--><br \/>\n<!--publicidad-voz15--><!--bestpublic-voz15--><!--desk-in-out-voz15--><br \/>\n<!--publicidad-voz16--><!--bestpublic-voz16--><!--desk-in-out-voz16--><\/p>\n","protected":false},"excerpt":{"rendered":"<p>LA ASOCIACI\u00d3N CULTURAL AMIGOS DEL CORPUS DE HELL\u00cdN Y LA ADORACI\u00d3N NOCTURNA ESPA\u00d1OLA SECCI\u00d3N MIXTA DE HELLIN INFORMAN DE LA CELEBRACI\u00d3N RELIGIOSA \u00abDIEZ HORAS CON EL SANT\u00cdSIMO\u00bb EL JUEVES 20 DE JUNIO.<\/p>\n","protected":false},"author":2,"featured_media":90585,"comment_status":"closed","ping_status":"closed","sticky":false,"template":"","format":"standard","meta":{"footnotes":""},"categories":[719,718,715,716,717],"tags":[],"class_list":["post-101494","post","type-post","status-publish","format-standard","has-post-thumbnail","hentry","category-blog-lv001","category-blogger","category-la-voz-de-hellin","category-la-voz-de-hellin-la-voz-de-hellin","category-noticias"],"_links":{"self":[{"href":"https:\/\/lavozdehellin.com\/noticias\/wp-json\/wp\/v2\/posts\/101494","targetHints":{"allow":["GET"]}}],"collection":[{"href":"https:\/\/lavozdehellin.com\/noticias\/wp-json\/wp\/v2\/posts"}],"about":[{"href":"https:\/\/lavozdehellin.com\/noticias\/wp-json\/wp\/v2\/types\/post"}],"author":[{"embeddable":true,"href":"https:\/\/lavozdehellin.com\/noticias\/wp-json\/wp\/v2\/users\/2"}],"replies":[{"embeddable":true,"href":"https:\/\/lavozdehellin.com\/noticias\/wp-json\/wp\/v2\/comments?post=101494"}],"version-history":[{"count":0,"href":"https:\/\/lavozdehellin.com\/noticias\/wp-json\/wp\/v2\/posts\/101494\/revisions"}],"wp:featuredmedia":[{"embeddable":true,"href":"https:\/\/lavozdehellin.com\/noticias\/wp-json\/wp\/v2\/media\/90585"}],"wp:attachment":[{"href":"https:\/\/lavozdehellin.com\/noticias\/wp-json\/wp\/v2\/media?parent=101494"}],"wp:term":[{"taxonomy":"category","embeddable":true,"href":"https:\/\/lavozdehellin.com\/noticias\/wp-json\/wp\/v2\/categories?post=101494"},{"taxonomy":"post_tag","embeddable":true,"href":"https:\/\/lavozdehellin.com\/noticias\/wp-json\/wp\/v2\/tags?post=101494"}],"curies":[{"name":"wp","href":"https:\/\/api.w.org\/{rel}","templated":true}]}}