{"id":101495,"date":"2019-06-18T10:03:06","date_gmt":"2019-06-18T10:03:06","guid":{"rendered":"https:\/\/lavozdehellin.com\/noticias\/v00-074-el-parque-arqueologico-del-tolmo-de-minateda-organiza-varias-actividades-nocturnas-bajo-el-nombre-midnaiteda\/"},"modified":"2024-01-04T14:05:25","modified_gmt":"2024-01-04T14:05:25","slug":"v00-074-el-parque-arqueologico-del-tolmo-de-minateda-organiza-varias-actividades-nocturnas-bajo-el-nombre-midnaiteda","status":"publish","type":"post","link":"https:\/\/lavozdehellin.com\/noticias\/v00-074-el-parque-arqueologico-del-tolmo-de-minateda-organiza-varias-actividades-nocturnas-bajo-el-nombre-midnaiteda\/","title":{"rendered":"LVH NOTICIAS | EL PARQUE ARQUEOLOGICO DEL TOLMO DE MINATEDA ORGANIZA VARIAS ACTIVIDADES NOCTURNAS BAJO EL NOMBRE \u201cMIDNAITEDA\u201d"},"content":{"rendered":"<p style=\"text-align: justify;\">El Parque Arqueol\u00f3gico Tolmo de Minateda ha organizado para las noches de varios viernes y s\u00e1bados de este verano algunas actividades l\u00fadicas y educativas que complementan los servicios que vienen desarrollando desde su apertura el pasado mes de marzo.<\/p>\n<p><!--more--><br \/>\n<!--publicidad-voz01--><a href=\"https:\/\/www.facebook.com\/SoloRadioHellin\/?locale=es_ES\"><img decoding=\"async\" class=\"alignnone size-medium\" src=\"https:\/\/blogger.googleusercontent.com\/img\/b\/R29vZ2xl\/AVvXsEiNncirNnyGedv00mhjZjh5Wl4_YPdJGanoAl8tL8zH-HwqE8uHqjEfSt340RHdx-9tuCSIkZ8rFamZiGyYlgDGxCsmXjCH_1xk5eYM3ntFZRvJP_jndOKR7w1UAo9Tu0vrZyOLfqRpHIxYI5SymJJ-pfGCQw6QVpggBH-UgfjiFQ2JOxqxG0Jx94kW83c\/s1600\/logo-principal.jpg\" width=\"100%\" height=\"100\" \/><\/a><!--bestpublic-voz01--><!--desk-in-out-voz01--><br \/>\n<!--publicidad-voz02--><a href=\"https:\/\/www.hellincf.com\/\"><img decoding=\"async\" class=\"alignnone size-medium\" src=\"https:\/\/blogger.googleusercontent.com\/img\/b\/R29vZ2xl\/AVvXsEhuZ4-XfBVj3UtdP8-RZugy3WVrg-Zv28c53m4oV47qYCxL1rX_dqWX_YddsGSnpH5SRDqZ7bZeKPIfDVCDncpjVlhy3aQs2vojcJBn7Gdv9hC2_Nzct_pRFrnFE1a7KTCdY1bT_kAgnY3-iadRZrGeJf1fR2P5fu11bokx0pWjaypoy-ctwCjklldpEbA\/s1600\/logo-principal7.jpg\" width=\"100%\" height=\"100\" \/><\/a><!--bestpublic-voz02--><!--desk-in-out-voz02--><\/p>\n<p style=\"text-align: justify;\">Unas actividades que se han organizado bajo el nombre de \u201cMidnaiteda\u201d, un juego de palabras que hace alusi\u00f3n a la localizaci\u00f3n del Parque y a la excepcionalidad del horario, y que comenzar\u00e1n con un taller sobre astronom\u00eda y una observaci\u00f3n astron\u00f3mica en el propio yacimiento el pr\u00f3ximo viernes 28 de junio.<\/p>\n<p style=\"text-align: justify;\">El taller est\u00e1 organizado por la Asociaci\u00f3n Astron\u00f3mica Alba-5 y el propio Parque Arqueol\u00f3gico y comenzar\u00e1 con una charla impartida en el Centro de Interpretaci\u00f3n a las 21 horas, con algunas nociones b\u00e1sicas de astronom\u00eda, arqueoastronom\u00eda, y mecanica celeste. Para ello se usar\u00e1, entre otros instrumentos, un simulador para acelerar o hacer retroceder el tiempo, y poder ver de qu\u00e9 forma cambian las posiciones de los astros con respecto a nuestro horizonte, que se ha utilizado antiguamente para cosas tan diversas como la navegaci\u00f3n o la agricultura.<\/p>\n<p style=\"text-align: justify;\">Tras una peque\u00f1a pausa, en la que los participantes podr\u00e1n tomar un peque\u00f1o refrigerio, se iniciar\u00e1 la subida a la parte alta del yacimiento, donde se realizar\u00e1 la observaci\u00f3n astron\u00f3mica con telescopios y prism\u00e1ticos astron\u00f3micos. Con estos instrumentos se explicar\u00e1n las constelaciones y la orientaci\u00f3n nocturna, con ayuda de un l\u00e1ser, se observar\u00e1 a J\u00fapiter y Saturno y a los objetos de cielo profundo t\u00edpicos de esta estaci\u00f3n.<\/p>\n<p style=\"text-align: justify;\">Puesto que la actividad se realiza en un lugar habitado desde hace m\u00e1s de 3.500 a\u00f1os, se observar\u00e1n objetos cuya luz comenz\u00f3 su viaje hacia nosotros desde entonces.<\/p>\n<p style=\"text-align: justify;\">El Taller tiene un coste por persona de 10 euros, las plazas son limitadas y es imprescindible la inscripci\u00f3n previa en el tel\u00e9fono 610 592 655 (en horario de apertura del Parque) o en el correo electr\u00f3nico <a target=\"_blank\" rel=\"nofollow noopener noreferrer\" href=\"mailto:red.arqueologica.clm@tragsa.es\">red.arqueologica.clm@tragsa.es<\/a>. Se recomienda acudir con calzado c\u00f3modo y un peque\u00f1o picnic para tomar entre la charla y la observaci\u00f3n.<\/p>\n<p style=\"text-align: justify;\">La Asociaci\u00f3n Astron\u00f3mica Alba-5<\/p>\n<p style=\"text-align: justify;\">La Asociaci\u00f3n Astron\u00f3mica Alba-5 naci\u00f3 como iniciativa de un grupo de alumnos de 2\u00ba y 3\u00ba de BUP del Instituto de Bachillerato Mixto N\u00ba5, pertenecientes a la asignatura optativa de Astronom\u00eda, y respaldados por el entonces profesor de la asignatura, Fernando Carre\u00f1o Mar\u00edn. Tras realizar los tr\u00e1mites necesarios, se aprob\u00f3 la creaci\u00f3n de esta Asociaci\u00f3n, el d\u00eda 16 de Diciembre de 1991, siendo esta la primera sociedad astron\u00f3mica que se crea en la ciudad de Albacete.<\/p>\n<p style=\"text-align: justify;\">Aunque la AAA5 fue creada por los alumnos pertenecientes al Instituto N\u00ba5, se form\u00f3 de \u00e1mbito provincial, para que en ella pudieran participar todas las personas que quisieran, dentro de este \u00e1mbito.<\/p>\n<p style=\"text-align: justify;\">Los objetivos que la Asociaci\u00f3n se fij\u00f3 desde un principio fueron promover la divulgaci\u00f3n y la realizaci\u00f3n de las actividades relacionadas con la Astronom\u00eda entre sus socios, y entre todas aquellas personas interesadas en la materia, as\u00ed\u00a0 como al p\u00fablico en general, con la exclusi\u00f3n de cualquier finalidad profesional, pol\u00edtica, sindical, religiosa, filos\u00f3fica, o lucrativa.<\/p>\n<p style=\"text-align: justify;\">Entre estas actividades se encuentra la realizaci\u00f3n de charlas de iniciaci\u00f3n, debates, observaciones astron\u00f3micas, visitas a Planetarios y Museos de Ciencia, exposiciones, cursos, Jornadas Astron\u00f3micas, y todas aquellas que sirvan para divulgar los conocimientos en este campo de la Astronom\u00eda.<\/p>\n<p style=\"text-align: justify;\">Taller de fotograf\u00eda nocturna y visita a la luz de la luna<\/p>\n<p style=\"text-align: justify;\">\u201cMidnaiteda\u201d completa su programaci\u00f3n por el momento con otras dos actividades, programadas para los dos primeros s\u00e1bados de julio. Para el d\u00eda 6 de julio se ha organizado un taller de fotograf\u00eda nocturna, dirigido a personas que quieren iniciarse en la fotograf\u00eda nocturna y en su control t\u00e9cnico y valor est\u00e9tico.<\/p>\n<p style=\"text-align: justify;\">El planteamiento incluye un conjunto de ejercicios t\u00e9cnicos de iniciaci\u00f3n para familiarizarse con la complejidad t\u00e9cnica de las largas exposiciones y con la composici\u00f3n. Se realizar\u00e1 una charla en las instalaciones del Centro de Interpretaci\u00f3n y posteriormente se visitar\u00e1 el yacimiento para hacer fotograf\u00edas de noche. La actividad tambi\u00e9n se complementar\u00eda con un peque\u00f1o refrigerio. El precio para este taller, que comenzar\u00e1 a las 20 horas y tiene una duraci\u00f3n aproximada de 4 horas, es de 10 euros por persona, siendo las plazas limitadas y, como en el resto de actividades, necesaria la inscripci\u00f3n previa.<\/p>\n<p style=\"text-align: justify;\">Para la noche del s\u00e1bado 13 de julio se ha programado una visita guiada por el yacimiento arqueol\u00f3gico que comenzar\u00e1 a las 21:30 horas y en la que los gu\u00edas interpretes abordar\u00e1n temas relacionados con la noche en la Antig\u00fcedad. Esta actividad se complementa con la degustaci\u00f3n de cerveza artesana y una peque\u00f1a explicaci\u00f3n sobre su elaboraci\u00f3n. En esta actividad colabora la microcervercera hellinera Il\u00fanica, que debe su nombre a la antigua Ilunum y al sat\u00e9lite terrestre, que esa noche estar\u00e1 casi en su fase plena. El precio de esta actividad, incluyendo la degustaci\u00f3n de cerveza, es de 10 euros por persona, y tambi\u00e9n es imprescindible la inscripci\u00f3n previa por los mismos medios relatados.<\/p>\n<p style=\"text-align: justify;\">Midnaiteda<\/p>\n<p style=\"text-align: justify;\">Estas son las primeras tres actividades que bajo la marca \u201cMidnaiteda\u201d el Parque Arqueol\u00f3gico Tolmo de Minateda pretende organizar durante las noches de los fines de semana estivales. Unas actividades organizadas por el Parque Arqueol\u00f3gico, dependiente de la Junta de Comunidades de Castilla-La Mancha y que gestiona la empresa Tragsa, y en la que colaboran el Ayuntamiento de Hell\u00edn y diferentes asociaciones, profesionales y empresas de la provincia de Albacete.<\/p>\n<p style=\"text-align: justify;\">Ya se est\u00e1 trabajando en otros talleres y actividades que se realizar\u00edan en pr\u00f3ximas ediciones, como conciertos, recitales, visitas teatralizadas o tem\u00e1ticas que complementar\u00e1n los servicios que habitualmente ofrece el Parque.<\/p>\n<p><!--publicidad-voz03--><a href=\"https:\/\/www.facebook.com\/profile.php?id=100063593791305&amp;locale=es_ES\"><img decoding=\"async\" class=\"alignnone size-medium\" src=\"https:\/\/blogger.googleusercontent.com\/img\/b\/R29vZ2xl\/AVvXsEi8_n_ll8UOcGxCqzFvb_9Io4ICczlGC990BPtPj2w9Px-u7B3oqWUW5vtjZUqPNJ-nyjiUIorE0ATsib_l5tV8BVN-UJ03RTnU__IHJF_4DgDBtY4LIqXNG-FomrO-7ywes20CBCRM2Hcm7EJSh3UUw1dO-c_uTflUrtgY1i7uBRezj_DpympmEFkfbQY\/s1600\/logo-principal2.jpg\" width=\"100%\" height=\"100\" \/><\/a><!--bestpublic-voz03--><!--desk-in-out-voz03--><br \/>\n<!--publicidad-voz04--><a href=\"https:\/\/www.facebook.com\/profile.php?id=61557370768692&amp;locale=es_ES\"><img decoding=\"async\" class=\"alignnone size-medium\" src=\"https:\/\/blogger.googleusercontent.com\/img\/b\/R29vZ2xl\/AVvXsEgy5RdcfffrnrItnYTcV9bCJjgJwldsQLWssfVfrLbyfXeBNTFKgBf0rMIvhrUaGUhiXzVr9_eQgCbi-j63ZDpfTvLIty9w7s140y-m1yHe7eKmEK7v2NAHUJDVYGdfeiQFeRCqUjdwWmN1MX_AUxxz4IVdJ4WIM0APxit8bjWkXzrnEFGqBvW_1F13H1g\/s1600\/logo-principal5.jpg\" width=\"100%\" height=\"100\" \/><\/a><!--bestpublic-voz04--><!--desk-in-out-voz04--><br \/>\n<!--publicidad-voz05--><a href=\"https:\/\/www.facebook.com\/asociaciontamborileroshellin?locale=es_ES\"><img decoding=\"async\" class=\"alignnone size-medium\" src=\"https:\/\/blogger.googleusercontent.com\/img\/b\/R29vZ2xl\/AVvXsEhHEEpZsKK1VpwiYMrS7aE2ujtqIDZoLd4B5wtbiseSU9s2HdTdQfhF84So2XwEB1fv0BLw95GADm6hUl1bkKtzh-eIgVigXONuu_5RxeIMPhjk8q6uNX4EaEHbooKkbu7pCADWPpVJjhKIH5NQSJpWqedC-YBez4QAQeJYokkLot9bhrIaUAeztsGis6M\/s1600\/logo-principal3.jpg\" width=\"100%\" height=\"100\" \/><\/a><!--bestpublic-voz05--><!--desk-in-out-voz05--><br \/>\n<!--publicidad-voz06--><!--bestpublic-voz06--><!--desk-in-out-voz06--><br \/>\n<!--publicidad-voz07--><!--bestpublic-voz07--><!--desk-in-out-voz07--><br \/>\n<!--publicidad-voz08--><!--bestpublic-voz08--><!--desk-in-out-voz08--><br \/>\n<!--publicidad-voz09--><!--bestpublic-voz09--><!--desk-in-out-voz09--><br \/>\n<!--publicidad-voz10--><!--bestpublic-voz10--><!--desk-in-out-voz10--><br \/>\n<!--publicidad-voz11--><!--bestpublic-voz11--><!--desk-in-out-voz11--><br \/>\n<!--publicidad-voz12--><!--bestpublic-voz12--><!--desk-in-out-voz12--><br \/>\n<!--publicidad-voz13--><!--bestpublic-voz13--><!--desk-in-out-voz13--><br \/>\n<!--publicidad-voz14--><!--bestpublic-voz14--><!--desk-in-out-voz14--><br \/>\n<!--publicidad-voz15--><!--bestpublic-voz15--><!--desk-in-out-voz15--><br \/>\n<!--publicidad-voz16--><!--bestpublic-voz16--><!--desk-in-out-voz16--><\/p>\n","protected":false},"excerpt":{"rendered":"<p>EL PARQUE ARQUEOLOGICO DEL TOLMO DE MINATEDA ORGANIZA VARIAS ACTIVIDADES NOCTURNAS BAJO EL NOMBRE \u201cMIDNAITEDA\u201d<\/p>\n","protected":false},"author":2,"featured_media":90587,"comment_status":"closed","ping_status":"closed","sticky":false,"template":"","format":"standard","meta":{"footnotes":""},"categories":[719,718,715,716,717],"tags":[],"class_list":["post-101495","post","type-post","status-publish","format-standard","has-post-thumbnail","hentry","category-blog-lv001","category-blogger","category-la-voz-de-hellin","category-la-voz-de-hellin-la-voz-de-hellin","category-noticias"],"_links":{"self":[{"href":"https:\/\/lavozdehellin.com\/noticias\/wp-json\/wp\/v2\/posts\/101495","targetHints":{"allow":["GET"]}}],"collection":[{"href":"https:\/\/lavozdehellin.com\/noticias\/wp-json\/wp\/v2\/posts"}],"about":[{"href":"https:\/\/lavozdehellin.com\/noticias\/wp-json\/wp\/v2\/types\/post"}],"author":[{"embeddable":true,"href":"https:\/\/lavozdehellin.com\/noticias\/wp-json\/wp\/v2\/users\/2"}],"replies":[{"embeddable":true,"href":"https:\/\/lavozdehellin.com\/noticias\/wp-json\/wp\/v2\/comments?post=101495"}],"version-history":[{"count":0,"href":"https:\/\/lavozdehellin.com\/noticias\/wp-json\/wp\/v2\/posts\/101495\/revisions"}],"wp:featuredmedia":[{"embeddable":true,"href":"https:\/\/lavozdehellin.com\/noticias\/wp-json\/wp\/v2\/media\/90587"}],"wp:attachment":[{"href":"https:\/\/lavozdehellin.com\/noticias\/wp-json\/wp\/v2\/media?parent=101495"}],"wp:term":[{"taxonomy":"category","embeddable":true,"href":"https:\/\/lavozdehellin.com\/noticias\/wp-json\/wp\/v2\/categories?post=101495"},{"taxonomy":"post_tag","embeddable":true,"href":"https:\/\/lavozdehellin.com\/noticias\/wp-json\/wp\/v2\/tags?post=101495"}],"curies":[{"name":"wp","href":"https:\/\/api.w.org\/{rel}","templated":true}]}}