{"id":101498,"date":"2019-06-17T19:27:38","date_gmt":"2019-06-17T19:27:38","guid":{"rendered":"https:\/\/lavozdehellin.com\/noticias\/v00-077-almudena-jimenez-e-ismael-hernandez-se-proclaman-vencedores-en-riopar\/"},"modified":"2024-01-04T14:05:25","modified_gmt":"2024-01-04T14:05:25","slug":"v00-077-almudena-jimenez-e-ismael-hernandez-se-proclaman-vencedores-en-riopar","status":"publish","type":"post","link":"https:\/\/lavozdehellin.com\/noticias\/v00-077-almudena-jimenez-e-ismael-hernandez-se-proclaman-vencedores-en-riopar\/","title":{"rendered":"LVH NOTICIAS | ALMUDENA JIM\u00c9NEZ E ISMAEL HERN\u00c1NDEZ SE PROCLAMAN VENCEDORES EN RI\u00d3PAR."},"content":{"rendered":"<p style=\"text-align: justify;\">El pasado domingo, a las 09:30 horas se celebr\u00f3 en el municipio de Ri\u00f3par otra prueba m\u00e1s, concretamente la vig\u00e9simo primera del XIII Circuito Provincial BTT Diputaci\u00f3n de Albacete. Esta carrera, que cont\u00f3 con m\u00e1s de trescientos cuarenta participantes citados en el arco de salida, se resolvi\u00f3 con las victorias de la actual l\u00edder del circuito femenino, Almudena Jim\u00e9nez (Arte Bicis C.C.) e Ismael Hern\u00e1ndez.<\/p>\n<p><!--more--><br \/>\n<!--publicidad-voz01--><a href=\"https:\/\/www.facebook.com\/SoloRadioHellin\/?locale=es_ES\"><img decoding=\"async\" class=\"alignnone size-medium\" src=\"https:\/\/blogger.googleusercontent.com\/img\/b\/R29vZ2xl\/AVvXsEiNncirNnyGedv00mhjZjh5Wl4_YPdJGanoAl8tL8zH-HwqE8uHqjEfSt340RHdx-9tuCSIkZ8rFamZiGyYlgDGxCsmXjCH_1xk5eYM3ntFZRvJP_jndOKR7w1UAo9Tu0vrZyOLfqRpHIxYI5SymJJ-pfGCQw6QVpggBH-UgfjiFQ2JOxqxG0Jx94kW83c\/s1600\/logo-principal.jpg\" width=\"100%\" height=\"100\" \/><\/a><!--bestpublic-voz01--><!--desk-in-out-voz01--><br \/>\n<!--publicidad-voz02--><a href=\"https:\/\/www.hellincf.com\/\"><img decoding=\"async\" class=\"alignnone size-medium\" src=\"https:\/\/blogger.googleusercontent.com\/img\/b\/R29vZ2xl\/AVvXsEhuZ4-XfBVj3UtdP8-RZugy3WVrg-Zv28c53m4oV47qYCxL1rX_dqWX_YddsGSnpH5SRDqZ7bZeKPIfDVCDncpjVlhy3aQs2vojcJBn7Gdv9hC2_Nzct_pRFrnFE1a7KTCdY1bT_kAgnY3-iadRZrGeJf1fR2P5fu11bokx0pWjaypoy-ctwCjklldpEbA\/s1600\/logo-principal7.jpg\" width=\"100%\" height=\"100\" \/><\/a><!--bestpublic-voz02--><!--desk-in-out-voz02--><\/p>\n<p style=\"text-align: justify;\">La ma\u00f1ana empezaba con bajas temperaturas que parecer\u00edan incrementar, a\u00fan m\u00e1s, la exigencia del trazado marcado por la organizaci\u00f3n. Pero, poco a poco, el sol ir\u00eda haciendo acto de presencia para establecer unas condiciones meteorol\u00f3gicas ideales para la pr\u00e1ctica de este deporte.\u00a0 Desde el inicio de la prueba Ismael pondr\u00eda un ritmo que no podr\u00edan seguir sus rivales, lo que har\u00eda tomar distancia con los mismos. Con el transcurso de los kil\u00f3metros, Pedro Jes\u00fas Rodr\u00edguez (Ingeteam Rumbo BTT) conseguir\u00eda dar caza al primer clasificado de la prueba pero, pocos kil\u00f3metros despu\u00e9s,\u00a0 Ismael volver\u00eda a incrementar el ritmo para llegar en solitario a la l\u00ednea de meta. Por detr\u00e1s,\u00a0 Juan Moreno (Los Bronces Cycling Team) conseguir\u00eda alcanzar a Pedro Jes\u00fas quien, en la \u00faltima bajada del trazado conseguir\u00eda abrir diferencias para ser segundo clasificado, dejando, por tanto, a Juan ocupar el tercer caj\u00f3n del p\u00f3dium.<\/p>\n<p style=\"text-align: justify;\">En la categor\u00eda femenina, mucha menos competencia que en la masculina, ya que desde los primeros instantes Almudena Jim\u00e9nez ocupar\u00eda el primer puesto hasta llegar a meta sin poner en riesgo su victoria. Sin embargo, la lucha por el segundo y tercer puesto ser\u00eda mucho m\u00e1s combatido ya que, Alfonsi Villar (Ferroice\u2013Contrallano BTT) ver\u00eda como, en la segunda mitad del recorrido, Celia Pina (Ekuon El Conchel\/Diputaci\u00f3n Albacete Sport Team) lograr\u00eda alcanzarla e, incluso, adelantarla en algunas instantes. Finalmente se decidir\u00eda esta lucha con un intenso y largo sprint con el que Alfonsi lograr\u00eda imponerse a Celia y conseguir, de este modo, la segunda posici\u00f3n en la clasificaci\u00f3n final de la prueba.<\/p>\n<p style=\"text-align: justify;\">En la modalidad de recorrido alternativo, Alicia \u00c1lvarez (Depor Bike Club Ciclista) y Mario Romero, se impondr\u00edan en la categor\u00eda J\u00fanior, resultando vencedores de la categor\u00eda S\u00e9nior Manuel Gonz\u00e1lez (Club BTT Pincharuedas\u2013Acecho) y Francisco Mancebo (Bicis El Hellinero\u2013Acecho).<\/p>\n<p style=\"text-align: justify;\">Para la semana que viene, m\u00e1s actividad ciclista en nuestra provincia, siendo la localidad de Carcel\u00e9n, la que acoja a la vig\u00e9simo segunda prueba del Circuito de BTT organizado por la Diputaci\u00f3n.<\/p>\n<p><!--publicidad-voz03--><a href=\"https:\/\/www.facebook.com\/profile.php?id=100063593791305&amp;locale=es_ES\"><img decoding=\"async\" class=\"alignnone size-medium\" src=\"https:\/\/blogger.googleusercontent.com\/img\/b\/R29vZ2xl\/AVvXsEi8_n_ll8UOcGxCqzFvb_9Io4ICczlGC990BPtPj2w9Px-u7B3oqWUW5vtjZUqPNJ-nyjiUIorE0ATsib_l5tV8BVN-UJ03RTnU__IHJF_4DgDBtY4LIqXNG-FomrO-7ywes20CBCRM2Hcm7EJSh3UUw1dO-c_uTflUrtgY1i7uBRezj_DpympmEFkfbQY\/s1600\/logo-principal2.jpg\" width=\"100%\" height=\"100\" \/><\/a><!--bestpublic-voz03--><!--desk-in-out-voz03--><br \/>\n<!--publicidad-voz04--><a href=\"https:\/\/www.facebook.com\/profile.php?id=61557370768692&amp;locale=es_ES\"><img decoding=\"async\" class=\"alignnone size-medium\" src=\"https:\/\/blogger.googleusercontent.com\/img\/b\/R29vZ2xl\/AVvXsEgy5RdcfffrnrItnYTcV9bCJjgJwldsQLWssfVfrLbyfXeBNTFKgBf0rMIvhrUaGUhiXzVr9_eQgCbi-j63ZDpfTvLIty9w7s140y-m1yHe7eKmEK7v2NAHUJDVYGdfeiQFeRCqUjdwWmN1MX_AUxxz4IVdJ4WIM0APxit8bjWkXzrnEFGqBvW_1F13H1g\/s1600\/logo-principal5.jpg\" width=\"100%\" height=\"100\" \/><\/a><!--bestpublic-voz04--><!--desk-in-out-voz04--><br \/>\n<!--publicidad-voz05--><a href=\"https:\/\/www.facebook.com\/asociaciontamborileroshellin?locale=es_ES\"><img decoding=\"async\" class=\"alignnone size-medium\" src=\"https:\/\/blogger.googleusercontent.com\/img\/b\/R29vZ2xl\/AVvXsEhHEEpZsKK1VpwiYMrS7aE2ujtqIDZoLd4B5wtbiseSU9s2HdTdQfhF84So2XwEB1fv0BLw95GADm6hUl1bkKtzh-eIgVigXONuu_5RxeIMPhjk8q6uNX4EaEHbooKkbu7pCADWPpVJjhKIH5NQSJpWqedC-YBez4QAQeJYokkLot9bhrIaUAeztsGis6M\/s1600\/logo-principal3.jpg\" width=\"100%\" height=\"100\" \/><\/a><!--bestpublic-voz05--><!--desk-in-out-voz05--><br \/>\n<!--publicidad-voz06--><!--bestpublic-voz06--><!--desk-in-out-voz06--><br \/>\n<!--publicidad-voz07--><!--bestpublic-voz07--><!--desk-in-out-voz07--><br \/>\n<!--publicidad-voz08--><!--bestpublic-voz08--><!--desk-in-out-voz08--><br \/>\n<!--publicidad-voz09--><!--bestpublic-voz09--><!--desk-in-out-voz09--><br \/>\n<!--publicidad-voz10--><!--bestpublic-voz10--><!--desk-in-out-voz10--><br \/>\n<!--publicidad-voz11--><!--bestpublic-voz11--><!--desk-in-out-voz11--><br \/>\n<!--publicidad-voz12--><!--bestpublic-voz12--><!--desk-in-out-voz12--><br \/>\n<!--publicidad-voz13--><!--bestpublic-voz13--><!--desk-in-out-voz13--><br \/>\n<!--publicidad-voz14--><!--bestpublic-voz14--><!--desk-in-out-voz14--><br \/>\n<!--publicidad-voz15--><!--bestpublic-voz15--><!--desk-in-out-voz15--><br \/>\n<!--publicidad-voz16--><!--bestpublic-voz16--><!--desk-in-out-voz16--><\/p>\n","protected":false},"excerpt":{"rendered":"<p>ALMUDENA JIM\u00c9NEZ E ISMAEL HERN\u00c1NDEZ SE PROCLAMAN VENCEDORES EN RI\u00d3PAR.<\/p>\n","protected":false},"author":2,"featured_media":90584,"comment_status":"closed","ping_status":"closed","sticky":false,"template":"","format":"standard","meta":{"footnotes":""},"categories":[719,718,715,716,717],"tags":[],"class_list":["post-101498","post","type-post","status-publish","format-standard","has-post-thumbnail","hentry","category-blog-lv001","category-blogger","category-la-voz-de-hellin","category-la-voz-de-hellin-la-voz-de-hellin","category-noticias"],"_links":{"self":[{"href":"https:\/\/lavozdehellin.com\/noticias\/wp-json\/wp\/v2\/posts\/101498","targetHints":{"allow":["GET"]}}],"collection":[{"href":"https:\/\/lavozdehellin.com\/noticias\/wp-json\/wp\/v2\/posts"}],"about":[{"href":"https:\/\/lavozdehellin.com\/noticias\/wp-json\/wp\/v2\/types\/post"}],"author":[{"embeddable":true,"href":"https:\/\/lavozdehellin.com\/noticias\/wp-json\/wp\/v2\/users\/2"}],"replies":[{"embeddable":true,"href":"https:\/\/lavozdehellin.com\/noticias\/wp-json\/wp\/v2\/comments?post=101498"}],"version-history":[{"count":0,"href":"https:\/\/lavozdehellin.com\/noticias\/wp-json\/wp\/v2\/posts\/101498\/revisions"}],"wp:featuredmedia":[{"embeddable":true,"href":"https:\/\/lavozdehellin.com\/noticias\/wp-json\/wp\/v2\/media\/90584"}],"wp:attachment":[{"href":"https:\/\/lavozdehellin.com\/noticias\/wp-json\/wp\/v2\/media?parent=101498"}],"wp:term":[{"taxonomy":"category","embeddable":true,"href":"https:\/\/lavozdehellin.com\/noticias\/wp-json\/wp\/v2\/categories?post=101498"},{"taxonomy":"post_tag","embeddable":true,"href":"https:\/\/lavozdehellin.com\/noticias\/wp-json\/wp\/v2\/tags?post=101498"}],"curies":[{"name":"wp","href":"https:\/\/api.w.org\/{rel}","templated":true}]}}