{"id":101500,"date":"2019-06-17T10:50:54","date_gmt":"2019-06-17T10:50:54","guid":{"rendered":"https:\/\/lavozdehellin.com\/noticias\/v00-079-este-sabado-arrancaba-la-legislaura-2019-2023-con-el-acto-de-investidura-de-los-nuevos-concejales-de-la-corporacion-municipal\/"},"modified":"2024-01-04T14:05:25","modified_gmt":"2024-01-04T14:05:25","slug":"v00-079-este-sabado-arrancaba-la-legislaura-2019-2023-con-el-acto-de-investidura-de-los-nuevos-concejales-de-la-corporacion-municipal","status":"publish","type":"post","link":"https:\/\/lavozdehellin.com\/noticias\/v00-079-este-sabado-arrancaba-la-legislaura-2019-2023-con-el-acto-de-investidura-de-los-nuevos-concejales-de-la-corporacion-municipal\/","title":{"rendered":"LVH NOTICIAS | ESTE S\u00c1BADO ARRANCABA LA LEGISLAURA 2019-2023 CON EL ACTO DE INVESTIDURA DE LOS NUEVOS CONCEJALES DE LA CORPORACI\u00d3N MUNICIPAL."},"content":{"rendered":"<p style=\"text-align: justify;\">Ram\u00f3n Garc\u00eda tomaba de nuevo posesi\u00f3n como Alcalde ratificando su promesa de seguir trabajando para conseguir el crecimiento de Hell\u00edn y el bienestar de los ciudadanos.<\/p>\n<p><!--more--><br \/>\n<!--publicidad-voz01--><a href=\"https:\/\/www.facebook.com\/SoloRadioHellin\/?locale=es_ES\"><img decoding=\"async\" class=\"alignnone size-medium\" src=\"https:\/\/blogger.googleusercontent.com\/img\/b\/R29vZ2xl\/AVvXsEiNncirNnyGedv00mhjZjh5Wl4_YPdJGanoAl8tL8zH-HwqE8uHqjEfSt340RHdx-9tuCSIkZ8rFamZiGyYlgDGxCsmXjCH_1xk5eYM3ntFZRvJP_jndOKR7w1UAo9Tu0vrZyOLfqRpHIxYI5SymJJ-pfGCQw6QVpggBH-UgfjiFQ2JOxqxG0Jx94kW83c\/s1600\/logo-principal.jpg\" width=\"100%\" height=\"100\" \/><\/a><!--bestpublic-voz01--><!--desk-in-out-voz01--><br \/>\n<!--publicidad-voz02--><a href=\"https:\/\/www.hellincf.com\/\"><img decoding=\"async\" class=\"alignnone size-medium\" src=\"https:\/\/blogger.googleusercontent.com\/img\/b\/R29vZ2xl\/AVvXsEhuZ4-XfBVj3UtdP8-RZugy3WVrg-Zv28c53m4oV47qYCxL1rX_dqWX_YddsGSnpH5SRDqZ7bZeKPIfDVCDncpjVlhy3aQs2vojcJBn7Gdv9hC2_Nzct_pRFrnFE1a7KTCdY1bT_kAgnY3-iadRZrGeJf1fR2P5fu11bokx0pWjaypoy-ctwCjklldpEbA\/s1600\/logo-principal7.jpg\" width=\"100%\" height=\"100\" \/><\/a><!--bestpublic-voz02--><!--desk-in-out-voz02--><\/p>\n<p style=\"text-align: justify;\">Este pasado s\u00e1bado arrancaba la legislatura 2019-2023 con el acto de investidura de los nuevos concejales de la Corporaci\u00f3n Municipal.<\/p>\n<p style=\"text-align: justify;\">Acto solemne al que asist\u00eda un numeroso p\u00fablico que abarrotaba el sal\u00f3n de plenos, en el que no faltaron las an\u00e9cdotas, protagonizadas por un voto traspapelado que hizo que por unos instantes no llegaran a 21 los concejales del Ayuntamiento, as\u00ed como el voto nulo que por confusi\u00f3n emit\u00eda el concejal de Ciudadanos.<\/p>\n<p style=\"text-align: justify;\">Por todo lo dem\u00e1s, la sesi\u00f3n transcurr\u00eda seg\u00fan lo establecido. Se conformaba la mesa de edad, se proced\u00eda a la votaci\u00f3n mediante urna y sobre cerrado de los 3 candidatos que se postulaban como primer edil, Ram\u00f3n Garcia, Manuel Serena y Raquel Tomas y el resultado fue el esperado, Ram\u00f3n Garcia revalidaba su cargo como Alcalde en esta nueva legislatura tras el pacto de gobierno alcanzado con la Agrupaci\u00f3n de Electores Hell\u00edn.<\/p>\n<p style=\"text-align: justify;\"><em>A continuaci\u00f3n pueden ustedes leer el discuso integro efectuado por Ram\u00f3n Garcia en su toma de posesi\u00f3n como Alcalde de Hell\u00edn:<\/em><\/p>\n<p style=\"text-align: justify;\">Autoridades, representantes de Asociaciones Empresariales y Sindicatos, representantes de los diversos colectivos asociativos, compa\u00f1eros\/as de corporaci\u00f3n, buenos d\u00edas.<\/p>\n<p style=\"text-align: justify;\">Perm\u00edtanme que tambi\u00e9n salude a mi familia (hermanas, sobrinos, t\u00edos, primos\u2026) a mis amigos, a los que no hace falta que nombre, y a mi otra familia, la del Partido Socialista, me siento una persona afortunada porque estoy rodeado de personas que me quieren y a las que quiero.<\/p>\n<p style=\"text-align: justify;\">Tambi\u00e9n quiero trasladar un afectuoso saludo a todos los hellineros y hellineras que bien con su presencia, o bien por los medios de comunicaci\u00f3n, est\u00e1n siguiendo este acto, bienvenidos a todos.<\/p>\n<p style=\"text-align: justify;\">Hace exactamente cuatro a\u00f1os y dos d\u00edas tomaba posesi\u00f3n por primera vez como Alcalde de Hell\u00edn, aquel d\u00eda promet\u00eda \u201ctrabajar con todas mis fuerzas para conseguir el crecimiento de Hell\u00edn y el bienestar de sus ciudadanos\u201d hoy mi compromiso sigue siendo el mismo, para mi no hay cosa mas importante que mi pueblo y sus gentes, el cargo de alcalde, es el mayor honor que un hellinero amante de su tierra pueda ostentar y con esa responsabilidad lo asumo.<\/p>\n<p style=\"text-align: justify;\">Han pasado cuatro a\u00f1os, intensos pero cortos a la vez, cuatro a\u00f1os en los que hemos puesto todo nuestro empe\u00f1o por conseguir un Hell\u00edn mejor, el camino no ha sido f\u00e1cil, pero gracias al tes\u00f3n y el trabajo desarrollado por todos mis compa\u00f1eros entre los que incluyo a los dos concejales de IU, creo honestamente que lo hemos conseguido.<\/p>\n<p style=\"text-align: justify;\">Hell\u00edn en estos \u00faltimos cuatro a\u00f1os, ha experimentado un gran cambio social, cultural y econ\u00f3mico que debe ser el comienzo del nuevo camino que tenemos que andar juntos asociaciones de vecinos, entidades sociales, empresarios y sindicatos y como no tambi\u00e9n todos los grupos pol\u00edticos que desde esta ma\u00f1ana conformamos esta nueva Corporaci\u00f3n, todos\/as debemos trabajar unidos para construir el Hell\u00edn que queremos.<\/p>\n<p style=\"text-align: justify;\">Se inicia una nueva etapa en el Ayuntamiento de Hell\u00edn, en nuestra Ciudad y sus 12 Pedan\u00edas. Hoy conformamos un nuevo gobierno entre el Partido Socialista Obrero Espa\u00f1ol y la Agrupaci\u00f3n de Electores de Hell\u00edn, que tiene que ser un gobierno de progreso, y del que ya os puedo asegurar que va a trabajar principalmente en cinco ejes fundamentales: Participaci\u00f3n, igualdad de oportunidades, bienestar social, cultura, y desarrollo sostenible.<\/p>\n<p style=\"text-align: justify;\">Tenemos ante nosotros un reto importante y para ello hemos firmado un pacto de gobierno donde las principales l\u00edneas de actuaci\u00f3n se van a centrar en aunar los cuatro pilares del proyecto de la Agrupaci\u00f3n de Electores de Hell\u00edn con la visi\u00f3n de Ciudad \u201cEl Hell\u00edn que quieres\u201d del Partido Socialista Obrero Espa\u00f1ol.<\/p>\n<p style=\"text-align: justify;\">El Hell\u00edn que queremos es un Hell\u00edn que apuesta por la convivencia, el bienestar y las oportunidades. Una ciudad que cohesiona e integra desde el pluralismo y la seguridad, desde un nuevo modelo de desarrollo urbano sostenible y educador que entronca desde la inclusi\u00f3n y la accesibilidad. Acercando los servicios p\u00fablicos y generando canales de participaci\u00f3n y comunicaci\u00f3n. El Hell\u00edn que queremos es el Hell\u00edn emprendedor, generador de oportunidades y abierto a su entorno.<\/p>\n<p style=\"text-align: justify;\">El proyecto de Ciudad Abierta sigue vivo para estos pr\u00f3ximos cuatro a\u00f1os, con la Transparencia que dan unos cristales limpios y con la responsabilidad que asumimos para con todos los ciudadanos y ciudadanas de Hell\u00edn.<\/p>\n<p style=\"text-align: justify;\">Somos conscientes que los retos del futuro pasan por el aumento de la proximidad entre la Administraci\u00f3n y los administrados, la facilitaci\u00f3n de los tr\u00e1mites, la era digital y la administraci\u00f3n electr\u00f3nica, pero tambi\u00e9n por el aumento de la seguridad ciudadana y la participaci\u00f3n de colectivos y asociaciones de todo tipo.<\/p>\n<p style=\"text-align: justify;\">Seremos un Gobierno transparente<u>,<\/u> organizaremos la gesti\u00f3n situando a la ciudadan\u00eda en el centro de la acci\u00f3n municipal, con la participaci\u00f3n activa de la Federaci\u00f3n de Asociaciones de Vecinos, tenemos que fomentar la participaci\u00f3n real y efectiva del tejido asociativo de nuestros barrios y pedan\u00edas, la voz de nuestros vecinos tiene que estar muy presente en la toma de decisiones de mi equipo de gobierno, tomando como referencia la coherencia de sus peticiones y las posibilidades econ\u00f3micas del ayuntamiento.<\/p>\n<p style=\"text-align: justify;\">La administraci\u00f3n electr\u00f3nica es b\u00e1sica en el funcionamiento de cualquier ayuntamiento moderno, pero ello pasa tambi\u00e9n por la mejora de las condiciones laborales de nuestros trabajadores\/as, tras estos procesos electorales (municipales y sindicales) debemos retomar las negociaciones para la aprobaci\u00f3n del Convenio Colectivo y Acuerdo Marco, as\u00ed como de la nueva Relaci\u00f3n de Puestos de Trabajo que tiene que servir para mejorar las condiciones laborales y econ\u00f3micas de los empleados p\u00fablicos.<\/p>\n<p style=\"text-align: justify;\">Hay que poner en marcha un plan de Consolidaci\u00f3n y estabilizaci\u00f3n de puestos interinos que disminuya la temporalidad con procesos que valoren m\u00e9ritos y servicios prestados hasta el l\u00edmite permitido por la legislaci\u00f3n vigente y tambi\u00e9n hay que poner en marcha un Plan de Ordenaci\u00f3n de Recursos Humanos que optimice los efectivos y servicios p\u00fablicos.<\/p>\n<p style=\"text-align: justify;\">El Hell\u00edn que queremos es diverso, plural e inclusivo. La Ciudad del Bienestar parte de una clara premisa y es que el desarrollo de una ciudad no solo se basa en la creaci\u00f3n de infraestructuras f\u00edsicas, nosotros creemos en una verdadera ciudad, que mire a sus ciudadanos, dotando a sus habitantes de herramientas que ayuden a su desarrollo personal y social, donde prime la igualdad, la libertad y la sana convivencia.<\/p>\n<p style=\"text-align: justify;\">Proyectos sociales, desarrollo comunitario, libertad afectivo-sexual, igualdad de g\u00e9nero, envejecimiento activo y saludable, la juventud como potencial de futuro, prevenci\u00f3n de la dependencia, educaci\u00f3n, salud, en definitiva, nuestras familias y las personas que las componemos son el Hell\u00edn que queremos y que mira siempre adelante.<\/p>\n<p style=\"text-align: justify;\">Hell\u00edn ha sido y es un referente en Servicios Sociales, durante los dos \u00faltimos a\u00f1os nuestro ayuntamiento ha sido distinguido entre los municipios que m\u00e1s dinero invierte en esta materia, para nosotros es un orgullo y un reto, el de seguir siendo una de las veinticinco ciudades de Espa\u00f1a con Excelencia en Servicios sociales, durante este mandato que hoy comienza.<\/p>\n<p style=\"text-align: justify;\">En Hell\u00edn desgraciadamente a\u00fan hay muchas personas principalmente mayores y ni\u00f1os que precisan del apoyo y protecci\u00f3n de las administraciones y asociaciones para desarrollarse plenamente y mientras esto sea as\u00ed nuestra responsabilidad y obligaci\u00f3n no es otra que la de poner los medios y los recursos necesarios para evitar el sufrimiento y la desigualdad.<\/p>\n<p style=\"text-align: justify;\">Lo hemos hecho y lo vamos a seguir haciendo, seguiremos apostando por el trabajo comunitario iniciado en los barrios Calvario y Ribera, sigo pensando que la convivencia es posible, que lo podemos conseguir.<\/p>\n<p style=\"text-align: justify;\">En una ciudad del bienestar son imprescindibles los Servicios Sociales, pero tambi\u00e9n lo son nuestros mayores, las personas en situaci\u00f3n de dependencia, la familia, la mujer, los j\u00f3venes, las personas con discapacidad, el deporte y como no la Sanidad y no puedo pasar de largo en este punto sin hacer referencia al nuevo Centro de Salud.<\/p>\n<p style=\"text-align: justify;\">En primer lugar, pedir disculpas a esos 18.000 usuarios que pacientemente y durante m\u00e1s de diez a\u00f1os han tenido que pasar consulta en unas condiciones, que lamentablemente no eran las m\u00e1s id\u00f3neas, y como no, pedir disculpas a los profesionales sanitarios, que han desarrollado su trabajo de la manera m\u00e1s eficaz posible, siempre m\u00e1s preocupados por sus pacientes que por las condiciones en las que los atend\u00edan.<\/p>\n<p style=\"text-align: justify;\">Afortunadamente dentro de muy poco tiempo todo esto ser\u00e1 historia, las obras del Centro de Salud n\u00ba 1 ya est\u00e1n terminadas, a falta de que Iberdrola realice la acometida el\u00e9ctrica y que la empresa suministradora de los muebles empiece con su montaje, por lo tanto, espero y deseo que en muy pocas semanas podamos contar con la presencia del Presidente de CLM Emiliano Garc\u00eda Page para su inauguraci\u00f3n y puesta en funcionamiento.<\/p>\n<p style=\"text-align: justify;\">El proyecto de \u201cCiudad Sostenible\u201d es el proyecto del futuro de Hell\u00edn que pasa fundamentalmente por la potencializaci\u00f3n de nuestra actividad agroalimentaria.<\/p>\n<p style=\"text-align: justify;\">Tenemos la materia prima, grandes extensiones de terreno, sol, agua y mano de obra suficiente como para que nuestro futuro econ\u00f3mico pase por la agricultura y la transformaci\u00f3n de sus productos. Nuestra labor pol\u00edtica se debe centrar en facilitar la implantaci\u00f3n de empresas agroalimentarias incentivando la creaci\u00f3n de puestos de trabajo a trav\u00e9s de ayudas y bonificaciones en tasas e impuestos municipales tales como el IBI o el ICIO.<\/p>\n<p style=\"text-align: justify;\">Otro factor importante para la sostenibilidad pasa por la implantaci\u00f3n de instalaciones de energ\u00edas renovables e\u00f3licas o fotovoltaicas, en la actualidad existe un problema importante en toda nuestra comarcar que con la ayuda de otras Administraciones debemos de solventar como son los puntos de evacuaci\u00f3n. A d\u00eda de hoy no contamos con puntos de evacuaci\u00f3n cercanos y suficientes por lo que debemos de trabajar en esa l\u00ednea ya que la fotovoltaica se puede convertir en un importante yacimiento de empleo y riqueza.<\/p>\n<p style=\"text-align: justify;\">Desde las administraciones tenemos que ser sensibles con el problema del despoblamiento, Hell\u00edn no es ajeno a ello, tenemos 12 pedan\u00edas y todas ellas salvo Isso van perdiendo habitantes paulatinamente.<\/p>\n<p style=\"text-align: justify;\">Hell\u00edn no se entender\u00eda sin sus Pedan\u00edas por las peculiaridades que estas representan, por eso debemos dotarlas de m\u00e1s y mejores servicios. Acercar la administraci\u00f3n para que los tramites les sean m\u00e1s sencillos de realizar, escuelas infantiles, puntos de bibliotecas, mejora de consultorios m\u00e9dicos, eliminar problemas de agua, alcantarillado o depuraci\u00f3n, potenciar el turismo a trav\u00e9s de la promoci\u00f3n de su patrimonio cultural y medioambiental e incluso medidas como la que llevamos en nuestro programa electoral de bajar el IBI o el ICIO para aquellas personas que adquieran, rehabiliten o construyan su primera vivienda y se instalen de forma permanente en cualquiera de nuestras pedan\u00edas.<\/p>\n<p style=\"text-align: justify;\">Tenemos un entorno natural envidiable en el que el agua juega un papel fundamental, por eso la defensa del agua y nuestra frontal oposici\u00f3n al posible recrecimiento de la presa del Pantano de Camarillas deben seguir estando entre nuestros objetivos primordiales, as\u00ed como garantizar el derecho al uso del agua en la agricultura para el desarrollo de nuestro motor agroalimentario.<\/p>\n<p style=\"text-align: justify;\">La sostenibilidad tambi\u00e9n debe llegar a nuestro n\u00facleo urbano, a nuestros barrios. Tenemos que seguir trabajando en la mejora de la limpieza viaria y la recogida de residuos s\u00f3lidos urbanos y con la instalaci\u00f3n del nuevo alumbrado p\u00fablico en todos y cada uno de los rincones de nuestro municipio.<\/p>\n<p style=\"text-align: justify;\">Debemos potenciar nuestro Casco Antiguo, creando una concejal\u00eda especifica a tal efecto, elaborando el Plan Especial de Protecci\u00f3n del Conjunto Hist\u00f3rico de Hell\u00edn as\u00ed como el de la pedan\u00eda de Ca\u00f1ada de Agra ambos declarados Bien de Inter\u00e9s Cultural, proceder a la inmatriculaci\u00f3n del \u00e1rea de protecci\u00f3n arqueol\u00f3gica del Castillo para poder acceder a las subvenciones del 1,5% Cultural y fomentar el comercio en el Casco Antiguo y la vivienda para j\u00f3venes poniendo en marcha incentivos fiscales y de otra \u00edndole que lo hagan suficientemente atractivo.<\/p>\n<p style=\"text-align: justify;\">Una Ciudad Creativa es aquella que puede dar oportunidades de desarrollo a las personas, desde la infancia hasta aquellos que se encuentran en la cuarta edad.<\/p>\n<p style=\"text-align: justify;\">Una ciudad sin tradiciones, sin pasado y sin cultura es una ciudad que no cree en si misma. El Hell\u00edn que queremos debe fomentar la accesibilidad integral a la cultura en cualquiera de sus manifestaciones, m\u00fasica, teatro, danza, arte urbano, tradiciones\u2026 porque una ciudad creativa es una ciudad que cree en el conocimiento y que avanza para formar a la ciudadan\u00eda con un esp\u00edritu cr\u00edtico y transformador.<\/p>\n<p style=\"text-align: justify;\">La transformaci\u00f3n del proyecto del Palacio de los Deportes en un Auditorio Municipal y la reactivaci\u00f3n de sus obras es uno de los objetivos primordiales que nos marcamos para estos pr\u00f3ximos cuatro a\u00f1os. Una ciudad del potencial de la nuestra no puede estar exenta de una infraestructura cultural de esta importancia.<\/p>\n<p style=\"text-align: justify;\">Dos tradiciones, una Semana Santa, nuestra fiesta mayor debe ser la bandera que enarbole Hell\u00edn para el fomento del turismo. La declaraci\u00f3n de las tamboradas de Hell\u00edn y Agram\u00f3n como Patrimonio Cultural Inmaterial de la Humanidad y la declaraci\u00f3n de Inter\u00e9s Tur\u00edstico Internacional de la Semana Santa en su conjunto deben ser el reclamo que invite al turista a adentrarse en nuestro municipio y disfrute de su esencia y recorra otros muchos de sus encantos.<\/p>\n<p style=\"text-align: justify;\">El Patrimonio hist\u00f3rico es el legado que nos dejaron nuestros ancestros y tenemos el deber y la obligaci\u00f3n de dej\u00e1rselo en mejores condiciones a las futuras generaciones, por ello debemos seguir potenciando nuestras se\u00f1as de identidad. El Tolmo de Minateda, las Pinturas Rupestres, los Pueblos de Colonizaci\u00f3n, nuestro entorno Natural, Rural y nuestro Conjunto Hist\u00f3rico etc. invirtiendo en mejorar las infraestructuras y su promoci\u00f3n.<\/p>\n<p style=\"text-align: justify;\">\u201cCuanto m\u00e1s cultos, m\u00e1s libres\u201d apostamos por un municipio donde la cultura sea el referente de una ciudadan\u00eda comprometida con los valores de la libertad, la tolerancia y la justicia social.<\/p>\n<p style=\"text-align: justify;\">En esa apuesta por la cultura, durante estos cuatro a\u00f1os hemos recuperado las Jornadas Culturales en Pedan\u00edas, las Jornadas Literarias, el Concurso Nacional de Pintura, hemos acercado la Semana de M\u00fasica Religiosa a Pedan\u00edas y para estos pr\u00f3ximos a\u00f1os tenemos intenci\u00f3n de recuperar la extinta Escuela Municipal de Artes Esc\u00e9nicas, ubicar el Archivo Hist\u00f3rico Municipal en el que ser\u00e1 antiguo Museo Comarcal y dotar de nuevos espacios a la Biblioteca Municipal.<\/p>\n<p style=\"text-align: justify;\">Todo lo dicho en gran parte de mi intervenci\u00f3n es posible, siempre y cuando Hell\u00edn sea la Ciudad de oportunidades que todos deseamos.<\/p>\n<p style=\"text-align: justify;\">Las oportunidades se generan, por un lado, por las propias condiciones intr\u00ednsecas de los municipios, buenas infraestructuras, buena situaci\u00f3n geogr\u00e1fica, buenas comunicaciones y capital humano, y por otro por la existencia de un proyecto de ciudad con objetivos claros y realizables.<\/p>\n<p style=\"text-align: justify;\">Nuestra apuesta ha sido poner en manos de los emprendedores, empresas y trabajadores las condiciones necesarias para seguir creciendo, a\u00fan as\u00ed queda mucho por hacer, Hell\u00edn tiene que ser una ciudad en desarrollo continuo que pasa por la creaci\u00f3n de empresas en nuestro municipio que generen puestos de trabajo estables y de calidad.<\/p>\n<p style=\"text-align: justify;\">Principalmente somos una ciudad de servicios, y el comercio es uno de nuestros principales activos, debi\u00e9ndose convertir en el complemento necesario para que junto al desarrollo tur\u00edstico y el agroalimentario sean los motores econ\u00f3micos del municipio.<\/p>\n<p style=\"text-align: justify;\">En ese sentido, tenemos intenci\u00f3n de establecer un sistema de promoci\u00f3n del comercio y la hosteler\u00eda local ofreciendo a los establecimientos que quieran participar la posibilidad de adscribirse al Programa Hell\u00edn en un Pack que otorgar\u00e1 vales de descuento para aquellas personas o grupos que visiten nuestra oferta tur\u00edstica y patrimonial.<\/p>\n<p style=\"text-align: justify;\">En materia de empleo, aumentaremos la dotaci\u00f3n econ\u00f3mica y los puestos de trabajo a seleccionar dentro del Plan de Empleo Municipal para Personas con Discapacidad Intelectual con el objetivo de inserci\u00f3n de este colectivo en el mercado de trabajo y seguiremos apostando claramente por los Planes de Empleo Estatales y Auton\u00f3micos con especial consideraci\u00f3n a la situaci\u00f3n social de los trabajadores\/as desempleados.<\/p>\n<p style=\"text-align: justify;\">Estas son una peque\u00f1a parte de las l\u00edneas maestras que deben regir nuestra acci\u00f3n de gobierno y me he dejado para el final la <u>educaci\u00f3n<\/u> que debe ser el principal medio para conseguir una sociedad libre, democr\u00e1tica, solidaria y justa, que tenga, como fin \u00faltimo, la reducci\u00f3n de las desigualdades, la cohesi\u00f3n social y la mejora de la calidad de vida de nuestros vecinos.<\/p>\n<p style=\"text-align: justify;\">En este apartado tengo que hacer especial hincapi\u00e9 en el <u>Colegio de Educaci\u00f3n Especial \u201cCruz de Mayo\u201d<\/u> cuyo proyecto ya est\u00e1 en licitaci\u00f3n y en breve ser\u00e1 una realidad, el inicio y fin de esta obra es primordial para que el profesado, alumnado y padres de ese Centro, recuperen la dignidad que hace unos a\u00f1os le quisieron arrebatar.<\/p>\n<p style=\"text-align: justify;\">Como he dicho anteriormente, estas son una peque\u00f1a muestra de las l\u00edneas maestras que regir\u00e1n nuestra acci\u00f3n de gobierno, la fusi\u00f3n de dos l\u00edneas program\u00e1ticas con muchos puntos en com\u00fan que buscan un mismo objetivo el progreso de Hell\u00edn y el bienestar de sus ciudadanos.<\/p>\n<p style=\"text-align: justify;\">Para poner en marcha todo esto es necesario que nos involucremos todos y es ah\u00ed donde tanto a Vox, como a Ciudadanos y al Partido Popular, les tiendo la mano y les pido que sean una oposici\u00f3n responsable y constructiva, sobre todo leal con Hell\u00edn y sus gentes, y que antepongan por encima de todo, los intereses generales del municipio a los intereses de sus propios partidos, aqu\u00ed nadie es imprescindible, pero todos y cada uno de nosotros somos necesarios.<\/p>\n<p style=\"text-align: justify;\">Deseo ser el Alcalde de un Equipo de Gobierno compuesto no por once concejales, sino por veintiuno, lo he dicho en repetidas ocasiones, el papel a desempe\u00f1ar por cada uno de los concejales y concejalas de esta Corporaci\u00f3n ser\u00e1 el que cada uno quiera asumir y para ello las puertas de la alcald\u00eda estar\u00e1n abiertas de par en par para recibir cuantas iniciativas beneficiosas para Hell\u00edn se nos presenten, indistintamente del color pol\u00edtico que provengan.<\/p>\n<p style=\"text-align: justify;\">Voy terminando, pero no sin antes dar las gracias, primero a los 5232 votantes porque sin ellos hoy no estar\u00eda aqu\u00ed, tambi\u00e9n a los que durante estos cuatro a\u00f1os me han acompa\u00f1ado en tareas de gobierno a Fco. Javier Morcillo y Beatriz Jim\u00e9nez, y como no, a mis dos compa\u00f1eros de partido Francisco L\u00f3pez y Rosa Cuesta, as\u00ed como al resto de compa\u00f1eros del gobierno municipal, personal de confianza y a los funcionarios\/as de esta casa por su trabajo en el d\u00eda a d\u00eda.<\/p>\n<p style=\"text-align: justify;\">Obligatoriamente tengo que tener un recuerdo para aquellas personas que, sin estar presentes en este sal\u00f3n de plenos, s\u00ed que est\u00e1n en mi coraz\u00f3n y que seguramente estar\u00edan s\u00faper orgullosos de verme aqu\u00ed esta ma\u00f1ana, se trata de mis padres, Ram\u00f3n y Rosario dos personas humildes que trabajaron duramente para darles a sus hijos una educaci\u00f3n y que les ense\u00f1aron los valores del trabajo, del esfuerzo, de la superaci\u00f3n, de la humildad y del respeto a los dem\u00e1s.<\/p>\n<p style=\"text-align: justify;\">Debo terminar dando las gracias a las dos personas que m\u00e1s quiero y m\u00e1s tengo que agradecer, y que no por ser las \u00faltimas en mencionar son las menos importantes, mi mujer y mi hija, hace cuatro a\u00f1os os ped\u00eda firmeza y comprensi\u00f3n, y la hab\u00e9is tenido, no ha sido f\u00e1cil, pero hab\u00e9is cumplido, hoy no s\u00e9 qu\u00e9 m\u00e1s os puedo pedir sencillamente que sig\u00e1is aguant\u00e1ndome como m\u00ednimo otros cuatro a\u00f1os y que os quiero.<\/p>\n<p style=\"text-align: justify;\">Ahora s\u00ed, llega el momento de empezar, o mejor dicho de continuar trabajando por y para Hell\u00edn, con sus ciudadanos, porque si dejamos pasar el tiempo, puede que ma\u00f1ana sea tarde.<\/p>\n<p><!--publicidad-voz03--><a href=\"https:\/\/www.facebook.com\/profile.php?id=100063593791305&amp;locale=es_ES\"><img decoding=\"async\" class=\"alignnone size-medium\" src=\"https:\/\/blogger.googleusercontent.com\/img\/b\/R29vZ2xl\/AVvXsEi8_n_ll8UOcGxCqzFvb_9Io4ICczlGC990BPtPj2w9Px-u7B3oqWUW5vtjZUqPNJ-nyjiUIorE0ATsib_l5tV8BVN-UJ03RTnU__IHJF_4DgDBtY4LIqXNG-FomrO-7ywes20CBCRM2Hcm7EJSh3UUw1dO-c_uTflUrtgY1i7uBRezj_DpympmEFkfbQY\/s1600\/logo-principal2.jpg\" width=\"100%\" height=\"100\" \/><\/a><!--bestpublic-voz03--><!--desk-in-out-voz03--><br \/>\n<!--publicidad-voz04--><a href=\"https:\/\/www.facebook.com\/profile.php?id=61557370768692&amp;locale=es_ES\"><img decoding=\"async\" class=\"alignnone size-medium\" src=\"https:\/\/blogger.googleusercontent.com\/img\/b\/R29vZ2xl\/AVvXsEgy5RdcfffrnrItnYTcV9bCJjgJwldsQLWssfVfrLbyfXeBNTFKgBf0rMIvhrUaGUhiXzVr9_eQgCbi-j63ZDpfTvLIty9w7s140y-m1yHe7eKmEK7v2NAHUJDVYGdfeiQFeRCqUjdwWmN1MX_AUxxz4IVdJ4WIM0APxit8bjWkXzrnEFGqBvW_1F13H1g\/s1600\/logo-principal5.jpg\" width=\"100%\" height=\"100\" \/><\/a><!--bestpublic-voz04--><!--desk-in-out-voz04--><br \/>\n<!--publicidad-voz05--><a href=\"https:\/\/www.facebook.com\/asociaciontamborileroshellin?locale=es_ES\"><img decoding=\"async\" class=\"alignnone size-medium\" src=\"https:\/\/blogger.googleusercontent.com\/img\/b\/R29vZ2xl\/AVvXsEhHEEpZsKK1VpwiYMrS7aE2ujtqIDZoLd4B5wtbiseSU9s2HdTdQfhF84So2XwEB1fv0BLw95GADm6hUl1bkKtzh-eIgVigXONuu_5RxeIMPhjk8q6uNX4EaEHbooKkbu7pCADWPpVJjhKIH5NQSJpWqedC-YBez4QAQeJYokkLot9bhrIaUAeztsGis6M\/s1600\/logo-principal3.jpg\" width=\"100%\" height=\"100\" \/><\/a><!--bestpublic-voz05--><!--desk-in-out-voz05--><br \/>\n<!--publicidad-voz06--><!--bestpublic-voz06--><!--desk-in-out-voz06--><br \/>\n<!--publicidad-voz07--><!--bestpublic-voz07--><!--desk-in-out-voz07--><br \/>\n<!--publicidad-voz08--><!--bestpublic-voz08--><!--desk-in-out-voz08--><br \/>\n<!--publicidad-voz09--><!--bestpublic-voz09--><!--desk-in-out-voz09--><br \/>\n<!--publicidad-voz10--><!--bestpublic-voz10--><!--desk-in-out-voz10--><br \/>\n<!--publicidad-voz11--><!--bestpublic-voz11--><!--desk-in-out-voz11--><br \/>\n<!--publicidad-voz12--><!--bestpublic-voz12--><!--desk-in-out-voz12--><br \/>\n<!--publicidad-voz13--><!--bestpublic-voz13--><!--desk-in-out-voz13--><br \/>\n<!--publicidad-voz14--><!--bestpublic-voz14--><!--desk-in-out-voz14--><br \/>\n<!--publicidad-voz15--><!--bestpublic-voz15--><!--desk-in-out-voz15--><br \/>\n<!--publicidad-voz16--><!--bestpublic-voz16--><!--desk-in-out-voz16--><\/p>\n","protected":false},"excerpt":{"rendered":"<p>ESTE S\u00c1BADO ARRANCABA LA LEGISLAURA 2019-2023 CON EL ACTO DE INVESTIDURA DE LOS NUEVOS CONCEJALES DE LA CORPORACI\u00d3N MUNICIPAL.<\/p>\n","protected":false},"author":2,"featured_media":90585,"comment_status":"closed","ping_status":"closed","sticky":false,"template":"","format":"standard","meta":{"footnotes":""},"categories":[719,718,715,716,717],"tags":[],"class_list":["post-101500","post","type-post","status-publish","format-standard","has-post-thumbnail","hentry","category-blog-lv001","category-blogger","category-la-voz-de-hellin","category-la-voz-de-hellin-la-voz-de-hellin","category-noticias"],"_links":{"self":[{"href":"https:\/\/lavozdehellin.com\/noticias\/wp-json\/wp\/v2\/posts\/101500","targetHints":{"allow":["GET"]}}],"collection":[{"href":"https:\/\/lavozdehellin.com\/noticias\/wp-json\/wp\/v2\/posts"}],"about":[{"href":"https:\/\/lavozdehellin.com\/noticias\/wp-json\/wp\/v2\/types\/post"}],"author":[{"embeddable":true,"href":"https:\/\/lavozdehellin.com\/noticias\/wp-json\/wp\/v2\/users\/2"}],"replies":[{"embeddable":true,"href":"https:\/\/lavozdehellin.com\/noticias\/wp-json\/wp\/v2\/comments?post=101500"}],"version-history":[{"count":0,"href":"https:\/\/lavozdehellin.com\/noticias\/wp-json\/wp\/v2\/posts\/101500\/revisions"}],"wp:featuredmedia":[{"embeddable":true,"href":"https:\/\/lavozdehellin.com\/noticias\/wp-json\/wp\/v2\/media\/90585"}],"wp:attachment":[{"href":"https:\/\/lavozdehellin.com\/noticias\/wp-json\/wp\/v2\/media?parent=101500"}],"wp:term":[{"taxonomy":"category","embeddable":true,"href":"https:\/\/lavozdehellin.com\/noticias\/wp-json\/wp\/v2\/categories?post=101500"},{"taxonomy":"post_tag","embeddable":true,"href":"https:\/\/lavozdehellin.com\/noticias\/wp-json\/wp\/v2\/tags?post=101500"}],"curies":[{"name":"wp","href":"https:\/\/api.w.org\/{rel}","templated":true}]}}