{"id":101502,"date":"2019-06-14T19:29:49","date_gmt":"2019-06-14T19:29:49","guid":{"rendered":"https:\/\/lavozdehellin.com\/noticias\/v00-081-riopar-acoge-una-nueva-prueba-del-circuito-provincial\/"},"modified":"2024-01-04T14:05:26","modified_gmt":"2024-01-04T14:05:26","slug":"v00-081-riopar-acoge-una-nueva-prueba-del-circuito-provincial","status":"publish","type":"post","link":"https:\/\/lavozdehellin.com\/noticias\/v00-081-riopar-acoge-una-nueva-prueba-del-circuito-provincial\/","title":{"rendered":"LVH NOTICIAS | RI\u00d3PAR ACOGE UNA NUEVA PRUEBA DEL CIRCUITO PROVINCIAL."},"content":{"rendered":"<p style=\"text-align: justify;\">La localidad serrana de Ri\u00f3par acoger\u00e1 el pr\u00f3ximo domingo, a partir de las 9:30 de la ma\u00f1ana, la pr\u00f3xima prueba del XIII Circuito Provincial Diputaci\u00f3n de Albacete, el cual ya ha cruzado su ecuador.<\/p>\n<p><!--more--><br \/>\n<!--publicidad-voz01--><a href=\"https:\/\/www.facebook.com\/SoloRadioHellin\/?locale=es_ES\"><img decoding=\"async\" class=\"alignnone size-medium\" src=\"https:\/\/blogger.googleusercontent.com\/img\/b\/R29vZ2xl\/AVvXsEiNncirNnyGedv00mhjZjh5Wl4_YPdJGanoAl8tL8zH-HwqE8uHqjEfSt340RHdx-9tuCSIkZ8rFamZiGyYlgDGxCsmXjCH_1xk5eYM3ntFZRvJP_jndOKR7w1UAo9Tu0vrZyOLfqRpHIxYI5SymJJ-pfGCQw6QVpggBH-UgfjiFQ2JOxqxG0Jx94kW83c\/s1600\/logo-principal.jpg\" width=\"100%\" height=\"100\" \/><\/a><!--bestpublic-voz01--><!--desk-in-out-voz01--><br \/>\n<!--publicidad-voz02--><a href=\"https:\/\/www.hellincf.com\/\"><img decoding=\"async\" class=\"alignnone size-medium\" src=\"https:\/\/blogger.googleusercontent.com\/img\/b\/R29vZ2xl\/AVvXsEhuZ4-XfBVj3UtdP8-RZugy3WVrg-Zv28c53m4oV47qYCxL1rX_dqWX_YddsGSnpH5SRDqZ7bZeKPIfDVCDncpjVlhy3aQs2vojcJBn7Gdv9hC2_Nzct_pRFrnFE1a7KTCdY1bT_kAgnY3-iadRZrGeJf1fR2P5fu11bokx0pWjaypoy-ctwCjklldpEbA\/s1600\/logo-principal7.jpg\" width=\"100%\" height=\"100\" \/><\/a><!--bestpublic-voz02--><!--desk-in-out-voz02--><\/p>\n<p style=\"text-align: justify;\">Esta es una de las pruebas m\u00e1s esperadas del calendario, debido a su gran belleza paisaj\u00edstica y su exigente trazado. La prueba transcurre por el entorno del Parque Natural del R\u00edo Mundo y el Calar de La Sima, donde los ciclistas se encontrar\u00e1n a su paso por infinidad de sendas, caminos y trialeras.<\/p>\n<p style=\"text-align: justify;\">En cuanto a la participaci\u00f3n, destacar que ser\u00e1n trescientos cuarenta y cinco ciclistas, los osados que desaf\u00eden a las previsibles altas temperaturas que se alcanzar\u00e1n lo que, a buen seguro, provocar\u00e1 un extra de energ\u00eda y precauciones a emplear por parte de los corredores, en cuanto a hidrataci\u00f3n y cremas protectoras para procurar que su integridad f\u00edsica quede lo menos mermada posible.<\/p>\n<p style=\"text-align: justify;\">En relaci\u00f3n a los nombres, citar que gran parte de los primeros clasificados tanto en categor\u00eda masculina como femenina tomar\u00e1n la salida en esta prueba. No faltar\u00e1n figuras como: Pedro Jes\u00fas Rodr\u00edguez (Ingeteam Rumbo BTT), su compa\u00f1ero de equipo Francisco Jos\u00e9 Parra, Almudena Jim\u00e9nez (Arte Bicis C.C.), Celia Pina (Ekuon El Conchel\/Diputaci\u00f3n Albacete Sport Team), Alfonsi Villar (Ferroice\u2013Contrallano BTT), Antonio Hern\u00e1ndez, Mar\u00eda \u00c1ngeles Alegre (Deporbike Club Ciclista). Adem\u00e1s de todos ellos, Ismael Hern\u00e1ndez intentar\u00e1 revalidar su victoria del a\u00f1o pasado en esta misma prueba.<\/p>\n<p style=\"text-align: justify;\">Casi veinte son las corredoras que se han dado cita para la disputa de esta prueba. En cuanto al recorrido alternativo o corto. M\u00e1s de treinta son los inscritos, siendo siete de ellos corredores de la categor\u00eda j\u00fanior.<\/p>\n<p style=\"text-align: justify;\">En relaci\u00f3n al trazado, se\u00f1alar que transcurre por el Valle de Ri\u00f3par, recorriendo diferentes zonas de gran belleza paisaj\u00edstica del entorno del Parque Natural del R\u00edo Mundo y el Calar de la Sima. Se pasar\u00e1 por las aldeas de la zona como La Casa de la Noguera, Campamento de San Juan, El Cortijo del B\u00faho y El Gollizo. Mencionar tambi\u00e9n que se har\u00e1 una incursi\u00f3n en Ri\u00f3par Viejo y el Villar, desde donde se podr\u00e1 contemplar en todo su esplendor, el Calar del R\u00edo Mundo y el Hueco de los Chorros, el Valle de Ri\u00f3par y el espectacular Padroncillo, as\u00ed como Los Gallineros y los Picos del Oso. El recorrido corto tiene 16,5 km con un desnivel acumulado de 500 metros y el recorrido largo consta de 39 km con un desnivel acumulado de 1100 metros, quiz\u00e1s en unos de los rincones m\u00e1s bonitos de la provincia de Albacete. Apuntar tambi\u00e9n que habr\u00e1 1 avituallamiento l\u00edquido sobre el kil\u00f3metro 16 y un avituallamiento s\u00f3lido-l\u00edquido all\u00e1 por el kil\u00f3metro 30. Por \u00faltimo, tambi\u00e9n habr\u00e1 un avituallamiento final, que a buen seguro saciar\u00e1 la enorme sed que las altas temperaturas y el esfuerzo f\u00edsico, provoquen en los esforzados ciclistas.<\/p>\n<p style=\"text-align: justify;\">En cuanto a los premios los habr\u00e1 para las todas categor\u00edas, masculinas y femeninas entreg\u00e1ndose medallas a los tres primeros. Jam\u00f3n al club m\u00e1s numeroso y premio a los tres primeros locales. Tambi\u00e9n habr\u00e1 un obsequio para los tres primero locales masculinos y femeninos.<\/p>\n<p style=\"text-align: justify;\">Todo preparado por tanto, para que la veterana localidad de Ri\u00f3par, en cuanto a la organizaci\u00f3n de pruebas de BTT se refiere, acoja una nueva marcha de este Circuito Provincial.<\/p>\n<p><!--publicidad-voz03--><a href=\"https:\/\/www.facebook.com\/profile.php?id=100063593791305&amp;locale=es_ES\"><img decoding=\"async\" class=\"alignnone size-medium\" src=\"https:\/\/blogger.googleusercontent.com\/img\/b\/R29vZ2xl\/AVvXsEi8_n_ll8UOcGxCqzFvb_9Io4ICczlGC990BPtPj2w9Px-u7B3oqWUW5vtjZUqPNJ-nyjiUIorE0ATsib_l5tV8BVN-UJ03RTnU__IHJF_4DgDBtY4LIqXNG-FomrO-7ywes20CBCRM2Hcm7EJSh3UUw1dO-c_uTflUrtgY1i7uBRezj_DpympmEFkfbQY\/s1600\/logo-principal2.jpg\" width=\"100%\" height=\"100\" \/><\/a><!--bestpublic-voz03--><!--desk-in-out-voz03--><br \/>\n<!--publicidad-voz04--><a href=\"https:\/\/www.facebook.com\/profile.php?id=61557370768692&amp;locale=es_ES\"><img decoding=\"async\" class=\"alignnone size-medium\" src=\"https:\/\/blogger.googleusercontent.com\/img\/b\/R29vZ2xl\/AVvXsEgy5RdcfffrnrItnYTcV9bCJjgJwldsQLWssfVfrLbyfXeBNTFKgBf0rMIvhrUaGUhiXzVr9_eQgCbi-j63ZDpfTvLIty9w7s140y-m1yHe7eKmEK7v2NAHUJDVYGdfeiQFeRCqUjdwWmN1MX_AUxxz4IVdJ4WIM0APxit8bjWkXzrnEFGqBvW_1F13H1g\/s1600\/logo-principal5.jpg\" width=\"100%\" height=\"100\" \/><\/a><!--bestpublic-voz04--><!--desk-in-out-voz04--><br \/>\n<!--publicidad-voz05--><a href=\"https:\/\/www.facebook.com\/asociaciontamborileroshellin?locale=es_ES\"><img decoding=\"async\" class=\"alignnone size-medium\" src=\"https:\/\/blogger.googleusercontent.com\/img\/b\/R29vZ2xl\/AVvXsEhHEEpZsKK1VpwiYMrS7aE2ujtqIDZoLd4B5wtbiseSU9s2HdTdQfhF84So2XwEB1fv0BLw95GADm6hUl1bkKtzh-eIgVigXONuu_5RxeIMPhjk8q6uNX4EaEHbooKkbu7pCADWPpVJjhKIH5NQSJpWqedC-YBez4QAQeJYokkLot9bhrIaUAeztsGis6M\/s1600\/logo-principal3.jpg\" width=\"100%\" height=\"100\" \/><\/a><!--bestpublic-voz05--><!--desk-in-out-voz05--><br \/>\n<!--publicidad-voz06--><!--bestpublic-voz06--><!--desk-in-out-voz06--><br \/>\n<!--publicidad-voz07--><!--bestpublic-voz07--><!--desk-in-out-voz07--><br \/>\n<!--publicidad-voz08--><!--bestpublic-voz08--><!--desk-in-out-voz08--><br \/>\n<!--publicidad-voz09--><!--bestpublic-voz09--><!--desk-in-out-voz09--><br \/>\n<!--publicidad-voz10--><!--bestpublic-voz10--><!--desk-in-out-voz10--><br \/>\n<!--publicidad-voz11--><!--bestpublic-voz11--><!--desk-in-out-voz11--><br \/>\n<!--publicidad-voz12--><!--bestpublic-voz12--><!--desk-in-out-voz12--><br \/>\n<!--publicidad-voz13--><!--bestpublic-voz13--><!--desk-in-out-voz13--><br \/>\n<!--publicidad-voz14--><!--bestpublic-voz14--><!--desk-in-out-voz14--><br \/>\n<!--publicidad-voz15--><!--bestpublic-voz15--><!--desk-in-out-voz15--><br \/>\n<!--publicidad-voz16--><!--bestpublic-voz16--><!--desk-in-out-voz16--><\/p>\n","protected":false},"excerpt":{"rendered":"<p>RI\u00d3PAR ACOGE UNA NUEVA PRUEBA DEL CIRCUITO PROVINCIAL.<\/p>\n","protected":false},"author":2,"featured_media":90579,"comment_status":"closed","ping_status":"closed","sticky":false,"template":"","format":"standard","meta":{"footnotes":""},"categories":[719,718,715,716,717],"tags":[],"class_list":["post-101502","post","type-post","status-publish","format-standard","has-post-thumbnail","hentry","category-blog-lv001","category-blogger","category-la-voz-de-hellin","category-la-voz-de-hellin-la-voz-de-hellin","category-noticias"],"_links":{"self":[{"href":"https:\/\/lavozdehellin.com\/noticias\/wp-json\/wp\/v2\/posts\/101502","targetHints":{"allow":["GET"]}}],"collection":[{"href":"https:\/\/lavozdehellin.com\/noticias\/wp-json\/wp\/v2\/posts"}],"about":[{"href":"https:\/\/lavozdehellin.com\/noticias\/wp-json\/wp\/v2\/types\/post"}],"author":[{"embeddable":true,"href":"https:\/\/lavozdehellin.com\/noticias\/wp-json\/wp\/v2\/users\/2"}],"replies":[{"embeddable":true,"href":"https:\/\/lavozdehellin.com\/noticias\/wp-json\/wp\/v2\/comments?post=101502"}],"version-history":[{"count":0,"href":"https:\/\/lavozdehellin.com\/noticias\/wp-json\/wp\/v2\/posts\/101502\/revisions"}],"wp:featuredmedia":[{"embeddable":true,"href":"https:\/\/lavozdehellin.com\/noticias\/wp-json\/wp\/v2\/media\/90579"}],"wp:attachment":[{"href":"https:\/\/lavozdehellin.com\/noticias\/wp-json\/wp\/v2\/media?parent=101502"}],"wp:term":[{"taxonomy":"category","embeddable":true,"href":"https:\/\/lavozdehellin.com\/noticias\/wp-json\/wp\/v2\/categories?post=101502"},{"taxonomy":"post_tag","embeddable":true,"href":"https:\/\/lavozdehellin.com\/noticias\/wp-json\/wp\/v2\/tags?post=101502"}],"curies":[{"name":"wp","href":"https:\/\/api.w.org\/{rel}","templated":true}]}}