{"id":101516,"date":"2019-06-11T11:37:25","date_gmt":"2019-06-11T11:37:25","guid":{"rendered":"https:\/\/lavozdehellin.com\/noticias\/v00-095-francisco-javier-morcillo-denuncia-publicamente-la-actuacion-de-los-responsables-de-cc-oo-tras-hacer-efectivo-su-despido-del-sindicato-y-asegura-defendera-sus-derechos-laborales-en-las-instanc\/"},"modified":"2024-01-04T14:05:28","modified_gmt":"2024-01-04T14:05:28","slug":"v00-095-francisco-javier-morcillo-denuncia-publicamente-la-actuacion-de-los-responsables-de-cc-oo-tras-hacer-efectivo-su-despido-del-sindicato-y-asegura-defendera-sus-derechos-laborales-en-las-instanc","status":"publish","type":"post","link":"https:\/\/lavozdehellin.com\/noticias\/v00-095-francisco-javier-morcillo-denuncia-publicamente-la-actuacion-de-los-responsables-de-cc-oo-tras-hacer-efectivo-su-despido-del-sindicato-y-asegura-defendera-sus-derechos-laborales-en-las-instanc\/","title":{"rendered":"LVH NOTICIAS | FRANCISCO JAVIER MORCILLO DENUNCIA P\u00daBLICAMENTE LA ACTUACION DE LOS RESPONSABLES DE CC.OO TRAS HACER EFECTIVO SU DESPIDO DEL SINDICATO Y ASEGURA DEFENDERA SUS DERECHOS LABORALES EN LAS INSTANCIAS OPORTUNAS."},"content":{"rendered":"<p style=\"text-align: justify;\">Francisco Javier Morcillo denuncia p\u00fablicamente la actuaci\u00f3n de los responsables de CC.OO tras hacer efectivo su despido del Sindicato y asegura defendera sus derechos laborales en las instancias oportunas.<\/p>\n<p><!--more--><br \/>\n<!--publicidad-voz01--><a href=\"https:\/\/www.facebook.com\/SoloRadioHellin\/?locale=es_ES\"><img decoding=\"async\" class=\"alignnone size-medium\" src=\"https:\/\/blogger.googleusercontent.com\/img\/b\/R29vZ2xl\/AVvXsEiNncirNnyGedv00mhjZjh5Wl4_YPdJGanoAl8tL8zH-HwqE8uHqjEfSt340RHdx-9tuCSIkZ8rFamZiGyYlgDGxCsmXjCH_1xk5eYM3ntFZRvJP_jndOKR7w1UAo9Tu0vrZyOLfqRpHIxYI5SymJJ-pfGCQw6QVpggBH-UgfjiFQ2JOxqxG0Jx94kW83c\/s1600\/logo-principal.jpg\" width=\"100%\" height=\"100\" \/><\/a><!--bestpublic-voz01--><!--desk-in-out-voz01--><br \/>\n<!--publicidad-voz02--><a href=\"https:\/\/www.hellincf.com\/\"><img decoding=\"async\" class=\"alignnone size-medium\" src=\"https:\/\/blogger.googleusercontent.com\/img\/b\/R29vZ2xl\/AVvXsEhuZ4-XfBVj3UtdP8-RZugy3WVrg-Zv28c53m4oV47qYCxL1rX_dqWX_YddsGSnpH5SRDqZ7bZeKPIfDVCDncpjVlhy3aQs2vojcJBn7Gdv9hC2_Nzct_pRFrnFE1a7KTCdY1bT_kAgnY3-iadRZrGeJf1fR2P5fu11bokx0pWjaypoy-ctwCjklldpEbA\/s1600\/logo-principal7.jpg\" width=\"100%\" height=\"100\" \/><\/a><!--bestpublic-voz02--><!--desk-in-out-voz02--><\/p>\n<p style=\"text-align: justify;\">Asi lo ha comunicado a nuestra redacci\u00f3n de informativos el exconcejal del Ayuntamiento de Hell\u00edn, Francisco Javier Morcillo, a trav\u00e9s de una nota de prensa que les ofrecemos integramente a continuaci\u00f3n:<\/p>\n<p style=\"text-align: justify;\">Comunicado de Francisco Javier Morcillo.<\/p>\n<p style=\"text-align: justify;\">Nunca pens\u00e9 que escribir\u00eda esta nota de prensa, sobre todo cuando he considerado a CC.OO. el lugar donde aprend\u00ed muchos valores de la vida, solidaridad, el compa\u00f1erismo y sobre todo la defensa de los trabajadores y trabajadoras, entre otras cosas que me han servido para formarme como persona.<\/p>\n<p style=\"text-align: justify;\">Para m\u00ed el nombre de CC.OO. esta y seguir\u00e1 estando por encima de todo, por lo que significa para la clase trabajadora y por las personas que han luchado por esas siglas.<\/p>\n<p style=\"text-align: justify;\">Lo que m\u00e1s\u00a0 lamento son las personas que en estos momentos son responsables de CC.OO. en Albacete y Castilla-La Mancha que han hecho de CC.OO. en los \u00faltimos a\u00f1os en esta Provincia y Regi\u00f3n, se parezca m\u00e1s una empresa de p\u00e9simas\u00a0 relaciones laborales con sus trabajadores.<\/p>\n<p style=\"text-align: justify;\">Son muchos los casos de trabajadores y trabajadoras que han pasado situaciones laborales p\u00e9simas en los \u00faltimos a\u00f1os los cuales han llegado a pasar por depresi\u00f3n, problemas econ\u00f3micos por ser despedidos , perder la dignidad como trabajadores, todo por actuaciones de los responsables provinciales y regionales en los \u00faltimos a\u00f1os.<\/p>\n<p style=\"text-align: justify;\">Todo ello lo manifiesto por\u00a0 la situaci\u00f3n vivida personalmente desde hace m\u00e1s de diez a\u00f1os y que culmina con una actuaci\u00f3n que no se puede concebir de personas que dirigen un sindicato de clase como es CC.OO.<\/p>\n<p style=\"text-align: justify;\">El pasado 29 de Mayo solicite mi incorporaci\u00f3n\u00a0 a CC.OO. en mi puesto de trabajo, despu\u00e9s de acogerme a una excedencia forzosa por elecci\u00f3n cargo p\u00fablico y finalizar el mismo, como recoge \u00e9l articulo 46.1 del Estatuto de los trabajadores, con el fin de incorporarme el d\u00eda 17 de Junio.<\/p>\n<p style=\"text-align: justify;\">Cual es mi sorpresa que unos d\u00edas despu\u00e9s, se hace efectivo mi despido, ingresando una cuant\u00eda econ\u00f3mica en mi cuenta y la liquidaci\u00f3n de los dos d\u00edas de preaviso, eso si sin comunic\u00e1rmelo por escrito , enter\u00e1ndome del despido por el ingreso efectuado no por la carta de despido y\u00a0 despu\u00e9s de conversaciones por tel\u00e9fono con responsables provinciales solicitando explicaciones de los hechos\u00a0 , se entrega por burofax\u00a0 la carta de despido el d\u00eda 7 de Junio.<\/p>\n<p style=\"text-align: justify;\">Adem\u00e1s de las formas empleadas, como es sabido todo trabajador que se acoja a una excedencia forzosa, tiene el derecho de su reserva de puesto de trabajo despu\u00e9s de acabar su excedencia forzosa bien sea por cargo publico o sindical, como he mencionado anteriormente recogido en el Art. 46.1 del Estatuto de los Trabajadores.<\/p>\n<p style=\"text-align: justify;\">Pues los responsables Provinciales y Regionales aluden en su carta de despido que en estos momentos no existe ning\u00fan puesto de trabajo vacante en toda la Regi\u00f3n, algo relativamente extra\u00f1o y por tal motivo me despiden y adem\u00e1s acogi\u00e9ndose a un despido objetivo, de 20 d\u00edas por a\u00f1o, con un tope de 12 mensualidades.<\/p>\n<p style=\"text-align: justify;\">Este es el argumento para justificar el despido, me parece tan grave no solo por mi situaci\u00f3n despu\u00e9s\u00a0 de 28 a\u00f1os de antig\u00fcedad como trabajador de CC.OO. \u00bfHabr\u00e1n pensado estos responsables provinciales y regionales, de los liberados sindicales de las empresas privadas y de la funci\u00f3n publica que al retornar a su trabajo, las empresas actuasen como ellos han actuado? Despidiendo a los que se acojan a una excedencia forzosa y con un despido objetivo por causas organizativas, aspecto que tanto se ha criticado por las ultimas reformas laborales por parte de estos responsables sindicales.<\/p>\n<p style=\"text-align: justify;\">Deben de saber como sindicalistas que los trabajadores con excedencia forzosa, tienen derecho a reincorporaci\u00f3n a su puesto de trabajo y en caso de no incorporarlo se considera un despido improcedente.<\/p>\n<p style=\"text-align: justify;\">Por todo ello denuncio p\u00fablicamente la manera de actuar de estos responsables sindicales y que defender\u00e9 mis derechos laborales en las instancias oportunas.<\/p>\n<p><!--publicidad-voz03--><a href=\"https:\/\/www.facebook.com\/profile.php?id=100063593791305&amp;locale=es_ES\"><img decoding=\"async\" class=\"alignnone size-medium\" src=\"https:\/\/blogger.googleusercontent.com\/img\/b\/R29vZ2xl\/AVvXsEi8_n_ll8UOcGxCqzFvb_9Io4ICczlGC990BPtPj2w9Px-u7B3oqWUW5vtjZUqPNJ-nyjiUIorE0ATsib_l5tV8BVN-UJ03RTnU__IHJF_4DgDBtY4LIqXNG-FomrO-7ywes20CBCRM2Hcm7EJSh3UUw1dO-c_uTflUrtgY1i7uBRezj_DpympmEFkfbQY\/s1600\/logo-principal2.jpg\" width=\"100%\" height=\"100\" \/><\/a><!--bestpublic-voz03--><!--desk-in-out-voz03--><br \/>\n<!--publicidad-voz04--><a href=\"https:\/\/www.facebook.com\/profile.php?id=61557370768692&amp;locale=es_ES\"><img decoding=\"async\" class=\"alignnone size-medium\" src=\"https:\/\/blogger.googleusercontent.com\/img\/b\/R29vZ2xl\/AVvXsEgy5RdcfffrnrItnYTcV9bCJjgJwldsQLWssfVfrLbyfXeBNTFKgBf0rMIvhrUaGUhiXzVr9_eQgCbi-j63ZDpfTvLIty9w7s140y-m1yHe7eKmEK7v2NAHUJDVYGdfeiQFeRCqUjdwWmN1MX_AUxxz4IVdJ4WIM0APxit8bjWkXzrnEFGqBvW_1F13H1g\/s1600\/logo-principal5.jpg\" width=\"100%\" height=\"100\" \/><\/a><!--bestpublic-voz04--><!--desk-in-out-voz04--><br \/>\n<!--publicidad-voz05--><a href=\"https:\/\/www.facebook.com\/asociaciontamborileroshellin?locale=es_ES\"><img decoding=\"async\" class=\"alignnone size-medium\" src=\"https:\/\/blogger.googleusercontent.com\/img\/b\/R29vZ2xl\/AVvXsEhHEEpZsKK1VpwiYMrS7aE2ujtqIDZoLd4B5wtbiseSU9s2HdTdQfhF84So2XwEB1fv0BLw95GADm6hUl1bkKtzh-eIgVigXONuu_5RxeIMPhjk8q6uNX4EaEHbooKkbu7pCADWPpVJjhKIH5NQSJpWqedC-YBez4QAQeJYokkLot9bhrIaUAeztsGis6M\/s1600\/logo-principal3.jpg\" width=\"100%\" height=\"100\" \/><\/a><!--bestpublic-voz05--><!--desk-in-out-voz05--><br \/>\n<!--publicidad-voz06--><!--bestpublic-voz06--><!--desk-in-out-voz06--><br \/>\n<!--publicidad-voz07--><!--bestpublic-voz07--><!--desk-in-out-voz07--><br \/>\n<!--publicidad-voz08--><!--bestpublic-voz08--><!--desk-in-out-voz08--><br \/>\n<!--publicidad-voz09--><!--bestpublic-voz09--><!--desk-in-out-voz09--><br \/>\n<!--publicidad-voz10--><!--bestpublic-voz10--><!--desk-in-out-voz10--><br \/>\n<!--publicidad-voz11--><!--bestpublic-voz11--><!--desk-in-out-voz11--><br \/>\n<!--publicidad-voz12--><!--bestpublic-voz12--><!--desk-in-out-voz12--><br \/>\n<!--publicidad-voz13--><!--bestpublic-voz13--><!--desk-in-out-voz13--><br \/>\n<!--publicidad-voz14--><!--bestpublic-voz14--><!--desk-in-out-voz14--><br \/>\n<!--publicidad-voz15--><!--bestpublic-voz15--><!--desk-in-out-voz15--><br \/>\n<!--publicidad-voz16--><!--bestpublic-voz16--><!--desk-in-out-voz16--><\/p>\n","protected":false},"excerpt":{"rendered":"<p>FRANCISCO JAVIER MORCILLO DENUNCIA P\u00daBLICAMENTE LA ACTUACION DE LOS RESPONSABLES DE CC.OO TRAS HACER EFECTIVO SU DESPIDO DEL SINDICATO Y ASEGURA DEFENDERA SUS DERECHOS LABORALES EN LAS INSTANCIAS OPORTUNAS.<\/p>\n","protected":false},"author":2,"featured_media":90587,"comment_status":"closed","ping_status":"closed","sticky":false,"template":"","format":"standard","meta":{"footnotes":""},"categories":[719,718,715,716,717],"tags":[],"class_list":["post-101516","post","type-post","status-publish","format-standard","has-post-thumbnail","hentry","category-blog-lv001","category-blogger","category-la-voz-de-hellin","category-la-voz-de-hellin-la-voz-de-hellin","category-noticias"],"_links":{"self":[{"href":"https:\/\/lavozdehellin.com\/noticias\/wp-json\/wp\/v2\/posts\/101516","targetHints":{"allow":["GET"]}}],"collection":[{"href":"https:\/\/lavozdehellin.com\/noticias\/wp-json\/wp\/v2\/posts"}],"about":[{"href":"https:\/\/lavozdehellin.com\/noticias\/wp-json\/wp\/v2\/types\/post"}],"author":[{"embeddable":true,"href":"https:\/\/lavozdehellin.com\/noticias\/wp-json\/wp\/v2\/users\/2"}],"replies":[{"embeddable":true,"href":"https:\/\/lavozdehellin.com\/noticias\/wp-json\/wp\/v2\/comments?post=101516"}],"version-history":[{"count":0,"href":"https:\/\/lavozdehellin.com\/noticias\/wp-json\/wp\/v2\/posts\/101516\/revisions"}],"wp:featuredmedia":[{"embeddable":true,"href":"https:\/\/lavozdehellin.com\/noticias\/wp-json\/wp\/v2\/media\/90587"}],"wp:attachment":[{"href":"https:\/\/lavozdehellin.com\/noticias\/wp-json\/wp\/v2\/media?parent=101516"}],"wp:term":[{"taxonomy":"category","embeddable":true,"href":"https:\/\/lavozdehellin.com\/noticias\/wp-json\/wp\/v2\/categories?post=101516"},{"taxonomy":"post_tag","embeddable":true,"href":"https:\/\/lavozdehellin.com\/noticias\/wp-json\/wp\/v2\/tags?post=101516"}],"curies":[{"name":"wp","href":"https:\/\/api.w.org\/{rel}","templated":true}]}}