{"id":101538,"date":"2019-06-07T10:35:08","date_gmt":"2019-06-07T10:35:08","guid":{"rendered":"https:\/\/lavozdehellin.com\/noticias\/v00-117-incidencias-atendidas-por-la-policia-local-de-hellin-del-27-al-2-de-junio\/"},"modified":"2024-01-04T14:05:30","modified_gmt":"2024-01-04T14:05:30","slug":"v00-117-incidencias-atendidas-por-la-policia-local-de-hellin-del-27-al-2-de-junio","status":"publish","type":"post","link":"https:\/\/lavozdehellin.com\/noticias\/v00-117-incidencias-atendidas-por-la-policia-local-de-hellin-del-27-al-2-de-junio\/","title":{"rendered":"LVH NOTICIAS | INCIDENCIAS ATENDIDAS POR LA POLICIA LOCAL DE HELL\u00cdN DEL 27 AL 2 DE JUNIO."},"content":{"rendered":"<p style=\"text-align: justify;\">Incidencias atendidas por la Policia Local de Hell\u00edn del 27 al 2 de junio.<\/p>\n<p><!--more--><br \/>\n<!--publicidad-voz01--><a href=\"https:\/\/www.facebook.com\/SoloRadioHellin\/?locale=es_ES\"><img decoding=\"async\" class=\"alignnone size-medium\" src=\"https:\/\/blogger.googleusercontent.com\/img\/b\/R29vZ2xl\/AVvXsEiNncirNnyGedv00mhjZjh5Wl4_YPdJGanoAl8tL8zH-HwqE8uHqjEfSt340RHdx-9tuCSIkZ8rFamZiGyYlgDGxCsmXjCH_1xk5eYM3ntFZRvJP_jndOKR7w1UAo9Tu0vrZyOLfqRpHIxYI5SymJJ-pfGCQw6QVpggBH-UgfjiFQ2JOxqxG0Jx94kW83c\/s1600\/logo-principal.jpg\" width=\"100%\" height=\"100\" \/><\/a><!--bestpublic-voz01--><!--desk-in-out-voz01--><br \/>\n<!--publicidad-voz02--><a href=\"https:\/\/www.hellincf.com\/\"><img decoding=\"async\" class=\"alignnone size-medium\" src=\"https:\/\/blogger.googleusercontent.com\/img\/b\/R29vZ2xl\/AVvXsEhuZ4-XfBVj3UtdP8-RZugy3WVrg-Zv28c53m4oV47qYCxL1rX_dqWX_YddsGSnpH5SRDqZ7bZeKPIfDVCDncpjVlhy3aQs2vojcJBn7Gdv9hC2_Nzct_pRFrnFE1a7KTCdY1bT_kAgnY3-iadRZrGeJf1fR2P5fu11bokx0pWjaypoy-ctwCjklldpEbA\/s1600\/logo-principal7.jpg\" width=\"100%\" height=\"100\" \/><\/a><!--bestpublic-voz02--><!--desk-in-out-voz02--><\/p>\n<p style=\"text-align: justify;\">El departamento de comunicaci\u00f3n de la Policia Local de Hell\u00edn nos notifica las incedencias atendidas en la semana del 27 al 2 de junio.<\/p>\n<p>JUEVES MA\u00d1ANA<\/p>\n<p style=\"text-align: justify;\">Se identifica a un a un joven que los pasado d\u00edas rompi\u00f3 los banco de mayores del barrio del pino, el cual ha sido denunciado por destrozo al material urbano.<\/p>\n<p style=\"text-align: justify;\">Se atiende al titular de la vivienda de la Calle N\u00fa\u00f1ez, por un accidente domestico producido al estar este pintando su vivienda, se traslada al Hospital para ser atendido.<\/p>\n<p>JUEVES NOCHE<\/p>\n<p style=\"text-align: justify;\">Se intercepta un veh\u00edculo haciendo maniobras raras circulando en la calle Mono, una vez entrevistado con el conductor y realizada la prueba de alcoholemia este va bebido, se le levanta la correspondiente denuncia y se le inmoviliza el veh\u00edculo.<\/p>\n<p>VIERNES NOCHE<\/p>\n<p style=\"text-align: justify;\">Se realiza control de alcoholemia en diferentes puntos de la ciudad.<\/p>\n<p>SABADO MA\u00d1ANA<\/p>\n<p style=\"text-align: justify;\">Se realiza apoyo a los bomberos con el fin de que retiren una colmena en la calle Buenavista, para que se realice sin peligro para los ciudadanos, retir\u00e1ndose esta colmena sin novedad.<\/p>\n<p>DOMINGO TARDE<\/p>\n<p style=\"text-align: justify;\">Se identifica a un se\u00f1or montado a caballo dentro del parque del Poeta de Isso, se le comunica que hay no puede hacerlo por el peligro que conlleva\u00a0 ya que hay muchas personas ni\u00f1os mayores etc. y se le denuncia de acuerdo a las ordenanzas.<\/p>\n<p>DOMINGO NOCHE<\/p>\n<p style=\"text-align: justify;\">Se localiza un veh\u00edculo\u00a0 sin seguro obligatorio, en la Plaza Santa Ana, es denunciado este conductor y se retira el veh\u00edculo a deposito.<\/p>\n<p>INFORMACION A LOS CIUDADANOS<\/p>\n<p style=\"text-align: justify;\">Desde el Departamento de comunicaci\u00f3n de la POLICIA LOCAL, indicar que estamos a disposici\u00f3n de todos los ciudadanos, a cualquier hora, durante las 24 horas de cada d\u00eda, para cualquier servicio que nos demanden\u00a0 as\u00ed como sugerencia de anomal\u00edas en nuestra ciudad o p\u00e9danias, nos encontramos en la C\/ Fortunato arias, 4 y en el tel\u00e9fono, 967300000.<\/p>\n<p><!--publicidad-voz03--><a href=\"https:\/\/www.facebook.com\/profile.php?id=100063593791305&amp;locale=es_ES\"><img decoding=\"async\" class=\"alignnone size-medium\" src=\"https:\/\/blogger.googleusercontent.com\/img\/b\/R29vZ2xl\/AVvXsEi8_n_ll8UOcGxCqzFvb_9Io4ICczlGC990BPtPj2w9Px-u7B3oqWUW5vtjZUqPNJ-nyjiUIorE0ATsib_l5tV8BVN-UJ03RTnU__IHJF_4DgDBtY4LIqXNG-FomrO-7ywes20CBCRM2Hcm7EJSh3UUw1dO-c_uTflUrtgY1i7uBRezj_DpympmEFkfbQY\/s1600\/logo-principal2.jpg\" width=\"100%\" height=\"100\" \/><\/a><!--bestpublic-voz03--><!--desk-in-out-voz03--><br \/>\n<!--publicidad-voz04--><a href=\"https:\/\/www.facebook.com\/profile.php?id=61557370768692&amp;locale=es_ES\"><img decoding=\"async\" class=\"alignnone size-medium\" src=\"https:\/\/blogger.googleusercontent.com\/img\/b\/R29vZ2xl\/AVvXsEgy5RdcfffrnrItnYTcV9bCJjgJwldsQLWssfVfrLbyfXeBNTFKgBf0rMIvhrUaGUhiXzVr9_eQgCbi-j63ZDpfTvLIty9w7s140y-m1yHe7eKmEK7v2NAHUJDVYGdfeiQFeRCqUjdwWmN1MX_AUxxz4IVdJ4WIM0APxit8bjWkXzrnEFGqBvW_1F13H1g\/s1600\/logo-principal5.jpg\" width=\"100%\" height=\"100\" \/><\/a><!--bestpublic-voz04--><!--desk-in-out-voz04--><br \/>\n<!--publicidad-voz05--><a href=\"https:\/\/www.facebook.com\/asociaciontamborileroshellin?locale=es_ES\"><img decoding=\"async\" class=\"alignnone size-medium\" src=\"https:\/\/blogger.googleusercontent.com\/img\/b\/R29vZ2xl\/AVvXsEhHEEpZsKK1VpwiYMrS7aE2ujtqIDZoLd4B5wtbiseSU9s2HdTdQfhF84So2XwEB1fv0BLw95GADm6hUl1bkKtzh-eIgVigXONuu_5RxeIMPhjk8q6uNX4EaEHbooKkbu7pCADWPpVJjhKIH5NQSJpWqedC-YBez4QAQeJYokkLot9bhrIaUAeztsGis6M\/s1600\/logo-principal3.jpg\" width=\"100%\" height=\"100\" \/><\/a><!--bestpublic-voz05--><!--desk-in-out-voz05--><br \/>\n<!--publicidad-voz06--><!--bestpublic-voz06--><!--desk-in-out-voz06--><br \/>\n<!--publicidad-voz07--><!--bestpublic-voz07--><!--desk-in-out-voz07--><br \/>\n<!--publicidad-voz08--><!--bestpublic-voz08--><!--desk-in-out-voz08--><br \/>\n<!--publicidad-voz09--><!--bestpublic-voz09--><!--desk-in-out-voz09--><br \/>\n<!--publicidad-voz10--><!--bestpublic-voz10--><!--desk-in-out-voz10--><br \/>\n<!--publicidad-voz11--><!--bestpublic-voz11--><!--desk-in-out-voz11--><br \/>\n<!--publicidad-voz12--><!--bestpublic-voz12--><!--desk-in-out-voz12--><br \/>\n<!--publicidad-voz13--><!--bestpublic-voz13--><!--desk-in-out-voz13--><br \/>\n<!--publicidad-voz14--><!--bestpublic-voz14--><!--desk-in-out-voz14--><br \/>\n<!--publicidad-voz15--><!--bestpublic-voz15--><!--desk-in-out-voz15--><br \/>\n<!--publicidad-voz16--><!--bestpublic-voz16--><!--desk-in-out-voz16--><\/p>\n","protected":false},"excerpt":{"rendered":"<p>INCIDENCIAS ATENDIDAS POR LA POLICIA LOCAL DE HELL\u00cdN DEL 27 AL 2 DE JUNIO.<\/p>\n","protected":false},"author":2,"featured_media":90583,"comment_status":"closed","ping_status":"closed","sticky":false,"template":"","format":"standard","meta":{"footnotes":""},"categories":[719,718,715,716,717],"tags":[],"class_list":["post-101538","post","type-post","status-publish","format-standard","has-post-thumbnail","hentry","category-blog-lv001","category-blogger","category-la-voz-de-hellin","category-la-voz-de-hellin-la-voz-de-hellin","category-noticias"],"_links":{"self":[{"href":"https:\/\/lavozdehellin.com\/noticias\/wp-json\/wp\/v2\/posts\/101538","targetHints":{"allow":["GET"]}}],"collection":[{"href":"https:\/\/lavozdehellin.com\/noticias\/wp-json\/wp\/v2\/posts"}],"about":[{"href":"https:\/\/lavozdehellin.com\/noticias\/wp-json\/wp\/v2\/types\/post"}],"author":[{"embeddable":true,"href":"https:\/\/lavozdehellin.com\/noticias\/wp-json\/wp\/v2\/users\/2"}],"replies":[{"embeddable":true,"href":"https:\/\/lavozdehellin.com\/noticias\/wp-json\/wp\/v2\/comments?post=101538"}],"version-history":[{"count":0,"href":"https:\/\/lavozdehellin.com\/noticias\/wp-json\/wp\/v2\/posts\/101538\/revisions"}],"wp:featuredmedia":[{"embeddable":true,"href":"https:\/\/lavozdehellin.com\/noticias\/wp-json\/wp\/v2\/media\/90583"}],"wp:attachment":[{"href":"https:\/\/lavozdehellin.com\/noticias\/wp-json\/wp\/v2\/media?parent=101538"}],"wp:term":[{"taxonomy":"category","embeddable":true,"href":"https:\/\/lavozdehellin.com\/noticias\/wp-json\/wp\/v2\/categories?post=101538"},{"taxonomy":"post_tag","embeddable":true,"href":"https:\/\/lavozdehellin.com\/noticias\/wp-json\/wp\/v2\/tags?post=101538"}],"curies":[{"name":"wp","href":"https:\/\/api.w.org\/{rel}","templated":true}]}}