{"id":101542,"date":"2019-06-06T11:05:24","date_gmt":"2019-06-06T11:05:24","guid":{"rendered":"https:\/\/lavozdehellin.com\/noticias\/v00-121-el-subdelegado-de-gobierno-en-albacete-asistio-al-despliegue-que-en-la-zona-de-yeste-ha-realizado-el-primer-batallon-de-intervncion-en-emergencias-de-la-ume-donde-la-unidad-esta-realizando-uno\/"},"modified":"2024-01-04T14:05:31","modified_gmt":"2024-01-04T14:05:31","slug":"v00-121-el-subdelegado-de-gobierno-en-albacete-asistio-al-despliegue-que-en-la-zona-de-yeste-ha-realizado-el-primer-batallon-de-intervncion-en-emergencias-de-la-ume-donde-la-unidad-esta-realizando-uno","status":"publish","type":"post","link":"https:\/\/lavozdehellin.com\/noticias\/v00-121-el-subdelegado-de-gobierno-en-albacete-asistio-al-despliegue-que-en-la-zona-de-yeste-ha-realizado-el-primer-batallon-de-intervncion-en-emergencias-de-la-ume-donde-la-unidad-esta-realizando-uno\/","title":{"rendered":"LVH NOTICIAS | EL SUBDELEGADO DE GOBIERNO EN ALBACETE ASISTI\u00d3 AL DESPLIEGUE QUE EN LA ZONA DE YESTE, HA REALIZADO EL PRIMER BATALL\u00d3N DE INTERVNCI\u00d3N EN EMERGENCIAS DE LA UME, DONDE LA UNIDAD EST\u00c1 REALIZANDO UNOS EJERCICIOS ALFA DE PREVENCI\u00d3N DE INCENDIOS FORESTALES."},"content":{"rendered":"<p style=\"text-align: justify;\">El subdelegado del Gobierno en Albacete, Miguel Juan Espinosa Plaza, asisti\u00f3 al despliegue que en la zona de Yeste, ha realizado el Primer Batall\u00f3n de Intervenci\u00f3n en Emergencias de la UME, donde la unidad est\u00e1 realizando unos ejercicios Alfa de prevenci\u00f3n de incendios forestales.<\/p>\n<p><!--more--><br \/>\n<!--publicidad-voz01--><a href=\"https:\/\/www.facebook.com\/SoloRadioHellin\/?locale=es_ES\"><img decoding=\"async\" class=\"alignnone size-medium\" src=\"https:\/\/blogger.googleusercontent.com\/img\/b\/R29vZ2xl\/AVvXsEiNncirNnyGedv00mhjZjh5Wl4_YPdJGanoAl8tL8zH-HwqE8uHqjEfSt340RHdx-9tuCSIkZ8rFamZiGyYlgDGxCsmXjCH_1xk5eYM3ntFZRvJP_jndOKR7w1UAo9Tu0vrZyOLfqRpHIxYI5SymJJ-pfGCQw6QVpggBH-UgfjiFQ2JOxqxG0Jx94kW83c\/s1600\/logo-principal.jpg\" width=\"100%\" height=\"100\" \/><\/a><!--bestpublic-voz01--><!--desk-in-out-voz01--><br \/>\n<!--publicidad-voz02--><a href=\"https:\/\/www.hellincf.com\/\"><img decoding=\"async\" class=\"alignnone size-medium\" src=\"https:\/\/blogger.googleusercontent.com\/img\/b\/R29vZ2xl\/AVvXsEhuZ4-XfBVj3UtdP8-RZugy3WVrg-Zv28c53m4oV47qYCxL1rX_dqWX_YddsGSnpH5SRDqZ7bZeKPIfDVCDncpjVlhy3aQs2vojcJBn7Gdv9hC2_Nzct_pRFrnFE1a7KTCdY1bT_kAgnY3-iadRZrGeJf1fR2P5fu11bokx0pWjaypoy-ctwCjklldpEbA\/s1600\/logo-principal7.jpg\" width=\"100%\" height=\"100\" \/><\/a><!--bestpublic-voz02--><!--desk-in-out-voz02--><\/p>\n<p style=\"text-align: justify;\">Efectivos de este Batall\u00f3n participaron en las tareas de extinci\u00f3n del incendio forestal declarado en agosto del 2007 en Yeste, y asumieron la instalaci\u00f3n de un campamento para evacuaci\u00f3n de la poblaci\u00f3n en Elche de la Sierra.<\/p>\n<p style=\"text-align: justify;\">El subdelegado del Gobierno visit\u00f3 el centro de operaciones alojado en el Polideportivo de Yeste y fue informado tanto sobre las maniobras que durante tres d\u00edas ha realizado la UME en el t\u00e9rmino municipal, c\u00f3mo sobre la log\u00edstica, equipos y veh\u00edculos utilizados en las maniobras.<\/p>\n<p style=\"text-align: justify;\">Con motivo de estas maniobras Espinosa, recibi\u00f3 en la Subdelegaci\u00f3n del Gobierno, al teniente coronel de Infanter\u00eda y jefe del Batall\u00f3n de Intervenci\u00f3n N\u00ba1, Juan Esteban Rodas.<\/p>\n<p style=\"text-align: justify;\">El subdelegado del Gobierno transmiti\u00f3 al mando de la UME el orgullo y la confianza que supone para la ciudadan\u00eda que el Estado pueda contar con una unidad de estas caracter\u00edsticas y sobre la que los ciudadanos expresan de forma mayoritaria una percepci\u00f3n muy positiva en sus actuaciones.<\/p>\n<p style=\"text-align: justify;\">Asimismo, destac\u00f3 la importancia de la coordinaci\u00f3n y colaboraci\u00f3n institucional para ser m\u00e1s efectivos en la lucha contra los incendios forestales, ya que la UME, es un medio del Gobierno de Espa\u00f1a, que se pone a disposici\u00f3n del resto de administraciones, cuando el nivel de alerta as\u00ed lo precisa.<\/p>\n<p style=\"text-align: justify;\">Durante el encuentro el teniente coronel Esteban explic\u00f3 al subdelegado del Gobierno los principales cometidos de la UME y subray\u00f3 la alta capacitaci\u00f3n y especializaci\u00f3n de la unidad con una gran potencia de extinci\u00f3n gracias a sus equipos, \u00a0su autonom\u00eda log\u00edstica y capacidad de pronta respuesta en todo el territorio nacional.<\/p>\n<p><!--publicidad-voz03--><a href=\"https:\/\/www.facebook.com\/profile.php?id=100063593791305&amp;locale=es_ES\"><img decoding=\"async\" class=\"alignnone size-medium\" src=\"https:\/\/blogger.googleusercontent.com\/img\/b\/R29vZ2xl\/AVvXsEi8_n_ll8UOcGxCqzFvb_9Io4ICczlGC990BPtPj2w9Px-u7B3oqWUW5vtjZUqPNJ-nyjiUIorE0ATsib_l5tV8BVN-UJ03RTnU__IHJF_4DgDBtY4LIqXNG-FomrO-7ywes20CBCRM2Hcm7EJSh3UUw1dO-c_uTflUrtgY1i7uBRezj_DpympmEFkfbQY\/s1600\/logo-principal2.jpg\" width=\"100%\" height=\"100\" \/><\/a><!--bestpublic-voz03--><!--desk-in-out-voz03--><br \/>\n<!--publicidad-voz04--><a href=\"https:\/\/www.facebook.com\/profile.php?id=61557370768692&amp;locale=es_ES\"><img decoding=\"async\" class=\"alignnone size-medium\" src=\"https:\/\/blogger.googleusercontent.com\/img\/b\/R29vZ2xl\/AVvXsEgy5RdcfffrnrItnYTcV9bCJjgJwldsQLWssfVfrLbyfXeBNTFKgBf0rMIvhrUaGUhiXzVr9_eQgCbi-j63ZDpfTvLIty9w7s140y-m1yHe7eKmEK7v2NAHUJDVYGdfeiQFeRCqUjdwWmN1MX_AUxxz4IVdJ4WIM0APxit8bjWkXzrnEFGqBvW_1F13H1g\/s1600\/logo-principal5.jpg\" width=\"100%\" height=\"100\" \/><\/a><!--bestpublic-voz04--><!--desk-in-out-voz04--><br \/>\n<!--publicidad-voz05--><a href=\"https:\/\/www.facebook.com\/asociaciontamborileroshellin?locale=es_ES\"><img decoding=\"async\" class=\"alignnone size-medium\" src=\"https:\/\/blogger.googleusercontent.com\/img\/b\/R29vZ2xl\/AVvXsEhHEEpZsKK1VpwiYMrS7aE2ujtqIDZoLd4B5wtbiseSU9s2HdTdQfhF84So2XwEB1fv0BLw95GADm6hUl1bkKtzh-eIgVigXONuu_5RxeIMPhjk8q6uNX4EaEHbooKkbu7pCADWPpVJjhKIH5NQSJpWqedC-YBez4QAQeJYokkLot9bhrIaUAeztsGis6M\/s1600\/logo-principal3.jpg\" width=\"100%\" height=\"100\" \/><\/a><!--bestpublic-voz05--><!--desk-in-out-voz05--><br \/>\n<!--publicidad-voz06--><!--bestpublic-voz06--><!--desk-in-out-voz06--><br \/>\n<!--publicidad-voz07--><!--bestpublic-voz07--><!--desk-in-out-voz07--><br \/>\n<!--publicidad-voz08--><!--bestpublic-voz08--><!--desk-in-out-voz08--><br \/>\n<!--publicidad-voz09--><!--bestpublic-voz09--><!--desk-in-out-voz09--><br \/>\n<!--publicidad-voz10--><!--bestpublic-voz10--><!--desk-in-out-voz10--><br \/>\n<!--publicidad-voz11--><!--bestpublic-voz11--><!--desk-in-out-voz11--><br \/>\n<!--publicidad-voz12--><!--bestpublic-voz12--><!--desk-in-out-voz12--><br \/>\n<!--publicidad-voz13--><!--bestpublic-voz13--><!--desk-in-out-voz13--><br \/>\n<!--publicidad-voz14--><!--bestpublic-voz14--><!--desk-in-out-voz14--><br \/>\n<!--publicidad-voz15--><!--bestpublic-voz15--><!--desk-in-out-voz15--><br \/>\n<!--publicidad-voz16--><!--bestpublic-voz16--><!--desk-in-out-voz16--><\/p>\n","protected":false},"excerpt":{"rendered":"<p>EL SUBDELEGADO DE GOBIERNO EN ALBACETE ASISTI\u00d3 AL DESPLIEGUE QUE EN LA ZONA DE YESTE, HA REALIZADO EL PRIMER BATALL\u00d3N DE INTERVNCI\u00d3N EN EMERGENCIAS DE LA UME, DONDE LA UNIDAD EST\u00c1 REALIZANDO UNOS EJERCICIOS ALFA DE PREVENCI\u00d3N DE INCENDIOS FORESTALES.<\/p>\n","protected":false},"author":2,"featured_media":90585,"comment_status":"closed","ping_status":"closed","sticky":false,"template":"","format":"standard","meta":{"footnotes":""},"categories":[719,718,715,716,717],"tags":[],"class_list":["post-101542","post","type-post","status-publish","format-standard","has-post-thumbnail","hentry","category-blog-lv001","category-blogger","category-la-voz-de-hellin","category-la-voz-de-hellin-la-voz-de-hellin","category-noticias"],"_links":{"self":[{"href":"https:\/\/lavozdehellin.com\/noticias\/wp-json\/wp\/v2\/posts\/101542","targetHints":{"allow":["GET"]}}],"collection":[{"href":"https:\/\/lavozdehellin.com\/noticias\/wp-json\/wp\/v2\/posts"}],"about":[{"href":"https:\/\/lavozdehellin.com\/noticias\/wp-json\/wp\/v2\/types\/post"}],"author":[{"embeddable":true,"href":"https:\/\/lavozdehellin.com\/noticias\/wp-json\/wp\/v2\/users\/2"}],"replies":[{"embeddable":true,"href":"https:\/\/lavozdehellin.com\/noticias\/wp-json\/wp\/v2\/comments?post=101542"}],"version-history":[{"count":0,"href":"https:\/\/lavozdehellin.com\/noticias\/wp-json\/wp\/v2\/posts\/101542\/revisions"}],"wp:featuredmedia":[{"embeddable":true,"href":"https:\/\/lavozdehellin.com\/noticias\/wp-json\/wp\/v2\/media\/90585"}],"wp:attachment":[{"href":"https:\/\/lavozdehellin.com\/noticias\/wp-json\/wp\/v2\/media?parent=101542"}],"wp:term":[{"taxonomy":"category","embeddable":true,"href":"https:\/\/lavozdehellin.com\/noticias\/wp-json\/wp\/v2\/categories?post=101542"},{"taxonomy":"post_tag","embeddable":true,"href":"https:\/\/lavozdehellin.com\/noticias\/wp-json\/wp\/v2\/tags?post=101542"}],"curies":[{"name":"wp","href":"https:\/\/api.w.org\/{rel}","templated":true}]}}