{"id":101543,"date":"2019-06-06T10:48:10","date_gmt":"2019-06-06T10:48:10","guid":{"rendered":"https:\/\/lavozdehellin.com\/noticias\/v00-122-efectivos-de-la-guardia-civil-de-hellin-han-detenido-a-un-vecino-de-casas-ibanez-por-presunto-delito-al-simular-haber-sido-victima-de-un-robo-con-violencia-e-intimidacion\/"},"modified":"2024-04-25T16:00:36","modified_gmt":"2024-04-25T14:00:36","slug":"v00-122-efectivos-de-la-guardia-civil-de-hellin-han-detenido-a-un-vecino-de-casas-ibanez-por-presunto-delito-al-simular-haber-sido-victima-de-un-robo-con-violencia-e-intimidacion","status":"publish","type":"post","link":"https:\/\/lavozdehellin.com\/noticias\/v00-122-efectivos-de-la-guardia-civil-de-hellin-han-detenido-a-un-vecino-de-casas-ibanez-por-presunto-delito-al-simular-haber-sido-victima-de-un-robo-con-violencia-e-intimidacion\/","title":{"rendered":"LVH NOTICIAS | EFECTIVOS DE LA GUARDIA CIVIL DE HELL\u00cdN HAN DETENIDO A UN VECINO DE CASAS IBA\u00d1EZ POR PRESUNTO DELITO AL SIMULAR HABER SIDO VICTIMA DE UN ROBO CON VIOLENCIA E INTIMIDACI\u00d3N."},"content":{"rendered":"<p style=\"text-align: justify;\">Efectivos de la Guardia Civil de Hell\u00edn han detenido a un vecino de la localidad de Casas Ib\u00e1\u00f1ez, de 57 a\u00f1os de edad, como presunto autor de un delito de simulaci\u00f3n de delito, tras denunciar el robo de 1.500 euros, con violencia e intimidaci\u00f3n.<\/p>\n<p><!--more--><br \/>\n<!--publicidad-voz01--><a href=\"https:\/\/www.facebook.com\/SoloRadioHellin\/?locale=es_ES\"><img decoding=\"async\" class=\"alignnone size-medium\" src=\"https:\/\/blogger.googleusercontent.com\/img\/b\/R29vZ2xl\/AVvXsEiNncirNnyGedv00mhjZjh5Wl4_YPdJGanoAl8tL8zH-HwqE8uHqjEfSt340RHdx-9tuCSIkZ8rFamZiGyYlgDGxCsmXjCH_1xk5eYM3ntFZRvJP_jndOKR7w1UAo9Tu0vrZyOLfqRpHIxYI5SymJJ-pfGCQw6QVpggBH-UgfjiFQ2JOxqxG0Jx94kW83c\/s1600\/logo-principal.jpg\" width=\"100%\" height=\"100\" \/><\/a><!--bestpublic-voz01--><!--desk-in-out-voz01--><br \/>\n<!--publicidad-voz02--><a href=\"https:\/\/www.hellincf.com\/\"><img decoding=\"async\" class=\"alignnone size-medium\" src=\"https:\/\/blogger.googleusercontent.com\/img\/b\/R29vZ2xl\/AVvXsEhuZ4-XfBVj3UtdP8-RZugy3WVrg-Zv28c53m4oV47qYCxL1rX_dqWX_YddsGSnpH5SRDqZ7bZeKPIfDVCDncpjVlhy3aQs2vojcJBn7Gdv9hC2_Nzct_pRFrnFE1a7KTCdY1bT_kAgnY3-iadRZrGeJf1fR2P5fu11bokx0pWjaypoy-ctwCjklldpEbA\/s1600\/logo-principal7.jpg\" width=\"100%\" height=\"100\" \/><\/a><!--bestpublic-voz02--><!--desk-in-out-voz02--><\/p>\n<p style=\"text-align: justify;\">Investigaciones<\/p>\n<p style=\"text-align: justify;\">La Guardia Civil de Tobarra recogi\u00f3 la denuncia de una persona que manifestaba que cuando se encontraba a la parte trasera de su cami\u00f3n realizando el reparto del g\u00e9nero para un restaurante fue asaltado por una persona, a la que nunca lleg\u00f3 a ver el rostro, y que tras ponerle un objeto punzante en la espalda y rociarle la cara con un spray le sustrajo 1.500 euros procedentes de la recaudaci\u00f3n de su actividad.<\/p>\n<p style=\"text-align: justify;\">Con los datos obtenidos en la denuncia la Guardia Civil realiz\u00f3 las correspondientes gestiones para el esclarecimiento de los hechos, comprobando como lo manifestado en la denuncia por la supuesta v\u00edctima no se correspond\u00eda con la realidad, si no que hab\u00eda sido ella la que tras aplicarse un insecticida en el rostro se dirigi\u00f3 al establecimiento p\u00fablico para ser auxiliado.<\/p>\n<p style=\"text-align: justify;\">Con las pruebas obtenidas por los investigadores esta persona fue detenida por haber simulado un hecho delictivo, reconociendo finalmente esta la falsedad de los hechos denunciados, tal vez para justificar la supuesta p\u00e9rdida de la recaudaci\u00f3n.<\/p>\n<p>Simulaci\u00f3n de delito<\/p>\n<p style=\"text-align: justify;\">Este delito, recogido en el art\u00edculo 457 del vigente C\u00f3digo Penal, lo comete quien simula ser responsable o v\u00edctima de una infracci\u00f3n penal sin que \u00e9sta haya existido y que es motivo de detenci\u00f3n.<\/p>\n<p style=\"text-align: justify;\">Por ello antes de recoger una denuncia la Guardia Civil advierte al denunciante de la responsabilidad en que puede incurrir.<\/p>\n<p>Diligencias instruidas \/ detenido<\/p>\n<p style=\"text-align: justify;\">Efectivos de la Guardia Civil de Hell\u00edn instruyeron las oportunas diligencias que, \u00a0junto con la persona detenida, fueron entregadas en el Juzgado de Instrucci\u00f3n N\u00ba UNO de nuestra localidad,\u00a0 en funciones de guardia.<\/p>\n<p><!--publicidad-voz03--><a href=\"https:\/\/www.facebook.com\/profile.php?id=100063593791305&amp;locale=es_ES\"><img decoding=\"async\" class=\"alignnone size-medium\" src=\"https:\/\/blogger.googleusercontent.com\/img\/b\/R29vZ2xl\/AVvXsEi8_n_ll8UOcGxCqzFvb_9Io4ICczlGC990BPtPj2w9Px-u7B3oqWUW5vtjZUqPNJ-nyjiUIorE0ATsib_l5tV8BVN-UJ03RTnU__IHJF_4DgDBtY4LIqXNG-FomrO-7ywes20CBCRM2Hcm7EJSh3UUw1dO-c_uTflUrtgY1i7uBRezj_DpympmEFkfbQY\/s1600\/logo-principal2.jpg\" width=\"100%\" height=\"100\" \/><\/a><!--bestpublic-voz03--><!--desk-in-out-voz03--><br \/>\n<!--publicidad-voz04--><a href=\"https:\/\/www.facebook.com\/profile.php?id=61557370768692&amp;locale=es_ES\"><img decoding=\"async\" class=\"alignnone size-medium\" src=\"https:\/\/blogger.googleusercontent.com\/img\/b\/R29vZ2xl\/AVvXsEgy5RdcfffrnrItnYTcV9bCJjgJwldsQLWssfVfrLbyfXeBNTFKgBf0rMIvhrUaGUhiXzVr9_eQgCbi-j63ZDpfTvLIty9w7s140y-m1yHe7eKmEK7v2NAHUJDVYGdfeiQFeRCqUjdwWmN1MX_AUxxz4IVdJ4WIM0APxit8bjWkXzrnEFGqBvW_1F13H1g\/s1600\/logo-principal5.jpg\" width=\"100%\" height=\"100\" \/><\/a><!--bestpublic-voz04--><!--desk-in-out-voz04--><br \/>\n<!--publicidad-voz05--><a href=\"https:\/\/www.facebook.com\/asociaciontamborileroshellin?locale=es_ES\"><img decoding=\"async\" class=\"alignnone size-medium\" src=\"https:\/\/blogger.googleusercontent.com\/img\/b\/R29vZ2xl\/AVvXsEhHEEpZsKK1VpwiYMrS7aE2ujtqIDZoLd4B5wtbiseSU9s2HdTdQfhF84So2XwEB1fv0BLw95GADm6hUl1bkKtzh-eIgVigXONuu_5RxeIMPhjk8q6uNX4EaEHbooKkbu7pCADWPpVJjhKIH5NQSJpWqedC-YBez4QAQeJYokkLot9bhrIaUAeztsGis6M\/s1600\/logo-principal3.jpg\" width=\"100%\" height=\"100\" \/><\/a><!--bestpublic-voz05--><!--desk-in-out-voz05--><br \/>\n<!--publicidad-voz06--><!--bestpublic-voz06--><!--desk-in-out-voz06--><br \/>\n<!--publicidad-voz07--><!--bestpublic-voz07--><!--desk-in-out-voz07--><br \/>\n<!--publicidad-voz08--><!--bestpublic-voz08--><!--desk-in-out-voz08--><br \/>\n<!--publicidad-voz09--><!--bestpublic-voz09--><!--desk-in-out-voz09--><br \/>\n<!--publicidad-voz10--><!--bestpublic-voz10--><!--desk-in-out-voz10--><br \/>\n<!--publicidad-voz11--><!--bestpublic-voz11--><!--desk-in-out-voz11--><br \/>\n<!--publicidad-voz12--><!--bestpublic-voz12--><!--desk-in-out-voz12--><br \/>\n<!--publicidad-voz13--><!--bestpublic-voz13--><!--desk-in-out-voz13--><br \/>\n<!--publicidad-voz14--><!--bestpublic-voz14--><!--desk-in-out-voz14--><br \/>\n<!--publicidad-voz15--><!--bestpublic-voz15--><!--desk-in-out-voz15--><br \/>\n<!--publicidad-voz16--><!--bestpublic-voz16--><!--desk-in-out-voz16--><\/p>\n","protected":false},"excerpt":{"rendered":"<p>EFECTIVOS DE LA GUARDIA CIVIL DE HELL\u00cdN HAN DETENIDO A UN VECINO DE CASAS IBA\u00d1EZ POR PRESUNTO DELITO AL SIMULAR HABER SIDO VICTIMA DE UN ROBO CON VIOLENCIA E INTIMIDACI\u00d3N.<\/p>\n","protected":false},"author":2,"featured_media":90579,"comment_status":"closed","ping_status":"closed","sticky":false,"template":"","format":"standard","meta":{"footnotes":""},"categories":[719,718,715,716,717],"tags":[],"class_list":["post-101543","post","type-post","status-publish","format-standard","has-post-thumbnail","hentry","category-blog-lv001","category-blogger","category-la-voz-de-hellin","category-la-voz-de-hellin-la-voz-de-hellin","category-noticias"],"_links":{"self":[{"href":"https:\/\/lavozdehellin.com\/noticias\/wp-json\/wp\/v2\/posts\/101543","targetHints":{"allow":["GET"]}}],"collection":[{"href":"https:\/\/lavozdehellin.com\/noticias\/wp-json\/wp\/v2\/posts"}],"about":[{"href":"https:\/\/lavozdehellin.com\/noticias\/wp-json\/wp\/v2\/types\/post"}],"author":[{"embeddable":true,"href":"https:\/\/lavozdehellin.com\/noticias\/wp-json\/wp\/v2\/users\/2"}],"replies":[{"embeddable":true,"href":"https:\/\/lavozdehellin.com\/noticias\/wp-json\/wp\/v2\/comments?post=101543"}],"version-history":[{"count":0,"href":"https:\/\/lavozdehellin.com\/noticias\/wp-json\/wp\/v2\/posts\/101543\/revisions"}],"wp:featuredmedia":[{"embeddable":true,"href":"https:\/\/lavozdehellin.com\/noticias\/wp-json\/wp\/v2\/media\/90579"}],"wp:attachment":[{"href":"https:\/\/lavozdehellin.com\/noticias\/wp-json\/wp\/v2\/media?parent=101543"}],"wp:term":[{"taxonomy":"category","embeddable":true,"href":"https:\/\/lavozdehellin.com\/noticias\/wp-json\/wp\/v2\/categories?post=101543"},{"taxonomy":"post_tag","embeddable":true,"href":"https:\/\/lavozdehellin.com\/noticias\/wp-json\/wp\/v2\/tags?post=101543"}],"curies":[{"name":"wp","href":"https:\/\/api.w.org\/{rel}","templated":true}]}}