{"id":101551,"date":"2019-06-05T11:08:52","date_gmt":"2019-06-05T11:08:52","guid":{"rendered":"https:\/\/lavozdehellin.com\/noticias\/v00-130-se-inicia-el-plazo-de-admision-en-los-programas-especificos-de-fp-que-ofertara-el-proximo-curso-el-instituto-izpisua-belmonte-de-hellin\/"},"modified":"2024-01-04T14:05:32","modified_gmt":"2024-01-04T14:05:32","slug":"v00-130-se-inicia-el-plazo-de-admision-en-los-programas-especificos-de-fp-que-ofertara-el-proximo-curso-el-instituto-izpisua-belmonte-de-hellin","status":"publish","type":"post","link":"https:\/\/lavozdehellin.com\/noticias\/v00-130-se-inicia-el-plazo-de-admision-en-los-programas-especificos-de-fp-que-ofertara-el-proximo-curso-el-instituto-izpisua-belmonte-de-hellin\/","title":{"rendered":"LVH NOTICIAS | SE INICIA EL PLAZO DE ADMISI\u00d3N EN LOS PROGRAMAS ESPECIFICOS DE FP QUE OFERTAR\u00c1 EL PR\u00d3XIMO CURSO EL INSTITUTO IZPIS\u00daA BELMONTE DE HELL\u00cdN."},"content":{"rendered":"<p style=\"text-align: justify;\">Se abre el plazo de admisi\u00f3n en los Programas Especificos de FP que ofertar\u00e1 el pr\u00f3ximo curso el Instituto Izpis\u00faa Belmonte de Hell\u00edn, dirigidos a alumnos\/as que requieren medidas de inclusi\u00f3n educativa extraordinarias asociadas a la dispacidad.<\/p>\n<p><!--more--><br \/>\n<!--publicidad-voz01--><a href=\"https:\/\/www.facebook.com\/SoloRadioHellin\/?locale=es_ES\"><img decoding=\"async\" class=\"alignnone size-medium\" src=\"https:\/\/blogger.googleusercontent.com\/img\/b\/R29vZ2xl\/AVvXsEiNncirNnyGedv00mhjZjh5Wl4_YPdJGanoAl8tL8zH-HwqE8uHqjEfSt340RHdx-9tuCSIkZ8rFamZiGyYlgDGxCsmXjCH_1xk5eYM3ntFZRvJP_jndOKR7w1UAo9Tu0vrZyOLfqRpHIxYI5SymJJ-pfGCQw6QVpggBH-UgfjiFQ2JOxqxG0Jx94kW83c\/s1600\/logo-principal.jpg\" width=\"100%\" height=\"100\" \/><\/a><!--bestpublic-voz01--><!--desk-in-out-voz01--><br \/>\n<!--publicidad-voz02--><a href=\"https:\/\/www.hellincf.com\/\"><img decoding=\"async\" class=\"alignnone size-medium\" src=\"https:\/\/blogger.googleusercontent.com\/img\/b\/R29vZ2xl\/AVvXsEhuZ4-XfBVj3UtdP8-RZugy3WVrg-Zv28c53m4oV47qYCxL1rX_dqWX_YddsGSnpH5SRDqZ7bZeKPIfDVCDncpjVlhy3aQs2vojcJBn7Gdv9hC2_Nzct_pRFrnFE1a7KTCdY1bT_kAgnY3-iadRZrGeJf1fR2P5fu11bokx0pWjaypoy-ctwCjklldpEbA\/s1600\/logo-principal7.jpg\" width=\"100%\" height=\"100\" \/><\/a><!--bestpublic-voz02--><!--desk-in-out-voz02--><\/p>\n<p style=\"text-align: justify;\">Hasta el 25 de junio estar\u00e1 abierto el plazo para solicitar plaza en los 13 Programas Espec\u00edficos de Formaci\u00f3n Profesional que se desarrollar\u00e1n el pr\u00f3ximo curso en otros tantos IES de la regi\u00f3n y que est\u00e1n orientados al alumnado que requiere medidas de inclusi\u00f3n educativa extraordinarias asociadas a discapacidad.<\/p>\n<p style=\"text-align: justify;\">El Diario Oficial de Castilla-La Mancha de ayer 3 de junio public\u00f3 la convocatoria para el proceso de admisi\u00f3n en estos programas, en cada uno de los cuales se ofertan un m\u00e1ximo de 10 plazas y que permiten, seg\u00fan la titulaci\u00f3n que oferte cada centro, obtener cualificaci\u00f3n profesional de nivel I de Operaciones de Grabaci\u00f3n de Datos y Documentos, Actividades Auxiliares de Comercio o Actividades Auxiliares en Viveros, Jardines y Centros de Jardiner\u00eda.<\/p>\n<p style=\"text-align: justify;\">Podr\u00e1 cursarse uno de estos programas en los IES \u2018Vandelvira\u2019 y \u2018Leonardo Da Vinci \u2018de Albacete;\u00a0 \u2018Izpis\u00faa Belmonte\u2019, de Hell\u00edn; \u2018Atenea\u2019, de Ciudad Real; \u2018Berenguela de Castilla\u2019 de Bola\u00f1os de Calatrava; \u2018Comendador Juan de T\u00e1vora\u2019, de Puertollano, \u2018Gregorio Prieto\u2019, de Valdepe\u00f1as; \u2018Alfonso VIII\u2019, de Cuenca; \u2018San Isidro\u2019 de Azuqueca de Henares;\u00a0 \u2018Liceo Caracense\u2019, de Guadalajara; \u2018Julio Verne\u2019, de Bargas; \u2018Juan Antonio Castro\u2019, de Talavera de la Reina y \u2018La Ca\u00f1uela\u2019, de Yuncos.<\/p>\n<p style=\"text-align: justify;\">El objetivo de la Consejer\u00eda de Educaci\u00f3n, Cultura y Deportes es seguir mejorando tanto la oferta de Formaci\u00f3n Profesional vinculada a sectores productivos, as\u00ed como seguir garantizando una respuesta educativa inclusiva para todo el alumnado, pues de los 13 programas ofertados cinco han sido autorizados recientemente y ser\u00e1n novedad por tanto para el pr\u00f3ximo curso.<\/p>\n<p style=\"text-align: justify;\">Podr\u00e1 acceder a estas ense\u00f1anzas el alumnado que tenga cumplidos los 16 a\u00f1os, est\u00e9 matriculado en Educaci\u00f3n Secundaria Obligatoria, presente necesidades educativas especiales asociadas a discapacidad, haya requerido adaptaci\u00f3n curricular significativa, disponga de dictamen de escolarizaci\u00f3n y\u00a0 consejo orientador, y presente un nivel de autonom\u00eda personal con posibilidades de\u00a0 empleabilidad.<\/p>\n<p style=\"text-align: justify;\">Cuando exista disponibilidad de plazas, podr\u00e1n completarse los grupos con alumnado que durante el curso 2018-2019 se encontrara matriculado en un Programa de Formaci\u00f3n para la Transici\u00f3n a la Vida Adulta de Capacitaci\u00f3n o en Formaci\u00f3n Profesional B\u00e1sica, o con personas desescolarizadas que durante su escolarizaci\u00f3n hubieran cumplido los requisitos especificados anteriormente.<\/p>\n<p style=\"text-align: justify;\">Los solicitantes dispondr\u00e1n de dos v\u00edas para presentar la solicitud. En primer lugar, mediante el env\u00edo telem\u00e1tico de datos con firma electr\u00f3nica a trav\u00e9s de la Sede Electr\u00f3nica de la Administraci\u00f3n de la Junta de Comunidades de Castilla-La Mancha, en la siguiente direcci\u00f3n: https:\/\/www.jccm.es\u00a0 y, en segundo lugar, de forma presencial en el Registro de las Direcciones Provinciales de Educaci\u00f3n, Cultura y Deportes.<\/p>\n<p><!--publicidad-voz03--><a href=\"https:\/\/www.facebook.com\/profile.php?id=100063593791305&amp;locale=es_ES\"><img decoding=\"async\" class=\"alignnone size-medium\" src=\"https:\/\/blogger.googleusercontent.com\/img\/b\/R29vZ2xl\/AVvXsEi8_n_ll8UOcGxCqzFvb_9Io4ICczlGC990BPtPj2w9Px-u7B3oqWUW5vtjZUqPNJ-nyjiUIorE0ATsib_l5tV8BVN-UJ03RTnU__IHJF_4DgDBtY4LIqXNG-FomrO-7ywes20CBCRM2Hcm7EJSh3UUw1dO-c_uTflUrtgY1i7uBRezj_DpympmEFkfbQY\/s1600\/logo-principal2.jpg\" width=\"100%\" height=\"100\" \/><\/a><!--bestpublic-voz03--><!--desk-in-out-voz03--><br \/>\n<!--publicidad-voz04--><a href=\"https:\/\/www.facebook.com\/profile.php?id=61557370768692&amp;locale=es_ES\"><img decoding=\"async\" class=\"alignnone size-medium\" src=\"https:\/\/blogger.googleusercontent.com\/img\/b\/R29vZ2xl\/AVvXsEgy5RdcfffrnrItnYTcV9bCJjgJwldsQLWssfVfrLbyfXeBNTFKgBf0rMIvhrUaGUhiXzVr9_eQgCbi-j63ZDpfTvLIty9w7s140y-m1yHe7eKmEK7v2NAHUJDVYGdfeiQFeRCqUjdwWmN1MX_AUxxz4IVdJ4WIM0APxit8bjWkXzrnEFGqBvW_1F13H1g\/s1600\/logo-principal5.jpg\" width=\"100%\" height=\"100\" \/><\/a><!--bestpublic-voz04--><!--desk-in-out-voz04--><br \/>\n<!--publicidad-voz05--><a href=\"https:\/\/www.facebook.com\/asociaciontamborileroshellin?locale=es_ES\"><img decoding=\"async\" class=\"alignnone size-medium\" src=\"https:\/\/blogger.googleusercontent.com\/img\/b\/R29vZ2xl\/AVvXsEhHEEpZsKK1VpwiYMrS7aE2ujtqIDZoLd4B5wtbiseSU9s2HdTdQfhF84So2XwEB1fv0BLw95GADm6hUl1bkKtzh-eIgVigXONuu_5RxeIMPhjk8q6uNX4EaEHbooKkbu7pCADWPpVJjhKIH5NQSJpWqedC-YBez4QAQeJYokkLot9bhrIaUAeztsGis6M\/s1600\/logo-principal3.jpg\" width=\"100%\" height=\"100\" \/><\/a><!--bestpublic-voz05--><!--desk-in-out-voz05--><br \/>\n<!--publicidad-voz06--><!--bestpublic-voz06--><!--desk-in-out-voz06--><br \/>\n<!--publicidad-voz07--><!--bestpublic-voz07--><!--desk-in-out-voz07--><br \/>\n<!--publicidad-voz08--><!--bestpublic-voz08--><!--desk-in-out-voz08--><br \/>\n<!--publicidad-voz09--><!--bestpublic-voz09--><!--desk-in-out-voz09--><br \/>\n<!--publicidad-voz10--><!--bestpublic-voz10--><!--desk-in-out-voz10--><br \/>\n<!--publicidad-voz11--><!--bestpublic-voz11--><!--desk-in-out-voz11--><br \/>\n<!--publicidad-voz12--><!--bestpublic-voz12--><!--desk-in-out-voz12--><br \/>\n<!--publicidad-voz13--><!--bestpublic-voz13--><!--desk-in-out-voz13--><br \/>\n<!--publicidad-voz14--><!--bestpublic-voz14--><!--desk-in-out-voz14--><br \/>\n<!--publicidad-voz15--><!--bestpublic-voz15--><!--desk-in-out-voz15--><br \/>\n<!--publicidad-voz16--><!--bestpublic-voz16--><!--desk-in-out-voz16--><\/p>\n","protected":false},"excerpt":{"rendered":"<p>SE INICIA EL PLAZO DE ADMISI\u00d3N EN LOS PROGRAMAS ESPECIFICOS DE FP QUE OFERTAR\u00c1 EL PR\u00d3XIMO CURSO EL INSTITUTO IZPIS\u00daA BELMONTE DE HELL\u00cdN.<\/p>\n","protected":false},"author":2,"featured_media":90587,"comment_status":"closed","ping_status":"closed","sticky":false,"template":"","format":"standard","meta":{"footnotes":""},"categories":[719,718,715,716,717],"tags":[],"class_list":["post-101551","post","type-post","status-publish","format-standard","has-post-thumbnail","hentry","category-blog-lv001","category-blogger","category-la-voz-de-hellin","category-la-voz-de-hellin-la-voz-de-hellin","category-noticias"],"_links":{"self":[{"href":"https:\/\/lavozdehellin.com\/noticias\/wp-json\/wp\/v2\/posts\/101551","targetHints":{"allow":["GET"]}}],"collection":[{"href":"https:\/\/lavozdehellin.com\/noticias\/wp-json\/wp\/v2\/posts"}],"about":[{"href":"https:\/\/lavozdehellin.com\/noticias\/wp-json\/wp\/v2\/types\/post"}],"author":[{"embeddable":true,"href":"https:\/\/lavozdehellin.com\/noticias\/wp-json\/wp\/v2\/users\/2"}],"replies":[{"embeddable":true,"href":"https:\/\/lavozdehellin.com\/noticias\/wp-json\/wp\/v2\/comments?post=101551"}],"version-history":[{"count":0,"href":"https:\/\/lavozdehellin.com\/noticias\/wp-json\/wp\/v2\/posts\/101551\/revisions"}],"wp:featuredmedia":[{"embeddable":true,"href":"https:\/\/lavozdehellin.com\/noticias\/wp-json\/wp\/v2\/media\/90587"}],"wp:attachment":[{"href":"https:\/\/lavozdehellin.com\/noticias\/wp-json\/wp\/v2\/media?parent=101551"}],"wp:term":[{"taxonomy":"category","embeddable":true,"href":"https:\/\/lavozdehellin.com\/noticias\/wp-json\/wp\/v2\/categories?post=101551"},{"taxonomy":"post_tag","embeddable":true,"href":"https:\/\/lavozdehellin.com\/noticias\/wp-json\/wp\/v2\/tags?post=101551"}],"curies":[{"name":"wp","href":"https:\/\/api.w.org\/{rel}","templated":true}]}}