{"id":101559,"date":"2019-06-03T12:02:05","date_gmt":"2019-06-03T12:02:05","guid":{"rendered":"https:\/\/lavozdehellin.com\/noticias\/v00-138-la-madre-y-el-padrastro-de-un-menor-de-edad-se-enfrentan-a-la-peticion-de-6-anos-de-prision-cada-uno-como-coautores-de-tres-delitos-de-maltato-en-el-ambito-familiar-y-un-delito-de-malos-tratos\/"},"modified":"2024-01-04T14:05:33","modified_gmt":"2024-01-04T14:05:33","slug":"v00-138-la-madre-y-el-padrastro-de-un-menor-de-edad-se-enfrentan-a-la-peticion-de-6-anos-de-prision-cada-uno-como-coautores-de-tres-delitos-de-maltato-en-el-ambito-familiar-y-un-delito-de-malos-tratos","status":"publish","type":"post","link":"https:\/\/lavozdehellin.com\/noticias\/v00-138-la-madre-y-el-padrastro-de-un-menor-de-edad-se-enfrentan-a-la-peticion-de-6-anos-de-prision-cada-uno-como-coautores-de-tres-delitos-de-maltato-en-el-ambito-familiar-y-un-delito-de-malos-tratos\/","title":{"rendered":"LVH NOTICIAS | LA MADRE Y EL PADRASTRO DE UN MENOR DE EDAD SE ENFRENTAN A LA PETICI\u00d3N DE 6 A\u00d1OS DE PRISI\u00d3N CADA UNO COMO COAUTORES DE TRES DELITOS DE MALTATO EN EL \u00c1MBITO FAMILIAR Y UN DELITO DE MALOS TRATOS HABITUALES."},"content":{"rendered":"<p style=\"text-align: justify;\">La madre y el padrastro de un menor de edad se enfrentan a la petici\u00f3n de 6 a\u00f1os de prisi\u00f3n cada uno como coautores de tres delitos de maltrato en el \u00e1mbito familiar y un delito de malos tratos habituales.<\/p>\n<p><!--more--><br \/>\n<!--publicidad-voz01--><a href=\"https:\/\/www.facebook.com\/SoloRadioHellin\/?locale=es_ES\"><img decoding=\"async\" class=\"alignnone size-medium\" src=\"https:\/\/blogger.googleusercontent.com\/img\/b\/R29vZ2xl\/AVvXsEiNncirNnyGedv00mhjZjh5Wl4_YPdJGanoAl8tL8zH-HwqE8uHqjEfSt340RHdx-9tuCSIkZ8rFamZiGyYlgDGxCsmXjCH_1xk5eYM3ntFZRvJP_jndOKR7w1UAo9Tu0vrZyOLfqRpHIxYI5SymJJ-pfGCQw6QVpggBH-UgfjiFQ2JOxqxG0Jx94kW83c\/s1600\/logo-principal.jpg\" width=\"100%\" height=\"100\" \/><\/a><!--bestpublic-voz01--><!--desk-in-out-voz01--><br \/>\n<!--publicidad-voz02--><a href=\"https:\/\/www.hellincf.com\/\"><img decoding=\"async\" class=\"alignnone size-medium\" src=\"https:\/\/blogger.googleusercontent.com\/img\/b\/R29vZ2xl\/AVvXsEhuZ4-XfBVj3UtdP8-RZugy3WVrg-Zv28c53m4oV47qYCxL1rX_dqWX_YddsGSnpH5SRDqZ7bZeKPIfDVCDncpjVlhy3aQs2vojcJBn7Gdv9hC2_Nzct_pRFrnFE1a7KTCdY1bT_kAgnY3-iadRZrGeJf1fR2P5fu11bokx0pWjaypoy-ctwCjklldpEbA\/s1600\/logo-principal7.jpg\" width=\"100%\" height=\"100\" \/><\/a><!--bestpublic-voz02--><!--desk-in-out-voz02--><\/p>\n<p style=\"text-align: justify;\">Sera este jueves, en el juzgado de lo penal n\u00famero uno de Albacete cuando se celebre este juicio por los hechos que ocurr\u00edan entre los a\u00f1os 2014 y 2015.<\/p>\n<p style=\"text-align: justify;\">Seg\u00fan se refleja en el informe de la fiscal\u00eda provincial, los acusados, padrastro y madre del menor, obrando con completo desprecio al v\u00ednculo familiar que les une, de forma continua y desde 2014, cuando el menor contaba con menos de 2 a\u00f1os de edad, comenzaron a hacer objeto a su hijo de actos intimidatorios y atentatorios contra su integridad corporal.<\/p>\n<p style=\"text-align: justify;\">Hechos por los que el menor tuvo que recibir atenci\u00f3n facultativa hasta en tres ocasiones.<\/p>\n<p style=\"text-align: justify;\">El 16 de marzo de 2014 la pareja llevo al menor al Hospital de Hell\u00edn por un traumatismo directo en el hombro, argumentando que se cay\u00f3 de un columpio.<\/p>\n<p style=\"text-align: justify;\">El 15 de enero del a\u00f1o siguiente, nuevamente llevaron al menor al centro de Salud numero dos afectado por desgarro de la piel del pene, de lo que los acusados aseguraban no saber c\u00f3mo se lo hizo.<\/p>\n<p style=\"text-align: justify;\">Y el 13 de marzo de este mismo a\u00f1o, nuevamente el menor tuvo que ser atendido en el centro de salud numero dos porque, seg\u00fan los acusados se hab\u00eda ca\u00eddo, d\u00e1ndose un golpe con la barandilla en la cara.<\/p>\n<p style=\"text-align: justify;\">Esta situaci\u00f3n llevo a la pediatra de guardia a comunicar a los Servicios Sociales del Ayuntamiento la situaci\u00f3n del menor, activ\u00e1ndose el protocolo por desamparo y asunci\u00f3n de tutela del menor, asumiendo por parte de la consejer\u00eda de sanidad su tutela y siendo acogido en el centro de atenci\u00f3n y breve estancia Arco Iris de Albacete.<\/p>\n<p style=\"text-align: justify;\">Para la Fiscal\u00eda estos hechos cometidos por los acusados en concepto de coautores son constitutivos de tres delitos de maltrato en el \u00e1mbito familiar y un delito de malos tratos habituales tambi\u00e9n en el \u00e1mbito familiar, por lo que solicita para cada uno de los acusados un a\u00f1o de prisi\u00f3n por cada uno de los delitos de maltrato en el \u00e1mbito familiar as\u00ed como otros 3 a\u00f1os por el delito de malos tratos habituales.<\/p>\n<p style=\"text-align: justify;\">Tambi\u00e9n pide la inhabilitaci\u00f3n especial para el ejercicio de la patria potestad, tutela, guarda o acogimiento del menor por un tiempo de 5 a\u00f1os.<\/p>\n<p><!--publicidad-voz03--><a href=\"https:\/\/www.facebook.com\/profile.php?id=100063593791305&amp;locale=es_ES\"><img decoding=\"async\" class=\"alignnone size-medium\" src=\"https:\/\/blogger.googleusercontent.com\/img\/b\/R29vZ2xl\/AVvXsEi8_n_ll8UOcGxCqzFvb_9Io4ICczlGC990BPtPj2w9Px-u7B3oqWUW5vtjZUqPNJ-nyjiUIorE0ATsib_l5tV8BVN-UJ03RTnU__IHJF_4DgDBtY4LIqXNG-FomrO-7ywes20CBCRM2Hcm7EJSh3UUw1dO-c_uTflUrtgY1i7uBRezj_DpympmEFkfbQY\/s1600\/logo-principal2.jpg\" width=\"100%\" height=\"100\" \/><\/a><!--bestpublic-voz03--><!--desk-in-out-voz03--><br \/>\n<!--publicidad-voz04--><a href=\"https:\/\/www.facebook.com\/profile.php?id=61557370768692&amp;locale=es_ES\"><img decoding=\"async\" class=\"alignnone size-medium\" src=\"https:\/\/blogger.googleusercontent.com\/img\/b\/R29vZ2xl\/AVvXsEgy5RdcfffrnrItnYTcV9bCJjgJwldsQLWssfVfrLbyfXeBNTFKgBf0rMIvhrUaGUhiXzVr9_eQgCbi-j63ZDpfTvLIty9w7s140y-m1yHe7eKmEK7v2NAHUJDVYGdfeiQFeRCqUjdwWmN1MX_AUxxz4IVdJ4WIM0APxit8bjWkXzrnEFGqBvW_1F13H1g\/s1600\/logo-principal5.jpg\" width=\"100%\" height=\"100\" \/><\/a><!--bestpublic-voz04--><!--desk-in-out-voz04--><br \/>\n<!--publicidad-voz05--><a href=\"https:\/\/www.facebook.com\/asociaciontamborileroshellin?locale=es_ES\"><img decoding=\"async\" class=\"alignnone size-medium\" src=\"https:\/\/blogger.googleusercontent.com\/img\/b\/R29vZ2xl\/AVvXsEhHEEpZsKK1VpwiYMrS7aE2ujtqIDZoLd4B5wtbiseSU9s2HdTdQfhF84So2XwEB1fv0BLw95GADm6hUl1bkKtzh-eIgVigXONuu_5RxeIMPhjk8q6uNX4EaEHbooKkbu7pCADWPpVJjhKIH5NQSJpWqedC-YBez4QAQeJYokkLot9bhrIaUAeztsGis6M\/s1600\/logo-principal3.jpg\" width=\"100%\" height=\"100\" \/><\/a><!--bestpublic-voz05--><!--desk-in-out-voz05--><br \/>\n<!--publicidad-voz06--><!--bestpublic-voz06--><!--desk-in-out-voz06--><br \/>\n<!--publicidad-voz07--><!--bestpublic-voz07--><!--desk-in-out-voz07--><br \/>\n<!--publicidad-voz08--><!--bestpublic-voz08--><!--desk-in-out-voz08--><br \/>\n<!--publicidad-voz09--><!--bestpublic-voz09--><!--desk-in-out-voz09--><br \/>\n<!--publicidad-voz10--><!--bestpublic-voz10--><!--desk-in-out-voz10--><br \/>\n<!--publicidad-voz11--><!--bestpublic-voz11--><!--desk-in-out-voz11--><br \/>\n<!--publicidad-voz12--><!--bestpublic-voz12--><!--desk-in-out-voz12--><br \/>\n<!--publicidad-voz13--><!--bestpublic-voz13--><!--desk-in-out-voz13--><br \/>\n<!--publicidad-voz14--><!--bestpublic-voz14--><!--desk-in-out-voz14--><br \/>\n<!--publicidad-voz15--><!--bestpublic-voz15--><!--desk-in-out-voz15--><br \/>\n<!--publicidad-voz16--><!--bestpublic-voz16--><!--desk-in-out-voz16--><\/p>\n","protected":false},"excerpt":{"rendered":"<p>LA MADRE Y EL PADRASTRO DE UN MENOR DE EDAD SE ENFRENTAN A LA PETICI\u00d3N DE 6 A\u00d1OS DE PRISI\u00d3N CADA UNO COMO COAUTORES DE TRES DELITOS DE MALTATO EN EL \u00c1MBITO FAMILIAR Y UN DELITO DE MALOS TRATOS HABITUALES.<\/p>\n","protected":false},"author":2,"featured_media":90585,"comment_status":"closed","ping_status":"closed","sticky":false,"template":"","format":"standard","meta":{"footnotes":""},"categories":[719,718,715,716,717],"tags":[],"class_list":["post-101559","post","type-post","status-publish","format-standard","has-post-thumbnail","hentry","category-blog-lv001","category-blogger","category-la-voz-de-hellin","category-la-voz-de-hellin-la-voz-de-hellin","category-noticias"],"_links":{"self":[{"href":"https:\/\/lavozdehellin.com\/noticias\/wp-json\/wp\/v2\/posts\/101559","targetHints":{"allow":["GET"]}}],"collection":[{"href":"https:\/\/lavozdehellin.com\/noticias\/wp-json\/wp\/v2\/posts"}],"about":[{"href":"https:\/\/lavozdehellin.com\/noticias\/wp-json\/wp\/v2\/types\/post"}],"author":[{"embeddable":true,"href":"https:\/\/lavozdehellin.com\/noticias\/wp-json\/wp\/v2\/users\/2"}],"replies":[{"embeddable":true,"href":"https:\/\/lavozdehellin.com\/noticias\/wp-json\/wp\/v2\/comments?post=101559"}],"version-history":[{"count":0,"href":"https:\/\/lavozdehellin.com\/noticias\/wp-json\/wp\/v2\/posts\/101559\/revisions"}],"wp:featuredmedia":[{"embeddable":true,"href":"https:\/\/lavozdehellin.com\/noticias\/wp-json\/wp\/v2\/media\/90585"}],"wp:attachment":[{"href":"https:\/\/lavozdehellin.com\/noticias\/wp-json\/wp\/v2\/media?parent=101559"}],"wp:term":[{"taxonomy":"category","embeddable":true,"href":"https:\/\/lavozdehellin.com\/noticias\/wp-json\/wp\/v2\/categories?post=101559"},{"taxonomy":"post_tag","embeddable":true,"href":"https:\/\/lavozdehellin.com\/noticias\/wp-json\/wp\/v2\/tags?post=101559"}],"curies":[{"name":"wp","href":"https:\/\/api.w.org\/{rel}","templated":true}]}}