{"id":101564,"date":"2019-06-03T10:21:48","date_gmt":"2019-06-03T10:21:48","guid":{"rendered":"https:\/\/lavozdehellin.com\/noticias\/v00-143-la-agrupacion-electores-hellin-decide-aceptar-la-propuesta-del-psoe-de-sentarse-en-la-tarde-de-hoy-lunes-3-de-junio-en-una-posible-mesa-de-negociacion-de-cara-a-la-formacion-de-nuevo-gobierno\/"},"modified":"2024-01-04T14:05:33","modified_gmt":"2024-01-04T14:05:33","slug":"v00-143-la-agrupacion-electores-hellin-decide-aceptar-la-propuesta-del-psoe-de-sentarse-en-la-tarde-de-hoy-lunes-3-de-junio-en-una-posible-mesa-de-negociacion-de-cara-a-la-formacion-de-nuevo-gobierno","status":"publish","type":"post","link":"https:\/\/lavozdehellin.com\/noticias\/v00-143-la-agrupacion-electores-hellin-decide-aceptar-la-propuesta-del-psoe-de-sentarse-en-la-tarde-de-hoy-lunes-3-de-junio-en-una-posible-mesa-de-negociacion-de-cara-a-la-formacion-de-nuevo-gobierno\/","title":{"rendered":"LVH NOTICIAS | LA AGRUPACI\u00d3N ELECTORES HELL\u00cdN DECIDE ACEPTAR LA PROPUESTA DEL PSOE DE SENTARSE, EN LA TARDE DE HOY LUNES 3 DE JUNIO, EN UNA POSIBLE MESA DE NEGOCIACI\u00d3N, DE CARA A LA FORMACI\u00d3N DE NUEVO GOBIERNO MUNICIPAL."},"content":{"rendered":"<p style=\"text-align: justify;\">La Agrupaci\u00f3n de Electores Hell\u00edn decide aceptar la propuesta del PSOE de sentarse, en la tarde de hoy lunes 3 de junio, en una posible mesa de negociaci\u00f3n, de cara a la formaci\u00f3n de nuevo Gobierno Municipal.<\/p>\n<p><!--more--><br \/>\n<!--publicidad-voz01--><a href=\"https:\/\/www.facebook.com\/SoloRadioHellin\/?locale=es_ES\"><img decoding=\"async\" class=\"alignnone size-medium\" src=\"https:\/\/blogger.googleusercontent.com\/img\/b\/R29vZ2xl\/AVvXsEiNncirNnyGedv00mhjZjh5Wl4_YPdJGanoAl8tL8zH-HwqE8uHqjEfSt340RHdx-9tuCSIkZ8rFamZiGyYlgDGxCsmXjCH_1xk5eYM3ntFZRvJP_jndOKR7w1UAo9Tu0vrZyOLfqRpHIxYI5SymJJ-pfGCQw6QVpggBH-UgfjiFQ2JOxqxG0Jx94kW83c\/s1600\/logo-principal.jpg\" width=\"100%\" height=\"100\" \/><\/a><!--bestpublic-voz01--><!--desk-in-out-voz01--><br \/>\n<!--publicidad-voz02--><a href=\"https:\/\/www.hellincf.com\/\"><img decoding=\"async\" class=\"alignnone size-medium\" src=\"https:\/\/blogger.googleusercontent.com\/img\/b\/R29vZ2xl\/AVvXsEhuZ4-XfBVj3UtdP8-RZugy3WVrg-Zv28c53m4oV47qYCxL1rX_dqWX_YddsGSnpH5SRDqZ7bZeKPIfDVCDncpjVlhy3aQs2vojcJBn7Gdv9hC2_Nzct_pRFrnFE1a7KTCdY1bT_kAgnY3-iadRZrGeJf1fR2P5fu11bokx0pWjaypoy-ctwCjklldpEbA\/s1600\/logo-principal7.jpg\" width=\"100%\" height=\"100\" \/><\/a><!--bestpublic-voz02--><!--desk-in-out-voz02--><\/p>\n<p style=\"text-align: justify;\">La semana pasada la Agrupaci\u00f3n Electores Hell\u00edn se reuni\u00f3 para definir la actuaci\u00f3n a seguir de cara a la formaci\u00f3n del gobierno municipal. Tras el ofrecimiento de sentarse a hablar por parte de Manuel Serena, del PP, y Ram\u00f3n Garc\u00eda, del PSOE, se decidi\u00f3 por consenso, en primer lugar, declinar la opci\u00f3n del Partido Popular por las caracter\u00edsticas de los partidos que podr\u00edan entrar a este gobierno de coalici\u00f3n. La Agrupaci\u00f3n Electores Hell\u00edn decidi\u00f3 por su parte aceptar la propuesta del PSOE de sentarse a formar una posible mesa de negociaci\u00f3n, donde su formaci\u00f3n pondr\u00e1 sobre la mesa nuestra independencia program\u00e1tica de cara a evaluar posibles apoyos o formas de gobierno en Hell\u00edn. Hoy lunes, por la tarde, se producir\u00e1 esta primera reuni\u00f3n oficial.<\/p>\n<p><!--publicidad-voz03--><a href=\"https:\/\/www.facebook.com\/profile.php?id=100063593791305&amp;locale=es_ES\"><img decoding=\"async\" class=\"alignnone size-medium\" src=\"https:\/\/blogger.googleusercontent.com\/img\/b\/R29vZ2xl\/AVvXsEi8_n_ll8UOcGxCqzFvb_9Io4ICczlGC990BPtPj2w9Px-u7B3oqWUW5vtjZUqPNJ-nyjiUIorE0ATsib_l5tV8BVN-UJ03RTnU__IHJF_4DgDBtY4LIqXNG-FomrO-7ywes20CBCRM2Hcm7EJSh3UUw1dO-c_uTflUrtgY1i7uBRezj_DpympmEFkfbQY\/s1600\/logo-principal2.jpg\" width=\"100%\" height=\"100\" \/><\/a><!--bestpublic-voz03--><!--desk-in-out-voz03--><br \/>\n<!--publicidad-voz04--><a href=\"https:\/\/www.facebook.com\/profile.php?id=61557370768692&amp;locale=es_ES\"><img decoding=\"async\" class=\"alignnone size-medium\" src=\"https:\/\/blogger.googleusercontent.com\/img\/b\/R29vZ2xl\/AVvXsEgy5RdcfffrnrItnYTcV9bCJjgJwldsQLWssfVfrLbyfXeBNTFKgBf0rMIvhrUaGUhiXzVr9_eQgCbi-j63ZDpfTvLIty9w7s140y-m1yHe7eKmEK7v2NAHUJDVYGdfeiQFeRCqUjdwWmN1MX_AUxxz4IVdJ4WIM0APxit8bjWkXzrnEFGqBvW_1F13H1g\/s1600\/logo-principal5.jpg\" width=\"100%\" height=\"100\" \/><\/a><!--bestpublic-voz04--><!--desk-in-out-voz04--><br \/>\n<!--publicidad-voz05--><a href=\"https:\/\/www.facebook.com\/asociaciontamborileroshellin?locale=es_ES\"><img decoding=\"async\" class=\"alignnone size-medium\" src=\"https:\/\/blogger.googleusercontent.com\/img\/b\/R29vZ2xl\/AVvXsEhHEEpZsKK1VpwiYMrS7aE2ujtqIDZoLd4B5wtbiseSU9s2HdTdQfhF84So2XwEB1fv0BLw95GADm6hUl1bkKtzh-eIgVigXONuu_5RxeIMPhjk8q6uNX4EaEHbooKkbu7pCADWPpVJjhKIH5NQSJpWqedC-YBez4QAQeJYokkLot9bhrIaUAeztsGis6M\/s1600\/logo-principal3.jpg\" width=\"100%\" height=\"100\" \/><\/a><!--bestpublic-voz05--><!--desk-in-out-voz05--><br \/>\n<!--publicidad-voz06--><!--bestpublic-voz06--><!--desk-in-out-voz06--><br \/>\n<!--publicidad-voz07--><!--bestpublic-voz07--><!--desk-in-out-voz07--><br \/>\n<!--publicidad-voz08--><!--bestpublic-voz08--><!--desk-in-out-voz08--><br \/>\n<!--publicidad-voz09--><!--bestpublic-voz09--><!--desk-in-out-voz09--><br \/>\n<!--publicidad-voz10--><!--bestpublic-voz10--><!--desk-in-out-voz10--><br \/>\n<!--publicidad-voz11--><!--bestpublic-voz11--><!--desk-in-out-voz11--><br \/>\n<!--publicidad-voz12--><!--bestpublic-voz12--><!--desk-in-out-voz12--><br \/>\n<!--publicidad-voz13--><!--bestpublic-voz13--><!--desk-in-out-voz13--><br \/>\n<!--publicidad-voz14--><!--bestpublic-voz14--><!--desk-in-out-voz14--><br \/>\n<!--publicidad-voz15--><!--bestpublic-voz15--><!--desk-in-out-voz15--><br \/>\n<!--publicidad-voz16--><!--bestpublic-voz16--><!--desk-in-out-voz16--><\/p>\n","protected":false},"excerpt":{"rendered":"<p>LA AGRUPACI\u00d3N ELECTORES HELL\u00cdN DECIDE ACEPTAR LA PROPUESTA DEL PSOE DE SENTARSE, EN LA TARDE DE HOY LUNES 3 DE JUNIO, EN UNA POSIBLE MESA DE NEGOCIACI\u00d3N, DE CARA A LA FORMACI\u00d3N DE NUEVO GOBIERNO MUNICIPAL.<\/p>\n","protected":false},"author":2,"featured_media":90588,"comment_status":"closed","ping_status":"closed","sticky":false,"template":"","format":"standard","meta":{"footnotes":""},"categories":[719,718,715,716,717],"tags":[],"class_list":["post-101564","post","type-post","status-publish","format-standard","has-post-thumbnail","hentry","category-blog-lv001","category-blogger","category-la-voz-de-hellin","category-la-voz-de-hellin-la-voz-de-hellin","category-noticias"],"_links":{"self":[{"href":"https:\/\/lavozdehellin.com\/noticias\/wp-json\/wp\/v2\/posts\/101564","targetHints":{"allow":["GET"]}}],"collection":[{"href":"https:\/\/lavozdehellin.com\/noticias\/wp-json\/wp\/v2\/posts"}],"about":[{"href":"https:\/\/lavozdehellin.com\/noticias\/wp-json\/wp\/v2\/types\/post"}],"author":[{"embeddable":true,"href":"https:\/\/lavozdehellin.com\/noticias\/wp-json\/wp\/v2\/users\/2"}],"replies":[{"embeddable":true,"href":"https:\/\/lavozdehellin.com\/noticias\/wp-json\/wp\/v2\/comments?post=101564"}],"version-history":[{"count":0,"href":"https:\/\/lavozdehellin.com\/noticias\/wp-json\/wp\/v2\/posts\/101564\/revisions"}],"wp:featuredmedia":[{"embeddable":true,"href":"https:\/\/lavozdehellin.com\/noticias\/wp-json\/wp\/v2\/media\/90588"}],"wp:attachment":[{"href":"https:\/\/lavozdehellin.com\/noticias\/wp-json\/wp\/v2\/media?parent=101564"}],"wp:term":[{"taxonomy":"category","embeddable":true,"href":"https:\/\/lavozdehellin.com\/noticias\/wp-json\/wp\/v2\/categories?post=101564"},{"taxonomy":"post_tag","embeddable":true,"href":"https:\/\/lavozdehellin.com\/noticias\/wp-json\/wp\/v2\/tags?post=101564"}],"curies":[{"name":"wp","href":"https:\/\/api.w.org\/{rel}","templated":true}]}}