{"id":101565,"date":"2019-06-03T10:15:28","date_gmt":"2019-06-03T10:15:28","guid":{"rendered":"https:\/\/lavozdehellin.com\/noticias\/v00-144-ayna-cerro-la-primera-fase-de-la-temporada-de-senderismo-con-la-diputacion\/"},"modified":"2024-01-04T14:05:34","modified_gmt":"2024-01-04T14:05:34","slug":"v00-144-ayna-cerro-la-primera-fase-de-la-temporada-de-senderismo-con-la-diputacion","status":"publish","type":"post","link":"https:\/\/lavozdehellin.com\/noticias\/v00-144-ayna-cerro-la-primera-fase-de-la-temporada-de-senderismo-con-la-diputacion\/","title":{"rendered":"LVH NOTICIAS | AYNA CERR\u00d3 LA PRIMERA FASE DE LA TEMPORADA DE SENDERISMO CON LA DIPUTACI\u00d3N."},"content":{"rendered":"<p style=\"text-align: justify;\">Este s\u00e1bado, d\u00eda 1 de junio, tuvo lugar la XXIII prueba de la sexta edici\u00f3n de las rutas de senderismo que organiza la Diputaci\u00f3n Provincial de Albacete, para promocionar tanto el turismo, como el deporte y la cultura que ofrecen nuestros pueblos. La cita transcurri\u00f3 en la Sierra del Segura, en Ayna.<\/p>\n<p><!--more--><br \/>\n<!--publicidad-voz01--><a href=\"https:\/\/www.facebook.com\/SoloRadioHellin\/?locale=es_ES\"><img decoding=\"async\" class=\"alignnone size-medium\" src=\"https:\/\/blogger.googleusercontent.com\/img\/b\/R29vZ2xl\/AVvXsEiNncirNnyGedv00mhjZjh5Wl4_YPdJGanoAl8tL8zH-HwqE8uHqjEfSt340RHdx-9tuCSIkZ8rFamZiGyYlgDGxCsmXjCH_1xk5eYM3ntFZRvJP_jndOKR7w1UAo9Tu0vrZyOLfqRpHIxYI5SymJJ-pfGCQw6QVpggBH-UgfjiFQ2JOxqxG0Jx94kW83c\/s1600\/logo-principal.jpg\" width=\"100%\" height=\"100\" \/><\/a><!--bestpublic-voz01--><!--desk-in-out-voz01--><br \/>\n<!--publicidad-voz02--><a href=\"https:\/\/www.hellincf.com\/\"><img decoding=\"async\" class=\"alignnone size-medium\" src=\"https:\/\/blogger.googleusercontent.com\/img\/b\/R29vZ2xl\/AVvXsEhuZ4-XfBVj3UtdP8-RZugy3WVrg-Zv28c53m4oV47qYCxL1rX_dqWX_YddsGSnpH5SRDqZ7bZeKPIfDVCDncpjVlhy3aQs2vojcJBn7Gdv9hC2_Nzct_pRFrnFE1a7KTCdY1bT_kAgnY3-iadRZrGeJf1fR2P5fu11bokx0pWjaypoy-ctwCjklldpEbA\/s1600\/logo-principal7.jpg\" width=\"100%\" height=\"100\" \/><\/a><!--bestpublic-voz02--><!--desk-in-out-voz02--><\/p>\n<p style=\"text-align: justify;\">Los participantes recorrieron la ruta denominada \u201cLos Picarzos\u201d, circular, de 16 kil\u00f3metros de distancia, de dificultad alta y cinco horas de duraci\u00f3n.\u00a0Desped\u00eda esta prueba la primera parte de las rutas senderistas y lo hac\u00eda por todo lo alto. Comenzaban con el d\u00eda soldado y alrededor las 8:30 h comenzaron la ruta en lo m\u00e1s profundo de la garganta que\u00a0forma el r\u00edo Mundo, en Ayna como uno de los parajes m\u00e1s pintorescos y singulares de la zona.<\/p>\n<p style=\"text-align: justify;\">Para ir entrando en calor comenzaron ascendiendo por los restos de una calzada romana, que tiene un importante desnivel, y que les conducir\u00e1 al estrecho del \u201cGargant\u00f3n\u201d junto al mirador del Diablo, desde donde se observa el valle en todo su esplendor y frente a la gran mole caliza de Los Picarzos que da nombre a esta ruta. Tras el deleite de las vistas continuaron por una pista forestal varios kil\u00f3metros con unas espectaculares vistas hasta llegar a \u201cLa Fuente de la Parra\u201d donde almorzaron, oyendo el discurrir pausado del agua, una zona acondicionada con bancos, mesas y barbacoas.<\/p>\n<p style=\"text-align: justify;\">Retrocedieron unos cientos de metros para seguir la ruta bajando por una preciosa senda hasta la aldea del Arroyo de los Gatos siguiendo las indicaciones del GR 6, enclavada en un espectacular rinc\u00f3n con unas impresionantes vistas, aunque una pena que este abandonada. As\u00ed y con el sol ya apretando se adentraron en un bosque de pinos, por una senda que acabar\u00eda en un zigzag con gran desnivel hasta llegar a Royo Odrea, aldea de espectacular belleza situada en una ladera de gran pendiente junto al r\u00edo Mundo, donde la organizaci\u00f3n les ten\u00eda preparado un refrigerio a base de paloma fresquita y hojuelas hechas por mujeres del Pontarr\u00f3n.<\/p>\n<p style=\"text-align: justify;\">Tras el refrigerio bajaron para cruzar al otro lado del r\u00edo y subir hasta otro mirador, el de \u201cLos Infernos\u201d, este mirador que pr\u00e1cticamente est\u00e1 en el aire encima del rio Mundo, con unas espectaculares panor\u00e1micas de la aldea de Royo Odrea y las pe\u00f1as \u201cdel Prao\u201d y \u201cel Pico\u201d.<\/p>\n<p style=\"text-align: justify;\">Desde aqu\u00ed, coger\u00edan una preciosa senda para descender hasta el manantial del Lentisco Macho y desviarse a la izquierda y bajar hacia el r\u00edo Mundo siguiendo las indicaciones del GR 67 donde llegar\u00edan a la zona de la Fuensanta. A partir de ah\u00ed, entre una densa vegetaci\u00f3n, seguir\u00edan la senda por la ribera del r\u00edo Mundo hasta llegar al pueblo, donde ascender\u00edan por una gran pendiente hasta el municipio, donde a la sombra al lado de la piscina, de nuevo el Ayuntamiento, les ten\u00eda preparado un aperitivo con bebida fr\u00eda, tan agradecida despu\u00e9s del esfuerzo. Tras la merecida comida, hicieron una visita guiada por el pueblo de Ayna.<\/p>\n<p style=\"text-align: justify;\">Impresionante ruta por la Sierra del Segura, de gran inter\u00e9s natural y cultural, que ha hecho disfrutar a los cincuenta participantes de esta actividad, gracias a la iniciativa de la Diputaci\u00f3n Provincial de Albacete.<\/p>\n<p style=\"text-align: justify;\">La siguiente cita ser\u00e1 una vez pasada la temporada estival, el s\u00e1bado d\u00eda 21 de septiembre en Nerpio, una prueba denominada \u201cEl Zarzalar\u201d, circular, de una dificultad media, con 10 kil\u00f3metros de distancia y unas cinco horas de duraci\u00f3n.<\/p>\n<p><!--publicidad-voz03--><a href=\"https:\/\/www.facebook.com\/profile.php?id=100063593791305&amp;locale=es_ES\"><img decoding=\"async\" class=\"alignnone size-medium\" src=\"https:\/\/blogger.googleusercontent.com\/img\/b\/R29vZ2xl\/AVvXsEi8_n_ll8UOcGxCqzFvb_9Io4ICczlGC990BPtPj2w9Px-u7B3oqWUW5vtjZUqPNJ-nyjiUIorE0ATsib_l5tV8BVN-UJ03RTnU__IHJF_4DgDBtY4LIqXNG-FomrO-7ywes20CBCRM2Hcm7EJSh3UUw1dO-c_uTflUrtgY1i7uBRezj_DpympmEFkfbQY\/s1600\/logo-principal2.jpg\" width=\"100%\" height=\"100\" \/><\/a><!--bestpublic-voz03--><!--desk-in-out-voz03--><br \/>\n<!--publicidad-voz04--><a href=\"https:\/\/www.facebook.com\/profile.php?id=61557370768692&amp;locale=es_ES\"><img decoding=\"async\" class=\"alignnone size-medium\" src=\"https:\/\/blogger.googleusercontent.com\/img\/b\/R29vZ2xl\/AVvXsEgy5RdcfffrnrItnYTcV9bCJjgJwldsQLWssfVfrLbyfXeBNTFKgBf0rMIvhrUaGUhiXzVr9_eQgCbi-j63ZDpfTvLIty9w7s140y-m1yHe7eKmEK7v2NAHUJDVYGdfeiQFeRCqUjdwWmN1MX_AUxxz4IVdJ4WIM0APxit8bjWkXzrnEFGqBvW_1F13H1g\/s1600\/logo-principal5.jpg\" width=\"100%\" height=\"100\" \/><\/a><!--bestpublic-voz04--><!--desk-in-out-voz04--><br \/>\n<!--publicidad-voz05--><a href=\"https:\/\/www.facebook.com\/asociaciontamborileroshellin?locale=es_ES\"><img decoding=\"async\" class=\"alignnone size-medium\" src=\"https:\/\/blogger.googleusercontent.com\/img\/b\/R29vZ2xl\/AVvXsEhHEEpZsKK1VpwiYMrS7aE2ujtqIDZoLd4B5wtbiseSU9s2HdTdQfhF84So2XwEB1fv0BLw95GADm6hUl1bkKtzh-eIgVigXONuu_5RxeIMPhjk8q6uNX4EaEHbooKkbu7pCADWPpVJjhKIH5NQSJpWqedC-YBez4QAQeJYokkLot9bhrIaUAeztsGis6M\/s1600\/logo-principal3.jpg\" width=\"100%\" height=\"100\" \/><\/a><!--bestpublic-voz05--><!--desk-in-out-voz05--><br \/>\n<!--publicidad-voz06--><!--bestpublic-voz06--><!--desk-in-out-voz06--><br \/>\n<!--publicidad-voz07--><!--bestpublic-voz07--><!--desk-in-out-voz07--><br \/>\n<!--publicidad-voz08--><!--bestpublic-voz08--><!--desk-in-out-voz08--><br \/>\n<!--publicidad-voz09--><!--bestpublic-voz09--><!--desk-in-out-voz09--><br \/>\n<!--publicidad-voz10--><!--bestpublic-voz10--><!--desk-in-out-voz10--><br \/>\n<!--publicidad-voz11--><!--bestpublic-voz11--><!--desk-in-out-voz11--><br \/>\n<!--publicidad-voz12--><!--bestpublic-voz12--><!--desk-in-out-voz12--><br \/>\n<!--publicidad-voz13--><!--bestpublic-voz13--><!--desk-in-out-voz13--><br \/>\n<!--publicidad-voz14--><!--bestpublic-voz14--><!--desk-in-out-voz14--><br \/>\n<!--publicidad-voz15--><!--bestpublic-voz15--><!--desk-in-out-voz15--><br \/>\n<!--publicidad-voz16--><!--bestpublic-voz16--><!--desk-in-out-voz16--><\/p>\n","protected":false},"excerpt":{"rendered":"<p>AYNA CERR\u00d3 LA PRIMERA FASE DE LA TEMPORADA DE SENDERISMO CON LA DIPUTACI\u00d3N.<\/p>\n","protected":false},"author":2,"featured_media":90586,"comment_status":"closed","ping_status":"closed","sticky":false,"template":"","format":"standard","meta":{"footnotes":""},"categories":[719,718,715,716,717],"tags":[],"class_list":["post-101565","post","type-post","status-publish","format-standard","has-post-thumbnail","hentry","category-blog-lv001","category-blogger","category-la-voz-de-hellin","category-la-voz-de-hellin-la-voz-de-hellin","category-noticias"],"_links":{"self":[{"href":"https:\/\/lavozdehellin.com\/noticias\/wp-json\/wp\/v2\/posts\/101565","targetHints":{"allow":["GET"]}}],"collection":[{"href":"https:\/\/lavozdehellin.com\/noticias\/wp-json\/wp\/v2\/posts"}],"about":[{"href":"https:\/\/lavozdehellin.com\/noticias\/wp-json\/wp\/v2\/types\/post"}],"author":[{"embeddable":true,"href":"https:\/\/lavozdehellin.com\/noticias\/wp-json\/wp\/v2\/users\/2"}],"replies":[{"embeddable":true,"href":"https:\/\/lavozdehellin.com\/noticias\/wp-json\/wp\/v2\/comments?post=101565"}],"version-history":[{"count":0,"href":"https:\/\/lavozdehellin.com\/noticias\/wp-json\/wp\/v2\/posts\/101565\/revisions"}],"wp:featuredmedia":[{"embeddable":true,"href":"https:\/\/lavozdehellin.com\/noticias\/wp-json\/wp\/v2\/media\/90586"}],"wp:attachment":[{"href":"https:\/\/lavozdehellin.com\/noticias\/wp-json\/wp\/v2\/media?parent=101565"}],"wp:term":[{"taxonomy":"category","embeddable":true,"href":"https:\/\/lavozdehellin.com\/noticias\/wp-json\/wp\/v2\/categories?post=101565"},{"taxonomy":"post_tag","embeddable":true,"href":"https:\/\/lavozdehellin.com\/noticias\/wp-json\/wp\/v2\/tags?post=101565"}],"curies":[{"name":"wp","href":"https:\/\/api.w.org\/{rel}","templated":true}]}}