{"id":101568,"date":"2019-06-03T09:10:05","date_gmt":"2019-06-03T09:10:05","guid":{"rendered":"https:\/\/lavozdehellin.com\/noticias\/v00-147-el-ayuntamiento-de-hellin-abre-plazo-de-inscripcion-al-programa-de-actividades-deportivas-y-cursos-de-verano-2019\/"},"modified":"2024-01-04T14:05:34","modified_gmt":"2024-01-04T14:05:34","slug":"v00-147-el-ayuntamiento-de-hellin-abre-plazo-de-inscripcion-al-programa-de-actividades-deportivas-y-cursos-de-verano-2019","status":"publish","type":"post","link":"https:\/\/lavozdehellin.com\/noticias\/v00-147-el-ayuntamiento-de-hellin-abre-plazo-de-inscripcion-al-programa-de-actividades-deportivas-y-cursos-de-verano-2019\/","title":{"rendered":"LVH NOTICIAS | EL AYUNTAMIENTO DE HELL\u00cdN ABRE PLAZO DE INSCRIPCI\u00d3N AL PROGRAMA DE ACTIVIDADES DEPORTIVAS Y CURSOS DE VERANO 2019"},"content":{"rendered":"<p style=\"text-align: justify;\">El Ayuntamiento de Hell\u00edn abre plazo de inscripci\u00f3n al programa de actividades deportivas y cursos de verano 2019.<\/p>\n<p><!--more--><br \/>\n<!--publicidad-voz01--><a href=\"https:\/\/www.facebook.com\/SoloRadioHellin\/?locale=es_ES\"><img decoding=\"async\" class=\"alignnone size-medium\" src=\"https:\/\/blogger.googleusercontent.com\/img\/b\/R29vZ2xl\/AVvXsEiNncirNnyGedv00mhjZjh5Wl4_YPdJGanoAl8tL8zH-HwqE8uHqjEfSt340RHdx-9tuCSIkZ8rFamZiGyYlgDGxCsmXjCH_1xk5eYM3ntFZRvJP_jndOKR7w1UAo9Tu0vrZyOLfqRpHIxYI5SymJJ-pfGCQw6QVpggBH-UgfjiFQ2JOxqxG0Jx94kW83c\/s1600\/logo-principal.jpg\" width=\"100%\" height=\"100\" \/><\/a><!--bestpublic-voz01--><!--desk-in-out-voz01--><br \/>\n<!--publicidad-voz02--><a href=\"https:\/\/www.hellincf.com\/\"><img decoding=\"async\" class=\"alignnone size-medium\" src=\"https:\/\/blogger.googleusercontent.com\/img\/b\/R29vZ2xl\/AVvXsEhuZ4-XfBVj3UtdP8-RZugy3WVrg-Zv28c53m4oV47qYCxL1rX_dqWX_YddsGSnpH5SRDqZ7bZeKPIfDVCDncpjVlhy3aQs2vojcJBn7Gdv9hC2_Nzct_pRFrnFE1a7KTCdY1bT_kAgnY3-iadRZrGeJf1fR2P5fu11bokx0pWjaypoy-ctwCjklldpEbA\/s1600\/logo-principal7.jpg\" width=\"100%\" height=\"100\" \/><\/a><!--bestpublic-voz02--><!--desk-in-out-voz02--><\/p>\n<p style=\"text-align: justify;\">La Concejal\u00eda de Deportes del Excmo. Ayuntamiento de Hell\u00edn informa sobre el\u00a0 programa de actividades deportivas y cursos de verano 2019.\u00a0 Toda esta informaci\u00f3n estar\u00e1 a disposici\u00f3n de\u00a0 la\u00a0 ciudadan\u00eda a partir del lunes 3 de Junio en las instalaciones deportivas y en la web del Ayuntamiento de Hell\u00edn.<\/p>\n<p style=\"text-align: justify;\"><u>El n\u00famero total de plazas ofertadas cursos de nataci\u00f3n :<\/u><\/p>\n<p style=\"text-align: justify;\">Mas 450 plazas en cursos de nataci\u00f3n para ni\u00f1os , adultos y tercera edad durante el mes de julio.<\/p>\n<p style=\"text-align: justify;\"><u>Las modalidades did\u00e1cticas\u00a0 en los cursos\u00a0 de nataci\u00f3n ser\u00e1n :<\/u><\/p>\n<p style=\"text-align: justify;\">175 plazas para adultos.- aquagym , terap\u00e9utica , niveles 1 y 2 , tecnificaci\u00f3n , embarazadas y aquacrossfit.<\/p>\n<p style=\"text-align: justify;\">275 plazas para ni\u00f1os .- aprendizaje , escuelas, bebes y sincronizada.<\/p>\n<p style=\"text-align: justify;\">Cursos de nataci\u00f3n en la pedan\u00edas de Isso y Agram\u00f3n<\/p>\n<p style=\"text-align: justify;\">Para dar mayor facilidad a todos los usuarios se podr\u00e1 elegir entre la modalidad de curso <u>quincenal o mensual para adultos y cursos quincenales de ni\u00f1os<\/u> , dando mayor flexibilidad y comodidad a todos los usuarios y as\u00ed poder compaginar los periodos vacacionales.<\/p>\n<p style=\"text-align: justify;\">Primera quincena de julio del 1 al 12 de julio.<\/p>\n<p style=\"text-align: justify;\">Segunda quincena de\u00a0 julio\u00a0 del 15 al 26 de julio.<\/p>\n<p style=\"text-align: justify;\"><u>(cursos quincenales<\/u> van de lunes a viernes con un tiempo lectivo de 50 minutos.)<\/p>\n<p style=\"text-align: justify;\"><u>(cursos mensuales adultos<\/u> ser\u00e1n de 3 d\u00edas semanales de 50 minutos lectivos.)<\/p>\n<p style=\"text-align: justify;\"><u>El proceso de inscripciones\u00a0 para los cursos de nataci\u00f3n consiste en :<\/u><\/p>\n<ul style=\"text-align: justify;\">\n<li>Del 3 al 9 de junio.- informaci\u00f3n .<\/li>\n<li>Del 10 al 21 junio .\u2013 preinscripci\u00f3n y pago<\/li>\n<li>D\u00eda 21 junio.- sorteo letra apellido.<\/li>\n<li>A partir del 24 junio.- confirmaci\u00f3n plazas<\/li>\n<\/ul>\n<p style=\"text-align: justify;\">El <u>pago se realizara en el momento de la\u00a0 preinscripci\u00f3n<\/u> con el fin de acortar los plazos .<\/p>\n<p style=\"text-align: justify;\">El orden de inscripci\u00f3n continuar\u00e1 siendo por sorteo de letra del apellido , seg\u00fan opci\u00f3n elegida .<\/p>\n<p style=\"text-align: justify;\">En caso de no obtener plaza , se contactar\u00e1 con el usuario para ofertarle otras opciones posibles ,y en caso de disconformidad , se devolver\u00e1 el importe cobrado.<\/p>\n<p style=\"text-align: justify;\"><u>Piscina climatizada .<\/u><\/p>\n<p style=\"text-align: justify;\">Estar\u00e1 abierta durante todo el mes de julio<\/p>\n<p style=\"text-align: justify;\">Mientras que los meses\u00a0 de agosto y septiembre\u00a0 se realizar\u00e1n tareas de mantenimiento y mejora .<\/p>\n<p style=\"text-align: justify;\"><u>Nataci\u00f3n libre en la piscina climatizada<\/u><\/p>\n<p style=\"text-align: justify;\">Existir\u00e1n calles libres\u00a0 de lunes a s\u00e1bado en jornada de ma\u00f1ana y \/o tarde.<\/p>\n<p style=\"text-align: justify;\">Public\u00e1ndose en los cuadrantes de calles libres disponibles en la recepci\u00f3n de la piscina climatizada y en la web del ayuntamiento de Hell\u00edn.<\/p>\n<p style=\"text-align: justify;\"><u>Piscina publicas de verano desde la concejal\u00eda de deportes se da a conocer\u00a0 que :<\/u><\/p>\n<ul style=\"text-align: justify;\">\n<li>Agram\u00f3n e Isso .- actualmente est\u00e1n adjudicadas. Se han realizado trabajos de reforma y adecuaci\u00f3n por medio de la concejal\u00eda de obras y servicios para su adecuaci\u00f3n a la legislaci\u00f3n sanitaria , siendo probablemente su apertura a mediados\u00a0 de junio.<\/li>\n<li>Municipal de Hell\u00edn .- se informa que se abrir\u00e1n sus puertas con unas instalaciones totalmente renovadas e instalaciones nuevas.<\/li>\n<\/ul>\n<p style=\"text-align: justify;\"><u>Actividades deportivas de verano .<\/u><\/p>\n<p style=\"text-align: justify;\">Gimnasio musculaci\u00f3n .- de lunes a\u00a0 viernes en jornada de ma\u00f1ana y tarde , y s\u00e1bado ma\u00f1ana<\/p>\n<p style=\"text-align: justify;\">Gimnasia de tercera edad .- lunes y jueves durante el mes de julio y totalmente gratuito.<\/p>\n<p style=\"text-align: justify;\">Tenis y p\u00e1del adultos y ni\u00f1os .- en las pistas de tenis, en jornada de ma\u00f1ana o tardes\u00a0 a trav\u00e9s del Club de Tenis Santa Ana.<\/p>\n<p style=\"text-align: justify;\">Pilates y zumba\u00a0 .- en el Pabell\u00f3n polideportivo , en jornada de tarde\u00a0 a trav\u00e9s del club\u00a0 \u201c m\u00e1s que Pilates \u201c<\/p>\n<p style=\"text-align: justify;\">Spinning, jumping , body fitnes, gap , yoga kundalini , cardio boxing\u00a0 y trabajo en suspensi\u00f3n\u00a0\u00a0 .- en el Pabell\u00f3n polideportivo Adolfo Suarez en jornadas de ma\u00f1ana o tarde. A trav\u00e9s del club\u00a0 spinning universal<\/p>\n<p style=\"text-align: justify;\">Taich\u00ed , karate y taekwondo.- a trav\u00e9s de\u00a0 los monitores titulados de artes marciales en las instalaciones deportivas de la sala polivalente del Pabell\u00f3n polideportivo Adolfo Suarez.<\/p>\n<p style=\"text-align: justify;\"><u>Clinics deportivos\u00a0 de verano.<\/u><\/p>\n<p style=\"text-align: justify;\">En sus distintas modalidades deportivas\u00a0 , los cuales realizan una importante labor did\u00e1ctica , deportiva\u00a0 y social a todos aquellos ni\u00f1os que durante el verano disponen de m\u00e1s tiempo libre\u00a0 y que se compagina con las jornadas laborales de padres y familiares.<\/p>\n<p style=\"text-align: justify;\">Dicha actividad est\u00e1 enmarcada en\u00a0 los meses de julio y agosto<\/p>\n<p style=\"text-align: justify;\">F\u00fatbol.- organizado por las <u>Escuelas de f\u00fatbol base Hell\u00edn Deportivo.<\/u><\/p>\n<p style=\"text-align: justify;\">Baloncesto.- organizado por el <u>ADB. Hell\u00edn<\/u>.<\/p>\n<p style=\"text-align: justify;\">Voleibol .- organizado por el <u>Club Voleibol ciudad de Hell\u00edn .<\/u><\/p>\n<p style=\"text-align: justify;\">Tenis y b\u00e1dminton .- organizado por el <u>Club tenis Santa Ana<\/u><\/p>\n<p style=\"text-align: justify;\">Atletismo y orientaci\u00f3n.- organizado por el <u>Club la Glorieta Hell\u00edn<\/u> .<\/p>\n<p><!--publicidad-voz03--><a href=\"https:\/\/www.facebook.com\/profile.php?id=100063593791305&amp;locale=es_ES\"><img decoding=\"async\" class=\"alignnone size-medium\" src=\"https:\/\/blogger.googleusercontent.com\/img\/b\/R29vZ2xl\/AVvXsEi8_n_ll8UOcGxCqzFvb_9Io4ICczlGC990BPtPj2w9Px-u7B3oqWUW5vtjZUqPNJ-nyjiUIorE0ATsib_l5tV8BVN-UJ03RTnU__IHJF_4DgDBtY4LIqXNG-FomrO-7ywes20CBCRM2Hcm7EJSh3UUw1dO-c_uTflUrtgY1i7uBRezj_DpympmEFkfbQY\/s1600\/logo-principal2.jpg\" width=\"100%\" height=\"100\" \/><\/a><!--bestpublic-voz03--><!--desk-in-out-voz03--><br \/>\n<!--publicidad-voz04--><a href=\"https:\/\/www.facebook.com\/profile.php?id=61557370768692&amp;locale=es_ES\"><img decoding=\"async\" class=\"alignnone size-medium\" src=\"https:\/\/blogger.googleusercontent.com\/img\/b\/R29vZ2xl\/AVvXsEgy5RdcfffrnrItnYTcV9bCJjgJwldsQLWssfVfrLbyfXeBNTFKgBf0rMIvhrUaGUhiXzVr9_eQgCbi-j63ZDpfTvLIty9w7s140y-m1yHe7eKmEK7v2NAHUJDVYGdfeiQFeRCqUjdwWmN1MX_AUxxz4IVdJ4WIM0APxit8bjWkXzrnEFGqBvW_1F13H1g\/s1600\/logo-principal5.jpg\" width=\"100%\" height=\"100\" \/><\/a><!--bestpublic-voz04--><!--desk-in-out-voz04--><br \/>\n<!--publicidad-voz05--><a href=\"https:\/\/www.facebook.com\/asociaciontamborileroshellin?locale=es_ES\"><img decoding=\"async\" class=\"alignnone size-medium\" src=\"https:\/\/blogger.googleusercontent.com\/img\/b\/R29vZ2xl\/AVvXsEhHEEpZsKK1VpwiYMrS7aE2ujtqIDZoLd4B5wtbiseSU9s2HdTdQfhF84So2XwEB1fv0BLw95GADm6hUl1bkKtzh-eIgVigXONuu_5RxeIMPhjk8q6uNX4EaEHbooKkbu7pCADWPpVJjhKIH5NQSJpWqedC-YBez4QAQeJYokkLot9bhrIaUAeztsGis6M\/s1600\/logo-principal3.jpg\" width=\"100%\" height=\"100\" \/><\/a><!--bestpublic-voz05--><!--desk-in-out-voz05--><br \/>\n<!--publicidad-voz06--><!--bestpublic-voz06--><!--desk-in-out-voz06--><br \/>\n<!--publicidad-voz07--><!--bestpublic-voz07--><!--desk-in-out-voz07--><br \/>\n<!--publicidad-voz08--><!--bestpublic-voz08--><!--desk-in-out-voz08--><br \/>\n<!--publicidad-voz09--><!--bestpublic-voz09--><!--desk-in-out-voz09--><br \/>\n<!--publicidad-voz10--><!--bestpublic-voz10--><!--desk-in-out-voz10--><br \/>\n<!--publicidad-voz11--><!--bestpublic-voz11--><!--desk-in-out-voz11--><br \/>\n<!--publicidad-voz12--><!--bestpublic-voz12--><!--desk-in-out-voz12--><br \/>\n<!--publicidad-voz13--><!--bestpublic-voz13--><!--desk-in-out-voz13--><br \/>\n<!--publicidad-voz14--><!--bestpublic-voz14--><!--desk-in-out-voz14--><br \/>\n<!--publicidad-voz15--><!--bestpublic-voz15--><!--desk-in-out-voz15--><br \/>\n<!--publicidad-voz16--><!--bestpublic-voz16--><!--desk-in-out-voz16--><\/p>\n","protected":false},"excerpt":{"rendered":"<p>EL AYUNTAMIENTO DE HELL\u00cdN ABRE PLAZO DE INSCRIPCI\u00d3N AL PROGRAMA DE ACTIVIDADES DEPORTIVAS Y CURSOS DE VERANO 2019<\/p>\n","protected":false},"author":2,"featured_media":90586,"comment_status":"closed","ping_status":"closed","sticky":false,"template":"","format":"standard","meta":{"footnotes":""},"categories":[719,718,715,716,717],"tags":[],"class_list":["post-101568","post","type-post","status-publish","format-standard","has-post-thumbnail","hentry","category-blog-lv001","category-blogger","category-la-voz-de-hellin","category-la-voz-de-hellin-la-voz-de-hellin","category-noticias"],"_links":{"self":[{"href":"https:\/\/lavozdehellin.com\/noticias\/wp-json\/wp\/v2\/posts\/101568","targetHints":{"allow":["GET"]}}],"collection":[{"href":"https:\/\/lavozdehellin.com\/noticias\/wp-json\/wp\/v2\/posts"}],"about":[{"href":"https:\/\/lavozdehellin.com\/noticias\/wp-json\/wp\/v2\/types\/post"}],"author":[{"embeddable":true,"href":"https:\/\/lavozdehellin.com\/noticias\/wp-json\/wp\/v2\/users\/2"}],"replies":[{"embeddable":true,"href":"https:\/\/lavozdehellin.com\/noticias\/wp-json\/wp\/v2\/comments?post=101568"}],"version-history":[{"count":0,"href":"https:\/\/lavozdehellin.com\/noticias\/wp-json\/wp\/v2\/posts\/101568\/revisions"}],"wp:featuredmedia":[{"embeddable":true,"href":"https:\/\/lavozdehellin.com\/noticias\/wp-json\/wp\/v2\/media\/90586"}],"wp:attachment":[{"href":"https:\/\/lavozdehellin.com\/noticias\/wp-json\/wp\/v2\/media?parent=101568"}],"wp:term":[{"taxonomy":"category","embeddable":true,"href":"https:\/\/lavozdehellin.com\/noticias\/wp-json\/wp\/v2\/categories?post=101568"},{"taxonomy":"post_tag","embeddable":true,"href":"https:\/\/lavozdehellin.com\/noticias\/wp-json\/wp\/v2\/tags?post=101568"}],"curies":[{"name":"wp","href":"https:\/\/api.w.org\/{rel}","templated":true}]}}