{"id":101570,"date":"2019-05-30T19:36:52","date_gmt":"2019-05-30T19:36:52","guid":{"rendered":"https:\/\/lavozdehellin.com\/noticias\/v00-149-villalgordo-del-jucar-sera-la-proxima-parada-del-circuito-provincial-btt\/"},"modified":"2024-01-04T14:05:34","modified_gmt":"2024-01-04T14:05:34","slug":"v00-149-villalgordo-del-jucar-sera-la-proxima-parada-del-circuito-provincial-btt","status":"publish","type":"post","link":"https:\/\/lavozdehellin.com\/noticias\/v00-149-villalgordo-del-jucar-sera-la-proxima-parada-del-circuito-provincial-btt\/","title":{"rendered":"LVH NOTICIAS | VILLALGORDO DEL J\u00daCAR SER\u00c1 LA PR\u00d3XIMA PARADA DEL CIRCUITO PROVINCIAL BTT."},"content":{"rendered":"<p style=\"text-align: justify;\">El pr\u00f3ximo domingo, el Circuito Provincial BTT Diputaci\u00f3n de Albacete vuelve a rodar, siendo la localidad de Villalgordo del J\u00facar la encargada de albergar esta d\u00e9cimo novena prueba del calendario, y lo har\u00e1 con la presencia de m\u00e1s de cuatrocientos participantes, que sin duda estar\u00e1n ansiosos por disfrutar de nuevo de las emociones de la BTT.<\/p>\n<p><!--more--><br \/>\n<!--publicidad-voz01--><a href=\"https:\/\/www.facebook.com\/SoloRadioHellin\/?locale=es_ES\"><img decoding=\"async\" class=\"alignnone size-medium\" src=\"https:\/\/blogger.googleusercontent.com\/img\/b\/R29vZ2xl\/AVvXsEiNncirNnyGedv00mhjZjh5Wl4_YPdJGanoAl8tL8zH-HwqE8uHqjEfSt340RHdx-9tuCSIkZ8rFamZiGyYlgDGxCsmXjCH_1xk5eYM3ntFZRvJP_jndOKR7w1UAo9Tu0vrZyOLfqRpHIxYI5SymJJ-pfGCQw6QVpggBH-UgfjiFQ2JOxqxG0Jx94kW83c\/s1600\/logo-principal.jpg\" width=\"100%\" height=\"100\" \/><\/a><!--bestpublic-voz01--><!--desk-in-out-voz01--><br \/>\n<!--publicidad-voz02--><a href=\"https:\/\/www.hellincf.com\/\"><img decoding=\"async\" class=\"alignnone size-medium\" src=\"https:\/\/blogger.googleusercontent.com\/img\/b\/R29vZ2xl\/AVvXsEhuZ4-XfBVj3UtdP8-RZugy3WVrg-Zv28c53m4oV47qYCxL1rX_dqWX_YddsGSnpH5SRDqZ7bZeKPIfDVCDncpjVlhy3aQs2vojcJBn7Gdv9hC2_Nzct_pRFrnFE1a7KTCdY1bT_kAgnY3-iadRZrGeJf1fR2P5fu11bokx0pWjaypoy-ctwCjklldpEbA\/s1600\/logo-principal7.jpg\" width=\"100%\" height=\"100\" \/><\/a><!--bestpublic-voz02--><!--desk-in-out-voz02--><\/p>\n<p style=\"text-align: justify;\">El pistoletazo de salida se dar\u00e1 a las 9:30 horas desde la Calle Huertas, estando\u00a0 los principales corredores del Circuito en la l\u00ednea de salida, tanto en la categor\u00eda femenina como en la masculina. En la categor\u00eda femenina, se contar\u00e1 con la presencia de m\u00e1s de treinta participantes, entre las que destacan la actual l\u00edder del circuito, Almudena Jim\u00e9nez (Arte Bicis C.C.), Aida Mil\u00e1n (Ingeteam Rumbo BTT), Alfonsi Villar (Ferroice\u2013Contrallano BTT), Celia Pina (Ekuon El Conchel\/Diputaci\u00f3n Albacete Sport Team), Mar\u00eda \u00c1ngeles Alegre (Depor Bike Club Ciclista) junto a su compa\u00f1era de equipo Maxi T\u00e1rraga, etc. En cuanto a los chicos, Pedro Jes\u00fas Rodr\u00edguez (Ingeteam Rumbo BTT), tendr\u00e1 una gran oportunidad para ampliar ventaja respecto a sus perseguidores; ya que de ellos, s\u00f3lo Antonio Hern\u00e1ndez y Alberto L\u00f3pez (Bicis El Hellinero\u2013Acecho) disputar\u00e1n esta prueba. Importantes bajas, por tanto, en la categor\u00eda masculina.<\/p>\n<p style=\"text-align: justify;\">En cuanto al recorrido, de 41 kil\u00f3metros, se\u00f1alar su perfil rompe piernas, con continuas subidas y bajadas, y que tendr\u00e1 pasos de gran belleza cercanos al r\u00edo. Igualmente destacan las sendas ascendentes por las que transitar\u00e1 la prueba, haciendo de \u00e9sta, a\u00fan m\u00e1s si cabe, una cita ineludible en el calendario de todos los amantes a este deporte.<\/p>\n<p style=\"text-align: justify;\">El recorrido alternativo, aunque m\u00e1s corto y menos exigente, se presume igual de entretenido y se compone de un total de 20 kil\u00f3metros.\u00a0 Es destacable la presencia en esta marcha de m\u00e1s de cincuenta ciclistas que disfrutar\u00e1n de este trazado, 100% ciclable y adaptado a cualquier nivel.<\/p>\n<p style=\"text-align: justify;\">Y tras reponer fuerzas y disfrutar del ambiente posterior a la carrera, donde se intercambian impresiones de la misma, se llevar\u00e1 a cabo la habitual entrega de trofeos a los primeros clasificados de la prueba, de cada una de las categor\u00edas, junto a los que se otorgan a los ganadores del recorrido alternativo y a los primeros locales.<\/p>\n<p style=\"text-align: justify;\">Solamente nos queda esperar al pistoletazo de salida para volver a disfrutar de otra prueba de este XIII Circuito Provincial BTT, el cual est\u00e1 alcanzando su ecuador en cuanto a n\u00famero de pruebas disputadas. Por tanto, empieza a adentrarse en su parte decisiva.<\/p>\n<p><!--publicidad-voz03--><a href=\"https:\/\/www.facebook.com\/profile.php?id=100063593791305&amp;locale=es_ES\"><img decoding=\"async\" class=\"alignnone size-medium\" src=\"https:\/\/blogger.googleusercontent.com\/img\/b\/R29vZ2xl\/AVvXsEi8_n_ll8UOcGxCqzFvb_9Io4ICczlGC990BPtPj2w9Px-u7B3oqWUW5vtjZUqPNJ-nyjiUIorE0ATsib_l5tV8BVN-UJ03RTnU__IHJF_4DgDBtY4LIqXNG-FomrO-7ywes20CBCRM2Hcm7EJSh3UUw1dO-c_uTflUrtgY1i7uBRezj_DpympmEFkfbQY\/s1600\/logo-principal2.jpg\" width=\"100%\" height=\"100\" \/><\/a><!--bestpublic-voz03--><!--desk-in-out-voz03--><br \/>\n<!--publicidad-voz04--><a href=\"https:\/\/www.facebook.com\/profile.php?id=61557370768692&amp;locale=es_ES\"><img decoding=\"async\" class=\"alignnone size-medium\" src=\"https:\/\/blogger.googleusercontent.com\/img\/b\/R29vZ2xl\/AVvXsEgy5RdcfffrnrItnYTcV9bCJjgJwldsQLWssfVfrLbyfXeBNTFKgBf0rMIvhrUaGUhiXzVr9_eQgCbi-j63ZDpfTvLIty9w7s140y-m1yHe7eKmEK7v2NAHUJDVYGdfeiQFeRCqUjdwWmN1MX_AUxxz4IVdJ4WIM0APxit8bjWkXzrnEFGqBvW_1F13H1g\/s1600\/logo-principal5.jpg\" width=\"100%\" height=\"100\" \/><\/a><!--bestpublic-voz04--><!--desk-in-out-voz04--><br \/>\n<!--publicidad-voz05--><a href=\"https:\/\/www.facebook.com\/asociaciontamborileroshellin?locale=es_ES\"><img decoding=\"async\" class=\"alignnone size-medium\" src=\"https:\/\/blogger.googleusercontent.com\/img\/b\/R29vZ2xl\/AVvXsEhHEEpZsKK1VpwiYMrS7aE2ujtqIDZoLd4B5wtbiseSU9s2HdTdQfhF84So2XwEB1fv0BLw95GADm6hUl1bkKtzh-eIgVigXONuu_5RxeIMPhjk8q6uNX4EaEHbooKkbu7pCADWPpVJjhKIH5NQSJpWqedC-YBez4QAQeJYokkLot9bhrIaUAeztsGis6M\/s1600\/logo-principal3.jpg\" width=\"100%\" height=\"100\" \/><\/a><!--bestpublic-voz05--><!--desk-in-out-voz05--><br \/>\n<!--publicidad-voz06--><!--bestpublic-voz06--><!--desk-in-out-voz06--><br \/>\n<!--publicidad-voz07--><!--bestpublic-voz07--><!--desk-in-out-voz07--><br \/>\n<!--publicidad-voz08--><!--bestpublic-voz08--><!--desk-in-out-voz08--><br \/>\n<!--publicidad-voz09--><!--bestpublic-voz09--><!--desk-in-out-voz09--><br \/>\n<!--publicidad-voz10--><!--bestpublic-voz10--><!--desk-in-out-voz10--><br \/>\n<!--publicidad-voz11--><!--bestpublic-voz11--><!--desk-in-out-voz11--><br \/>\n<!--publicidad-voz12--><!--bestpublic-voz12--><!--desk-in-out-voz12--><br \/>\n<!--publicidad-voz13--><!--bestpublic-voz13--><!--desk-in-out-voz13--><br \/>\n<!--publicidad-voz14--><!--bestpublic-voz14--><!--desk-in-out-voz14--><br \/>\n<!--publicidad-voz15--><!--bestpublic-voz15--><!--desk-in-out-voz15--><br \/>\n<!--publicidad-voz16--><!--bestpublic-voz16--><!--desk-in-out-voz16--><\/p>\n","protected":false},"excerpt":{"rendered":"<p>VILLALGORDO DEL J\u00daCAR SER\u00c1 LA PR\u00d3XIMA PARADA DEL CIRCUITO PROVINCIAL BTT.<\/p>\n","protected":false},"author":2,"featured_media":90582,"comment_status":"closed","ping_status":"closed","sticky":false,"template":"","format":"standard","meta":{"footnotes":""},"categories":[719,718,715,716,717],"tags":[],"class_list":["post-101570","post","type-post","status-publish","format-standard","has-post-thumbnail","hentry","category-blog-lv001","category-blogger","category-la-voz-de-hellin","category-la-voz-de-hellin-la-voz-de-hellin","category-noticias"],"_links":{"self":[{"href":"https:\/\/lavozdehellin.com\/noticias\/wp-json\/wp\/v2\/posts\/101570","targetHints":{"allow":["GET"]}}],"collection":[{"href":"https:\/\/lavozdehellin.com\/noticias\/wp-json\/wp\/v2\/posts"}],"about":[{"href":"https:\/\/lavozdehellin.com\/noticias\/wp-json\/wp\/v2\/types\/post"}],"author":[{"embeddable":true,"href":"https:\/\/lavozdehellin.com\/noticias\/wp-json\/wp\/v2\/users\/2"}],"replies":[{"embeddable":true,"href":"https:\/\/lavozdehellin.com\/noticias\/wp-json\/wp\/v2\/comments?post=101570"}],"version-history":[{"count":0,"href":"https:\/\/lavozdehellin.com\/noticias\/wp-json\/wp\/v2\/posts\/101570\/revisions"}],"wp:featuredmedia":[{"embeddable":true,"href":"https:\/\/lavozdehellin.com\/noticias\/wp-json\/wp\/v2\/media\/90582"}],"wp:attachment":[{"href":"https:\/\/lavozdehellin.com\/noticias\/wp-json\/wp\/v2\/media?parent=101570"}],"wp:term":[{"taxonomy":"category","embeddable":true,"href":"https:\/\/lavozdehellin.com\/noticias\/wp-json\/wp\/v2\/categories?post=101570"},{"taxonomy":"post_tag","embeddable":true,"href":"https:\/\/lavozdehellin.com\/noticias\/wp-json\/wp\/v2\/tags?post=101570"}],"curies":[{"name":"wp","href":"https:\/\/api.w.org\/{rel}","templated":true}]}}