{"id":101571,"date":"2019-05-30T11:46:29","date_gmt":"2019-05-30T11:46:29","guid":{"rendered":"https:\/\/lavozdehellin.com\/noticias\/v00-150-el-plan-de-prevencion-y-extincion-de-incendios-forestales-de-castilla-la-mancha-para-la-provincia-cuenta-con-un-presupuesto-anual-de-17-4-millones-de-euros-en-este-ano-2019\/"},"modified":"2024-01-04T14:05:34","modified_gmt":"2024-01-04T14:05:34","slug":"v00-150-el-plan-de-prevencion-y-extincion-de-incendios-forestales-de-castilla-la-mancha-para-la-provincia-cuenta-con-un-presupuesto-anual-de-17-4-millones-de-euros-en-este-ano-2019","status":"publish","type":"post","link":"https:\/\/lavozdehellin.com\/noticias\/v00-150-el-plan-de-prevencion-y-extincion-de-incendios-forestales-de-castilla-la-mancha-para-la-provincia-cuenta-con-un-presupuesto-anual-de-17-4-millones-de-euros-en-este-ano-2019\/","title":{"rendered":"LVH NOTICIAS | EL PLAN DE PREVENCI\u00d3N Y EXTINCI\u00d3N DE INCENDIOS FORESTALES DE CASTILLA LA MANCHA PARA LA PROVINCIA CUENTA CON UN PRESUPUESTO ANUAL DE 17.4 MILLONES DE EUROS EN ESTE A\u00d1O 2019."},"content":{"rendered":"<p style=\"text-align: justify;\">El Plan de Prevenci\u00f3n y Extinci\u00f3n de Incendios Forestales de Castilla-La Mancha (INFOCAM) para su aplicaci\u00f3n en la provincia de Albacete cuenta con un presupuesto anual de 17,4 millones de euros en este a\u00f1o 2019, de los que 8,3 millones de euros se destinan a vigilancia y extinci\u00f3n, y 9,1 millones de euros a prevenci\u00f3n.<\/p>\n<p><!--more--><br \/>\n<!--publicidad-voz01--><a href=\"https:\/\/www.facebook.com\/SoloRadioHellin\/?locale=es_ES\"><img decoding=\"async\" class=\"alignnone size-medium\" src=\"https:\/\/blogger.googleusercontent.com\/img\/b\/R29vZ2xl\/AVvXsEiNncirNnyGedv00mhjZjh5Wl4_YPdJGanoAl8tL8zH-HwqE8uHqjEfSt340RHdx-9tuCSIkZ8rFamZiGyYlgDGxCsmXjCH_1xk5eYM3ntFZRvJP_jndOKR7w1UAo9Tu0vrZyOLfqRpHIxYI5SymJJ-pfGCQw6QVpggBH-UgfjiFQ2JOxqxG0Jx94kW83c\/s1600\/logo-principal.jpg\" width=\"100%\" height=\"100\" \/><\/a><!--bestpublic-voz01--><!--desk-in-out-voz01--><br \/>\n<!--publicidad-voz02--><a href=\"https:\/\/www.hellincf.com\/\"><img decoding=\"async\" class=\"alignnone size-medium\" src=\"https:\/\/blogger.googleusercontent.com\/img\/b\/R29vZ2xl\/AVvXsEhuZ4-XfBVj3UtdP8-RZugy3WVrg-Zv28c53m4oV47qYCxL1rX_dqWX_YddsGSnpH5SRDqZ7bZeKPIfDVCDncpjVlhy3aQs2vojcJBn7Gdv9hC2_Nzct_pRFrnFE1a7KTCdY1bT_kAgnY3-iadRZrGeJf1fR2P5fu11bokx0pWjaypoy-ctwCjklldpEbA\/s1600\/logo-principal7.jpg\" width=\"100%\" height=\"100\" \/><\/a><!--bestpublic-voz02--><!--desk-in-out-voz02--><\/p>\n<p style=\"text-align: justify;\">\u00a0El delegado de la Junta, Pedro Antonio Ruiz Santos ha ofrecido estos datos durante la presentaci\u00f3n del Dispositivo del Plan INFOCAM y tras la reuni\u00f3n del Comit\u00e9 Asesor de Lucha contra Incendios Forestales de Albacete, agradeciendo la coordinaci\u00f3n que existe entre Administraciones, y reconociendo la labor de los empleados de la Consejer\u00eda de Agricultura, Medio Ambiente y Desarrollo Rural, los profesionales de la empresa p\u00fablica GEACAM, el Cuerpo de Agentes Medioambientales, el Gobierno de Espa\u00f1a, las Fuerzas de Seguridad del Estado, Protecci\u00f3n Civil, SEPEI y Polic\u00eda Local.<\/p>\n<p style=\"text-align: justify;\">\u00a0Ruiz Santos que ha estado acompa\u00f1ado del subdelegado del Gobierno en Albacete, Miguel Juan Espinosa y del jefe de Servicios de Espacios Naturales, Jos\u00e9 Luis Fern\u00e1ndez, ha recordado que a lo largo del a\u00f1o se establecen tres niveles de peligro y de despliegue de medios, estrechamente relacionados con las condiciones meteorol\u00f3gicas y estado de los combustibles forestales.<\/p>\n<p style=\"text-align: justify;\">\u00a0En este sentido, la \u00e9poca de peligro bajo se extiende del 1 de enero al 30 de abril y del 1 de noviembre al 31 de diciembre; peligro medio del 1 al 31 de Mayo y del 1 al 31 de Octubre y el periodo de la Semana Santa incluyendo ambos fines de semana (9 d\u00edas); peligro alto del 1 al 30 de Junio y del 1 al 30 de Septiembre; y peligro extremo del 1 de julio al 30 de agosto.<\/p>\n<p style=\"text-align: justify;\">\u00a0Dispositivo Humano y T\u00e9cnico del Plan INFOCAM<\/p>\n<p style=\"text-align: justify;\">\u00a0El delegado de la Junta en Albacete, Pedro Antonio Ruiz Santos ha trasladado el amplio dispositivo humano integrante de las diferentes unidades operativas, cuyo n\u00famero asciende a 553 personas de los cuales 107 son personal funcionario y 446 son personal contratado, y ha resaltado que en esta campa\u00f1a se dispone de 18 trabajadores m\u00e1s, en relaci\u00f3n a 2018.<\/p>\n<p style=\"text-align: justify;\">\u00a0Dentro del Dispositivo de lucha contra incendios forestales, la provincia de Albacete cuenta con un Centro Operativo Provincial (COP), a trav\u00e9s del cual se canaliza toda la informaci\u00f3n y desde el que se procede a la movilizaci\u00f3n y coordinaci\u00f3n de los diferentes medios; una red de vigilantes fijos y radio-escuchas en bases con un total de 25 puestos\/torres de vigilancia fija; una red de vigilancia m\u00f3vil, integrada por 6 patrullas m\u00f3viles, compuestas por un conductor y un ayudante de patrulla; y una red de comunicaciones radiotelef\u00f3nicas, dotada de 9 repetidores de frecuencia, y 235 radiotel\u00e9fonos m\u00f3viles.<\/p>\n<p style=\"text-align: justify;\">\u00a0En cuanto a los medios a\u00e9reos, se dispone de 1 avi\u00f3n de carga en tierra modelo Air Tractor 802 de 3.100 litros de capacidad, con base en Ontur; 1 helic\u00f3ptero BELL-412 biturbina, para el transporte de personal de extinci\u00f3n y lanzamiento de agua mediante helibalde de 1.500 litros de capacidad y 2 helic\u00f3pteros A119 KOALA monoturbina, tambi\u00e9n para el transporte de personal de extinci\u00f3n y lanzamiento de agua mediante helibalde de 1.000 litros.<\/p>\n<p style=\"text-align: justify;\">El Plan INFOCAM tambi\u00e9n est\u00e1 conformado por 3 brigadas helitransportadas tipo BIFOR-B, especializadas en labores de extinci\u00f3n, 2 de ellas compuestas por un t\u00e9cnico, conductor VTT y 6 especialistas forestales, -una en Carcel\u00e9n y otra Molinicos-; y otra brigada m\u00e1s compuesta por un t\u00e9cnico, un responsable, conductor VTT y 9 especialistas tambi\u00e9n ubicada en la localidad de Molinicos.<\/p>\n<p style=\"text-align: justify;\">\u00a0El Dispositivo de Lucha contra Incendios Forestales tambi\u00e9n est\u00e1 integrado por 10 brigadas terrestres ( en cada una hay 1 conductor, 1 responsable de ret\u00e9n, 5 especialistas forestales), con la incorporaci\u00f3n de siete trabajadores m\u00e1s que en la pasada campa\u00f1a de 2018; 7 autobombas-reten, compuestos por veh\u00edculo autobomba dotadas con 5 componentes (1 conductor, 1 responsable y 3 especialistas forestales); 11 autobombas, con 1 conductor y 1 ayudante para apoyo al personal de las brigadas; 1 autobomba nodriza, con capacidad de 12.000 litros para apoyo a las autobombas, dotada de conductor y ayudante.<\/p>\n<p style=\"text-align: justify;\">\u00a0Adem\u00e1s, se dispone de 17 cuadrillas terrestres (7 de ellas en autobomba), 3 brigadas helitransportados, 1 autobomba nodriza y 18 camiones autobomba de 3.000 litros de capacidad, todas 14 ellas con dotaci\u00f3n de personal a doble turno.<\/p>\n<p style=\"text-align: justify;\">\u00a0Con respecto a la maquinaria pesada hay 3 equipos compuestos por un tractor de cadenas con pala, de gran potencia y un cami\u00f3n g\u00f3ndola para su transporte.<\/p>\n<p style=\"text-align: justify;\">\u00a0A todos estos medios contratados por la Junta de Comunidades de Castilla-La Mancha debemos sumar los medios asignados por el MAPA y que en Albacete consta de 1 avi\u00f3n anfibio de 5.500 litros de capacidad, en la base a\u00e9rea de Los Llanos.<\/p>\n<p style=\"text-align: justify;\">\u00a0Nuevas infraestructuras en el Plan de Prevenci\u00f3n<\/p>\n<p style=\"text-align: justify;\">\u00a0En esta comparecencia, el delegado de la Junta en Albacete tambi\u00e9n ha se\u00f1alado \u201clas nuevas capacidades log\u00edsticas que se van incorporando al Plan INFOCAM\u201d, y ha puesto como ejemplo, el inicio de la construcci\u00f3n de 1 dep\u00f3sito de 500.000 litros para lucha contra incendios forestales (para recarga de medios terrestres y a\u00e9reos), en Alatoz, con un presupuesto de 38.357,00 euros; diferentes condicionamiento de dep\u00f3sitos de agua contra incendios en la provincia por 45.000 euros; y tambi\u00e9n acondicionamiento de caminos forestales por 140.000 euros.<\/p>\n<p style=\"text-align: justify;\">\u00a0Entre las obras m\u00e1s destacadas se encuentra la ejecuci\u00f3n del proyecto de ampliaci\u00f3n y adecuaci\u00f3n aeron\u00e1utica del aer\u00f3dromo de Carcel\u00e9n que cuenta con un presupuesto de 977.000 euros; la adecuaci\u00f3n del silo de Alcaraz como CCE de la Sierra de Alcaraz con una inversi\u00f3n de 250.000 euros; y la redacci\u00f3n del proyecto b\u00e1sico de ejecuci\u00f3n del Helipuerto de Li\u00e9tor con 30.000 euros.<\/p>\n<p style=\"text-align: justify;\">Las futuras obras de construcci\u00f3n y modernizaci\u00f3n de nuevo COP de Albacete con una inversi\u00f3n de 265.750 euros euros; las obras de construcci\u00f3n para una base ret\u00e9n en Casas de Ves por 120.000 euros; las obras de construcci\u00f3n de punto de vigilancia fija en Villaverde de Guadalimar por 50.000 euros; y las obras de construcci\u00f3n de punto de vigilancia fija en \u201cLos Poyales\u201d Villatoya por 50.000 euros, tambi\u00e9n han sido algunas infraestructuras proyectadas que ha citado el delegado de la Junta.<\/p>\n<p style=\"text-align: justify;\">\u00a0Actuaci\u00f3n de Prevenci\u00f3n<\/p>\n<p style=\"text-align: justify;\">\u00a0Por \u00faltimo, el delegado de la Junta, Pedro Antonio Ruiz Santos tambi\u00e9n ha rese\u00f1ado la importancia de los tratamientos selv\u00edcolas preventivos en las campa\u00f1a de prevenci\u00f3n para lucha contra incendios forestales 2019, realizados durante los per\u00edodos enero-mayo y octubre-diciembre 2018; actuando en 1.504,29 hect\u00e1reas forestales, todo ello a trav\u00e9s de la empresa p\u00fablica Geacam; consistentes en la ejecuci\u00f3n de tratamientos lineales preventivos contra incendios forestales (\u00c1reas de Defensa) sobre 30 t\u00e9rminos municipales de la provincia, que tendr\u00e1n continuidad al finalizar la campa\u00f1a de alto riesgo.<\/p>\n<p style=\"text-align: justify;\">\u00a0Aportaci\u00f3n del Estado<\/p>\n<p style=\"text-align: justify;\">\u00a0Por su parte, el subdelegado del Gobierno, Miguel Juan Espinosa ha reiterado la disposici\u00f3n del Gobierno de Espa\u00f1a de colaborar en las tareas de extinci\u00f3n de incendios forestales, a trav\u00e9s de la intervenci\u00f3n de la Unidad Militar de Emergencia (UME), si la catalogaci\u00f3n del incendio as\u00ed lo requiere.<\/p>\n<p style=\"text-align: justify;\">\u00a0En este aspecto, Espinosa ha se\u00f1alado que el primer batall\u00f3n de la UME, con sede en Torrej\u00f3n de Ardoz se encuentran realizando hoy un ejercicio tipo Alfa, en el t\u00e9rmino municipal de Yeste.<\/p>\n<p style=\"text-align: justify;\">\u00a0Con respecto al dispositivo de colaboraci\u00f3n estatal, el subdelegado del Gobierno de Espa\u00f1a ha detallado la presencia de dos brigadas de apoyo, una brigada anfibio y tres helic\u00f3pteros en nuestro territorio, y la incorporaci\u00f3n de un nuevo mecanismo de comunicaci\u00f3n entre Administraciones en el supuesto caso que tuviese que intervenir la UME.<\/p>\n<p style=\"text-align: justify;\">\u00a0Por \u00faltimo, Miguel Juan Espinosa ha incidido en la necesidad de que exista \u201cuna actitud de prudencia de los usuarios de los montes, son uso responsable en su relaci\u00f3n con el entorno natural\u201d.<\/p>\n<p><!--publicidad-voz03--><a href=\"https:\/\/www.facebook.com\/profile.php?id=100063593791305&amp;locale=es_ES\"><img decoding=\"async\" class=\"alignnone size-medium\" src=\"https:\/\/blogger.googleusercontent.com\/img\/b\/R29vZ2xl\/AVvXsEi8_n_ll8UOcGxCqzFvb_9Io4ICczlGC990BPtPj2w9Px-u7B3oqWUW5vtjZUqPNJ-nyjiUIorE0ATsib_l5tV8BVN-UJ03RTnU__IHJF_4DgDBtY4LIqXNG-FomrO-7ywes20CBCRM2Hcm7EJSh3UUw1dO-c_uTflUrtgY1i7uBRezj_DpympmEFkfbQY\/s1600\/logo-principal2.jpg\" width=\"100%\" height=\"100\" \/><\/a><!--bestpublic-voz03--><!--desk-in-out-voz03--><br \/>\n<!--publicidad-voz04--><a href=\"https:\/\/www.facebook.com\/profile.php?id=61557370768692&amp;locale=es_ES\"><img decoding=\"async\" class=\"alignnone size-medium\" src=\"https:\/\/blogger.googleusercontent.com\/img\/b\/R29vZ2xl\/AVvXsEgy5RdcfffrnrItnYTcV9bCJjgJwldsQLWssfVfrLbyfXeBNTFKgBf0rMIvhrUaGUhiXzVr9_eQgCbi-j63ZDpfTvLIty9w7s140y-m1yHe7eKmEK7v2NAHUJDVYGdfeiQFeRCqUjdwWmN1MX_AUxxz4IVdJ4WIM0APxit8bjWkXzrnEFGqBvW_1F13H1g\/s1600\/logo-principal5.jpg\" width=\"100%\" height=\"100\" \/><\/a><!--bestpublic-voz04--><!--desk-in-out-voz04--><br \/>\n<!--publicidad-voz05--><a href=\"https:\/\/www.facebook.com\/asociaciontamborileroshellin?locale=es_ES\"><img decoding=\"async\" class=\"alignnone size-medium\" src=\"https:\/\/blogger.googleusercontent.com\/img\/b\/R29vZ2xl\/AVvXsEhHEEpZsKK1VpwiYMrS7aE2ujtqIDZoLd4B5wtbiseSU9s2HdTdQfhF84So2XwEB1fv0BLw95GADm6hUl1bkKtzh-eIgVigXONuu_5RxeIMPhjk8q6uNX4EaEHbooKkbu7pCADWPpVJjhKIH5NQSJpWqedC-YBez4QAQeJYokkLot9bhrIaUAeztsGis6M\/s1600\/logo-principal3.jpg\" width=\"100%\" height=\"100\" \/><\/a><!--bestpublic-voz05--><!--desk-in-out-voz05--><br \/>\n<!--publicidad-voz06--><!--bestpublic-voz06--><!--desk-in-out-voz06--><br \/>\n<!--publicidad-voz07--><!--bestpublic-voz07--><!--desk-in-out-voz07--><br \/>\n<!--publicidad-voz08--><!--bestpublic-voz08--><!--desk-in-out-voz08--><br \/>\n<!--publicidad-voz09--><!--bestpublic-voz09--><!--desk-in-out-voz09--><br \/>\n<!--publicidad-voz10--><!--bestpublic-voz10--><!--desk-in-out-voz10--><br \/>\n<!--publicidad-voz11--><!--bestpublic-voz11--><!--desk-in-out-voz11--><br \/>\n<!--publicidad-voz12--><!--bestpublic-voz12--><!--desk-in-out-voz12--><br \/>\n<!--publicidad-voz13--><!--bestpublic-voz13--><!--desk-in-out-voz13--><br \/>\n<!--publicidad-voz14--><!--bestpublic-voz14--><!--desk-in-out-voz14--><br \/>\n<!--publicidad-voz15--><!--bestpublic-voz15--><!--desk-in-out-voz15--><br \/>\n<!--publicidad-voz16--><!--bestpublic-voz16--><!--desk-in-out-voz16--><\/p>\n","protected":false},"excerpt":{"rendered":"<p>EL PLAN DE PREVENCI\u00d3N Y EXTINCI\u00d3N DE INCENDIOS FORESTALES DE CASTILLA LA MANCHA PARA LA PROVINCIA CUENTA CON UN PRESUPUESTO ANUAL DE 17.4 MILLONES DE EUROS EN ESTE A\u00d1O 2019.<\/p>\n","protected":false},"author":2,"featured_media":90587,"comment_status":"closed","ping_status":"closed","sticky":false,"template":"","format":"standard","meta":{"footnotes":""},"categories":[719,718,715,716,717],"tags":[],"class_list":["post-101571","post","type-post","status-publish","format-standard","has-post-thumbnail","hentry","category-blog-lv001","category-blogger","category-la-voz-de-hellin","category-la-voz-de-hellin-la-voz-de-hellin","category-noticias"],"_links":{"self":[{"href":"https:\/\/lavozdehellin.com\/noticias\/wp-json\/wp\/v2\/posts\/101571","targetHints":{"allow":["GET"]}}],"collection":[{"href":"https:\/\/lavozdehellin.com\/noticias\/wp-json\/wp\/v2\/posts"}],"about":[{"href":"https:\/\/lavozdehellin.com\/noticias\/wp-json\/wp\/v2\/types\/post"}],"author":[{"embeddable":true,"href":"https:\/\/lavozdehellin.com\/noticias\/wp-json\/wp\/v2\/users\/2"}],"replies":[{"embeddable":true,"href":"https:\/\/lavozdehellin.com\/noticias\/wp-json\/wp\/v2\/comments?post=101571"}],"version-history":[{"count":0,"href":"https:\/\/lavozdehellin.com\/noticias\/wp-json\/wp\/v2\/posts\/101571\/revisions"}],"wp:featuredmedia":[{"embeddable":true,"href":"https:\/\/lavozdehellin.com\/noticias\/wp-json\/wp\/v2\/media\/90587"}],"wp:attachment":[{"href":"https:\/\/lavozdehellin.com\/noticias\/wp-json\/wp\/v2\/media?parent=101571"}],"wp:term":[{"taxonomy":"category","embeddable":true,"href":"https:\/\/lavozdehellin.com\/noticias\/wp-json\/wp\/v2\/categories?post=101571"},{"taxonomy":"post_tag","embeddable":true,"href":"https:\/\/lavozdehellin.com\/noticias\/wp-json\/wp\/v2\/tags?post=101571"}],"curies":[{"name":"wp","href":"https:\/\/api.w.org\/{rel}","templated":true}]}}