{"id":101572,"date":"2019-05-30T11:32:18","date_gmt":"2019-05-30T11:32:18","guid":{"rendered":"https:\/\/lavozdehellin.com\/noticias\/v00-151-cc-oo-y-las-trabajadoras-de-la-limpieza-de-los-centros-de-salud-de-hellin-piden-al-gobierno-de-clm-que-obligue-a-fcc-a-cumplir-el-convenio-de-aplicacion\/"},"modified":"2024-01-04T14:05:34","modified_gmt":"2024-01-04T14:05:34","slug":"v00-151-cc-oo-y-las-trabajadoras-de-la-limpieza-de-los-centros-de-salud-de-hellin-piden-al-gobierno-de-clm-que-obligue-a-fcc-a-cumplir-el-convenio-de-aplicacion","status":"publish","type":"post","link":"https:\/\/lavozdehellin.com\/noticias\/v00-151-cc-oo-y-las-trabajadoras-de-la-limpieza-de-los-centros-de-salud-de-hellin-piden-al-gobierno-de-clm-que-obligue-a-fcc-a-cumplir-el-convenio-de-aplicacion\/","title":{"rendered":"LVH NOTICIAS | CC.OO Y LAS TRABAJADORAS DE LA LIMPIEZA DE LOS CENTROS DE SALUD DE HELL\u00cdN PIDEN AL GOBIERNO DE CLM QUE OBLIGUE A FCC A CUMPLIR EL CONVENIO DE APLICACI\u00d3N."},"content":{"rendered":"<p style=\"text-align: justify;\">CC.OO y las trabajadoras de la limpieza de los centros de Salud de Hell\u00edn piden al Gobierno de CLM que obligue a FCC a cumplir el convenio de aplicaci\u00f3n.<\/p>\n<p><!--more--><br \/>\n<!--publicidad-voz01--><a href=\"https:\/\/www.facebook.com\/SoloRadioHellin\/?locale=es_ES\"><img decoding=\"async\" class=\"alignnone size-medium\" src=\"https:\/\/blogger.googleusercontent.com\/img\/b\/R29vZ2xl\/AVvXsEiNncirNnyGedv00mhjZjh5Wl4_YPdJGanoAl8tL8zH-HwqE8uHqjEfSt340RHdx-9tuCSIkZ8rFamZiGyYlgDGxCsmXjCH_1xk5eYM3ntFZRvJP_jndOKR7w1UAo9Tu0vrZyOLfqRpHIxYI5SymJJ-pfGCQw6QVpggBH-UgfjiFQ2JOxqxG0Jx94kW83c\/s1600\/logo-principal.jpg\" width=\"100%\" height=\"100\" \/><\/a><!--bestpublic-voz01--><!--desk-in-out-voz01--><br \/>\n<!--publicidad-voz02--><a href=\"https:\/\/www.hellincf.com\/\"><img decoding=\"async\" class=\"alignnone size-medium\" src=\"https:\/\/blogger.googleusercontent.com\/img\/b\/R29vZ2xl\/AVvXsEhuZ4-XfBVj3UtdP8-RZugy3WVrg-Zv28c53m4oV47qYCxL1rX_dqWX_YddsGSnpH5SRDqZ7bZeKPIfDVCDncpjVlhy3aQs2vojcJBn7Gdv9hC2_Nzct_pRFrnFE1a7KTCdY1bT_kAgnY3-iadRZrGeJf1fR2P5fu11bokx0pWjaypoy-ctwCjklldpEbA\/s1600\/logo-principal7.jpg\" width=\"100%\" height=\"100\" \/><\/a><!--bestpublic-voz02--><!--desk-in-out-voz02--><\/p>\n<p style=\"text-align: justify;\">Las nueve trabajadoras de la limpieza de los centros de salud de Hell\u00edn y su comarca (Tobarra, Isso y Nerpio, todos en la provincia de Albacete) han vuelto a secundar un nuevo d\u00eda de huelga, el sexto y \u00faltimo del ciclo de paros convocados por las propias mujeres y CCOO para exigir a la empresa adjudicataria del servicio, la multinacional FCC, que respete y cumpla el convenio colectivo de aplicaci\u00f3n.<\/p>\n<p style=\"text-align: justify;\">CCOO quiere destacar la determinaci\u00f3n, la unidad y el compromiso con la que estas mujeres han ejercido durante seis jornadas consecutivas su derecho de huelga para defender lo que legalmente y en justicia les corresponde<\/p>\n<p style=\"text-align: justify;\">\u201cEstas nueve mujeres llevan casi un a\u00f1o y medio sosteniendo una lucha desigual frente a la multinacional FCC, que se niega a aplicarles la cl\u00e1usula de equiparaci\u00f3n que incluye su convenio colectivo desde 1996, y que la empresa est\u00e1 obligada a respetar porque as\u00ed se especifica expresamente en el pliego que regul\u00f3 la adjudicaci\u00f3n de esta contrata\u201d, subraya Maribel Caba\u00f1eros, secretaria general de CCOO-Construcci\u00f3n y Servicios en Albacete.<\/p>\n<p style=\"text-align: justify;\">Hoy, en la que de momento ha sido la \u00faltima jornada de paros, el Comit\u00e9 de Huelga y la sindicalista de CCOO se han reunido con el responsable de la Gerencia de Atenci\u00f3n Integrada de Hell\u00edn. \u201cLe hemos vuelto a trasladar que el Gobierno de CLM debe exigir a FCC el cumplimiento de las condiciones con las que accedi\u00f3 al servicio; y, de seguir incumpli\u00e9ndolas, debe expulsar a esta empresa de la contrata de la limpieza de los centros de salud de Hell\u00edn y su comarca\u201d, explic\u00f3 Caba\u00f1ero.<\/p>\n<p style=\"text-align: justify;\">\u201cEl Acuerdo de Estabilidad de las Contratas de la JCCM firmado hace casi tres a\u00f1os recoge en su articulado que el incumplimiento por parte de las empresas del convenio colectivo de aplicaci\u00f3n ser\u00e1 motivo de sanci\u00f3n y de rescisi\u00f3n del contrato con la Administraci\u00f3n. Y esto es lo que est\u00e1 haciendo FCC en Hell\u00edn. Por tanto, hemos pedido al responsable de la GAI, y a los de los servicios centrales del Sescam, que act\u00faen con rapidez y contundencia para poner fin a este incumplimiento.\u201d<\/p>\n<p style=\"text-align: justify;\">\u201cHay que recordar que los contratos de externalizaci\u00f3n de servicios celebrados por la Administraci\u00f3n y las empresas adjudicatarias se pagan con dinero p\u00fablico, dinero de todos los ciudadanos y de todas las ciudadanas de esta regi\u00f3n. Quien gobierna tiene que exigir a las empresas que cumplan con los contratos; y si no lo hacen tiene que retirarlas la contrata.\u201d<\/p>\n<p style=\"text-align: justify;\">FCC dej\u00f3 caducar en diciembre de 2017 el convenio colectivo de aplicaci\u00f3n a las trabajadoras de la limpieza de los centros de salud de Hell\u00edn y para renovarlo exige eliminar la cl\u00e1usula que equipara los salarios de las limpiadoras de los centros de salud con los del personal del grupo E del Sescam.<\/p>\n<p style=\"text-align: justify;\">Esta equiparaci\u00f3n figura en el convenio colectivo desde 1996, tras la movilizaci\u00f3n de las mujeres que entonces prestaban el servicio, resuelta definitivamente por sentencia judicial ganada en su d\u00eda por las trabajadoras y CCOO.<\/p>\n<p style=\"text-align: justify;\">As\u00ed, la recuperaci\u00f3n salarial acordada en la Administraci\u00f3n Auton\u00f3mica debe trasladarse tambi\u00e9n a las limpiadoras; cuyas n\u00f3minas deben crecer 14,81 euros. Esta equiparaci\u00f3n le supone a FCC un coste total anual de 2.000 euros, que la empresa se niega a asumir.<\/p>\n<p style=\"text-align: justify;\">\u201cSi los nietos de Carlos Slim o de Esther Koplowitz necesitan este dinero para comer, que se lo queden. Pero el dinero es legalmente de las trabajadoras y FCC no tiene ning\u00fan derecho a quit\u00e1rselo. Exigimos al Sescam y al Gobierno de CLM que as\u00ed se lo haga entender a esta empresa.\u201d<\/p>\n<p><!--publicidad-voz03--><a href=\"https:\/\/www.facebook.com\/profile.php?id=100063593791305&amp;locale=es_ES\"><img decoding=\"async\" class=\"alignnone size-medium\" src=\"https:\/\/blogger.googleusercontent.com\/img\/b\/R29vZ2xl\/AVvXsEi8_n_ll8UOcGxCqzFvb_9Io4ICczlGC990BPtPj2w9Px-u7B3oqWUW5vtjZUqPNJ-nyjiUIorE0ATsib_l5tV8BVN-UJ03RTnU__IHJF_4DgDBtY4LIqXNG-FomrO-7ywes20CBCRM2Hcm7EJSh3UUw1dO-c_uTflUrtgY1i7uBRezj_DpympmEFkfbQY\/s1600\/logo-principal2.jpg\" width=\"100%\" height=\"100\" \/><\/a><!--bestpublic-voz03--><!--desk-in-out-voz03--><br \/>\n<!--publicidad-voz04--><a href=\"https:\/\/www.facebook.com\/profile.php?id=61557370768692&amp;locale=es_ES\"><img decoding=\"async\" class=\"alignnone size-medium\" src=\"https:\/\/blogger.googleusercontent.com\/img\/b\/R29vZ2xl\/AVvXsEgy5RdcfffrnrItnYTcV9bCJjgJwldsQLWssfVfrLbyfXeBNTFKgBf0rMIvhrUaGUhiXzVr9_eQgCbi-j63ZDpfTvLIty9w7s140y-m1yHe7eKmEK7v2NAHUJDVYGdfeiQFeRCqUjdwWmN1MX_AUxxz4IVdJ4WIM0APxit8bjWkXzrnEFGqBvW_1F13H1g\/s1600\/logo-principal5.jpg\" width=\"100%\" height=\"100\" \/><\/a><!--bestpublic-voz04--><!--desk-in-out-voz04--><br \/>\n<!--publicidad-voz05--><a href=\"https:\/\/www.facebook.com\/asociaciontamborileroshellin?locale=es_ES\"><img decoding=\"async\" class=\"alignnone size-medium\" src=\"https:\/\/blogger.googleusercontent.com\/img\/b\/R29vZ2xl\/AVvXsEhHEEpZsKK1VpwiYMrS7aE2ujtqIDZoLd4B5wtbiseSU9s2HdTdQfhF84So2XwEB1fv0BLw95GADm6hUl1bkKtzh-eIgVigXONuu_5RxeIMPhjk8q6uNX4EaEHbooKkbu7pCADWPpVJjhKIH5NQSJpWqedC-YBez4QAQeJYokkLot9bhrIaUAeztsGis6M\/s1600\/logo-principal3.jpg\" width=\"100%\" height=\"100\" \/><\/a><!--bestpublic-voz05--><!--desk-in-out-voz05--><br \/>\n<!--publicidad-voz06--><!--bestpublic-voz06--><!--desk-in-out-voz06--><br \/>\n<!--publicidad-voz07--><!--bestpublic-voz07--><!--desk-in-out-voz07--><br \/>\n<!--publicidad-voz08--><!--bestpublic-voz08--><!--desk-in-out-voz08--><br \/>\n<!--publicidad-voz09--><!--bestpublic-voz09--><!--desk-in-out-voz09--><br \/>\n<!--publicidad-voz10--><!--bestpublic-voz10--><!--desk-in-out-voz10--><br \/>\n<!--publicidad-voz11--><!--bestpublic-voz11--><!--desk-in-out-voz11--><br \/>\n<!--publicidad-voz12--><!--bestpublic-voz12--><!--desk-in-out-voz12--><br \/>\n<!--publicidad-voz13--><!--bestpublic-voz13--><!--desk-in-out-voz13--><br \/>\n<!--publicidad-voz14--><!--bestpublic-voz14--><!--desk-in-out-voz14--><br \/>\n<!--publicidad-voz15--><!--bestpublic-voz15--><!--desk-in-out-voz15--><br \/>\n<!--publicidad-voz16--><!--bestpublic-voz16--><!--desk-in-out-voz16--><\/p>\n","protected":false},"excerpt":{"rendered":"<p>CC.OO Y LAS TRABAJADORAS DE LA LIMPIEZA DE LOS CENTROS DE SALUD DE HELL\u00cdN PIDEN AL GOBIERNO DE CLM QUE OBLIGUE A FCC A CUMPLIR EL CONVENIO DE APLICACI\u00d3N.<\/p>\n","protected":false},"author":2,"featured_media":90579,"comment_status":"closed","ping_status":"closed","sticky":false,"template":"","format":"standard","meta":{"footnotes":""},"categories":[719,718,715,716,717],"tags":[],"class_list":["post-101572","post","type-post","status-publish","format-standard","has-post-thumbnail","hentry","category-blog-lv001","category-blogger","category-la-voz-de-hellin","category-la-voz-de-hellin-la-voz-de-hellin","category-noticias"],"_links":{"self":[{"href":"https:\/\/lavozdehellin.com\/noticias\/wp-json\/wp\/v2\/posts\/101572","targetHints":{"allow":["GET"]}}],"collection":[{"href":"https:\/\/lavozdehellin.com\/noticias\/wp-json\/wp\/v2\/posts"}],"about":[{"href":"https:\/\/lavozdehellin.com\/noticias\/wp-json\/wp\/v2\/types\/post"}],"author":[{"embeddable":true,"href":"https:\/\/lavozdehellin.com\/noticias\/wp-json\/wp\/v2\/users\/2"}],"replies":[{"embeddable":true,"href":"https:\/\/lavozdehellin.com\/noticias\/wp-json\/wp\/v2\/comments?post=101572"}],"version-history":[{"count":0,"href":"https:\/\/lavozdehellin.com\/noticias\/wp-json\/wp\/v2\/posts\/101572\/revisions"}],"wp:featuredmedia":[{"embeddable":true,"href":"https:\/\/lavozdehellin.com\/noticias\/wp-json\/wp\/v2\/media\/90579"}],"wp:attachment":[{"href":"https:\/\/lavozdehellin.com\/noticias\/wp-json\/wp\/v2\/media?parent=101572"}],"wp:term":[{"taxonomy":"category","embeddable":true,"href":"https:\/\/lavozdehellin.com\/noticias\/wp-json\/wp\/v2\/categories?post=101572"},{"taxonomy":"post_tag","embeddable":true,"href":"https:\/\/lavozdehellin.com\/noticias\/wp-json\/wp\/v2\/tags?post=101572"}],"curies":[{"name":"wp","href":"https:\/\/api.w.org\/{rel}","templated":true}]}}