{"id":101573,"date":"2019-05-30T11:11:32","date_gmt":"2019-05-30T11:11:32","guid":{"rendered":"https:\/\/lavozdehellin.com\/noticias\/v00-152-la-hermandad-de-la-oracion-en-el-huerto-de-hellin-abre-proceso-electoral-con-objeto-de-elegir-nuevo-presidente-a\/"},"modified":"2024-01-04T14:05:35","modified_gmt":"2024-01-04T14:05:35","slug":"v00-152-la-hermandad-de-la-oracion-en-el-huerto-de-hellin-abre-proceso-electoral-con-objeto-de-elegir-nuevo-presidente-a","status":"publish","type":"post","link":"https:\/\/lavozdehellin.com\/noticias\/v00-152-la-hermandad-de-la-oracion-en-el-huerto-de-hellin-abre-proceso-electoral-con-objeto-de-elegir-nuevo-presidente-a\/","title":{"rendered":"LVH NOTICIAS | LA HERMANDAD DE LA ORACI\u00d3N EN EL HUERTO DE HELL\u00cdN ABRE PROCESO ELECTORAL CON OBJETO DE ELEGIR NUEVO PRESIDENTE\/A."},"content":{"rendered":"<p style=\"text-align: justify;\">La Hermandad de la Oraci\u00f3n en el Huerto de Hell\u00edn abre proceso electoral con objeto de elegir nuevo presidente\/a.<\/p>\n<p><!--more--><br \/>\n<!--publicidad-voz01--><a href=\"https:\/\/www.facebook.com\/SoloRadioHellin\/?locale=es_ES\"><img decoding=\"async\" class=\"alignnone size-medium\" src=\"https:\/\/blogger.googleusercontent.com\/img\/b\/R29vZ2xl\/AVvXsEiNncirNnyGedv00mhjZjh5Wl4_YPdJGanoAl8tL8zH-HwqE8uHqjEfSt340RHdx-9tuCSIkZ8rFamZiGyYlgDGxCsmXjCH_1xk5eYM3ntFZRvJP_jndOKR7w1UAo9Tu0vrZyOLfqRpHIxYI5SymJJ-pfGCQw6QVpggBH-UgfjiFQ2JOxqxG0Jx94kW83c\/s1600\/logo-principal.jpg\" width=\"100%\" height=\"100\" \/><\/a><!--bestpublic-voz01--><!--desk-in-out-voz01--><br \/>\n<!--publicidad-voz02--><a href=\"https:\/\/www.hellincf.com\/\"><img decoding=\"async\" class=\"alignnone size-medium\" src=\"https:\/\/blogger.googleusercontent.com\/img\/b\/R29vZ2xl\/AVvXsEhuZ4-XfBVj3UtdP8-RZugy3WVrg-Zv28c53m4oV47qYCxL1rX_dqWX_YddsGSnpH5SRDqZ7bZeKPIfDVCDncpjVlhy3aQs2vojcJBn7Gdv9hC2_Nzct_pRFrnFE1a7KTCdY1bT_kAgnY3-iadRZrGeJf1fR2P5fu11bokx0pWjaypoy-ctwCjklldpEbA\/s1600\/logo-principal7.jpg\" width=\"100%\" height=\"100\" \/><\/a><!--bestpublic-voz02--><!--desk-in-out-voz02--><\/p>\n<p style=\"text-align: justify;\">En Hell\u00edn, a 25 de mayo del 2019, queda plena y eficazmente constituida la junta electoral que llevara a cabo el proceso para elecci\u00f3n de un nuevo presidente\/a de la Hermanad de la Oraci\u00f3n del Huerto de Hell\u00edn.<\/p>\n<p style=\"text-align: justify;\">Normas a tener en cuenta:<br \/>\n1. Podr\u00e1 ejercer su derecho a votar o cualquier socio de esta Hermandad que sea mayor de edad el d\u00eda de las elecciones. Se entender\u00e1 por socio a toda aquella persona que est\u00e9 en situaci\u00f3n de alta en la relaci\u00f3n de socios de la Hermandad y que se encuentre al corriente de pago.<\/p>\n<p style=\"text-align: justify;\">2. Candidaturas. Todo aquel SOCIO que presente una candidatura, deber\u00e1 est\u00e1 inscrito en el registro en la Hermandad y encontrarse al corriente de pago.<\/p>\n<p style=\"text-align: justify;\">3. La acreditaci\u00f3n de cada socio se realizar\u00e1 mediante la presentaci\u00f3n del D.N.l.<\/p>\n<p style=\"text-align: justify;\">4. Se encender\u00e1n por locales de la Hermandad, el local situado en la c\/ Melchor de Macan\u00e1z, 45 bajo, de nuestra localidad.<\/p>\n<p style=\"text-align: justify;\">5. La mesa electoral estar\u00e1 constituida por el miembro de mayor edad, el miembro de menor edad (asistentes a la asamblea celebrada para proclamaci\u00f3n de elecciones) y el secretario, los cuales actuar\u00e1n como presidenta, vocal y secretario respetivamente, en el supuesto de que alguno de ellos encabezase alguna candidatura ser\u00e1 sustituido por cualquier otro miembro de los asistentes a dicha asamblea y que no sea cabeza de lista.<\/p>\n<p style=\"text-align: justify;\">La junta Electoral queda integrada por:<br \/>\n\u2013 Presidenta: ENCARNACION GARCIA SIMARRO<br \/>\n\u2013 Vocal: AMANDA CARPENA SUAREZ<br \/>\n\u2013 Secretario: ANTONIO REINA GARCIA<\/p>\n<p style=\"text-align: justify;\">Calendario del proceso:<br \/>\nLa presentaci\u00f3n de candidaturas ser\u00e1n los d\u00edas 11 y 12 de junio de 20 a 21 horas en la sede de la Hermandad c\/ Melchor de Macan\u00e1z n\u00ba 45 bajo. Las candidaturas ser\u00e1n entregadas en mano al secretario. (Tf. 627412253).<\/p>\n<p style=\"text-align: justify;\">13\/06\/2019.- Publicaci\u00f3n provisional de candidaturas y presentaci\u00f3n de reclamaciones si las hubiese.<\/p>\n<p style=\"text-align: justify;\">14\/06\/2019.- De 20 a 21 h. En el local de la Hermandad se celebrar\u00e1n las votaciones, pudiendo asistir toda aquella persona que lo desee.<\/p>\n<p style=\"text-align: justify;\">Una vez finalizado el periodo de votaci\u00f3n, se proceder\u00e1 al recuento de los votos emitidos y a la proclamaci\u00f3n de la candidatura ganadora, pudiendo asistir toda aquella persona que lo desee.<\/p>\n<p><!--publicidad-voz03--><a href=\"https:\/\/www.facebook.com\/profile.php?id=100063593791305&amp;locale=es_ES\"><img decoding=\"async\" class=\"alignnone size-medium\" src=\"https:\/\/blogger.googleusercontent.com\/img\/b\/R29vZ2xl\/AVvXsEi8_n_ll8UOcGxCqzFvb_9Io4ICczlGC990BPtPj2w9Px-u7B3oqWUW5vtjZUqPNJ-nyjiUIorE0ATsib_l5tV8BVN-UJ03RTnU__IHJF_4DgDBtY4LIqXNG-FomrO-7ywes20CBCRM2Hcm7EJSh3UUw1dO-c_uTflUrtgY1i7uBRezj_DpympmEFkfbQY\/s1600\/logo-principal2.jpg\" width=\"100%\" height=\"100\" \/><\/a><!--bestpublic-voz03--><!--desk-in-out-voz03--><br \/>\n<!--publicidad-voz04--><a href=\"https:\/\/www.facebook.com\/profile.php?id=61557370768692&amp;locale=es_ES\"><img decoding=\"async\" class=\"alignnone size-medium\" src=\"https:\/\/blogger.googleusercontent.com\/img\/b\/R29vZ2xl\/AVvXsEgy5RdcfffrnrItnYTcV9bCJjgJwldsQLWssfVfrLbyfXeBNTFKgBf0rMIvhrUaGUhiXzVr9_eQgCbi-j63ZDpfTvLIty9w7s140y-m1yHe7eKmEK7v2NAHUJDVYGdfeiQFeRCqUjdwWmN1MX_AUxxz4IVdJ4WIM0APxit8bjWkXzrnEFGqBvW_1F13H1g\/s1600\/logo-principal5.jpg\" width=\"100%\" height=\"100\" \/><\/a><!--bestpublic-voz04--><!--desk-in-out-voz04--><br \/>\n<!--publicidad-voz05--><a href=\"https:\/\/www.facebook.com\/asociaciontamborileroshellin?locale=es_ES\"><img decoding=\"async\" class=\"alignnone size-medium\" src=\"https:\/\/blogger.googleusercontent.com\/img\/b\/R29vZ2xl\/AVvXsEhHEEpZsKK1VpwiYMrS7aE2ujtqIDZoLd4B5wtbiseSU9s2HdTdQfhF84So2XwEB1fv0BLw95GADm6hUl1bkKtzh-eIgVigXONuu_5RxeIMPhjk8q6uNX4EaEHbooKkbu7pCADWPpVJjhKIH5NQSJpWqedC-YBez4QAQeJYokkLot9bhrIaUAeztsGis6M\/s1600\/logo-principal3.jpg\" width=\"100%\" height=\"100\" \/><\/a><!--bestpublic-voz05--><!--desk-in-out-voz05--><br \/>\n<!--publicidad-voz06--><!--bestpublic-voz06--><!--desk-in-out-voz06--><br \/>\n<!--publicidad-voz07--><!--bestpublic-voz07--><!--desk-in-out-voz07--><br \/>\n<!--publicidad-voz08--><!--bestpublic-voz08--><!--desk-in-out-voz08--><br \/>\n<!--publicidad-voz09--><!--bestpublic-voz09--><!--desk-in-out-voz09--><br \/>\n<!--publicidad-voz10--><!--bestpublic-voz10--><!--desk-in-out-voz10--><br \/>\n<!--publicidad-voz11--><!--bestpublic-voz11--><!--desk-in-out-voz11--><br \/>\n<!--publicidad-voz12--><!--bestpublic-voz12--><!--desk-in-out-voz12--><br \/>\n<!--publicidad-voz13--><!--bestpublic-voz13--><!--desk-in-out-voz13--><br \/>\n<!--publicidad-voz14--><!--bestpublic-voz14--><!--desk-in-out-voz14--><br \/>\n<!--publicidad-voz15--><!--bestpublic-voz15--><!--desk-in-out-voz15--><br \/>\n<!--publicidad-voz16--><!--bestpublic-voz16--><!--desk-in-out-voz16--><\/p>\n","protected":false},"excerpt":{"rendered":"<p>LA HERMANDAD DE LA ORACI\u00d3N EN EL HUERTO DE HELL\u00cdN ABRE PROCESO ELECTORAL CON OBJETO DE ELEGIR NUEVO PRESIDENTE\/A.<\/p>\n","protected":false},"author":2,"featured_media":90584,"comment_status":"closed","ping_status":"closed","sticky":false,"template":"","format":"standard","meta":{"footnotes":""},"categories":[719,718,715,716,717],"tags":[],"class_list":["post-101573","post","type-post","status-publish","format-standard","has-post-thumbnail","hentry","category-blog-lv001","category-blogger","category-la-voz-de-hellin","category-la-voz-de-hellin-la-voz-de-hellin","category-noticias"],"_links":{"self":[{"href":"https:\/\/lavozdehellin.com\/noticias\/wp-json\/wp\/v2\/posts\/101573","targetHints":{"allow":["GET"]}}],"collection":[{"href":"https:\/\/lavozdehellin.com\/noticias\/wp-json\/wp\/v2\/posts"}],"about":[{"href":"https:\/\/lavozdehellin.com\/noticias\/wp-json\/wp\/v2\/types\/post"}],"author":[{"embeddable":true,"href":"https:\/\/lavozdehellin.com\/noticias\/wp-json\/wp\/v2\/users\/2"}],"replies":[{"embeddable":true,"href":"https:\/\/lavozdehellin.com\/noticias\/wp-json\/wp\/v2\/comments?post=101573"}],"version-history":[{"count":0,"href":"https:\/\/lavozdehellin.com\/noticias\/wp-json\/wp\/v2\/posts\/101573\/revisions"}],"wp:featuredmedia":[{"embeddable":true,"href":"https:\/\/lavozdehellin.com\/noticias\/wp-json\/wp\/v2\/media\/90584"}],"wp:attachment":[{"href":"https:\/\/lavozdehellin.com\/noticias\/wp-json\/wp\/v2\/media?parent=101573"}],"wp:term":[{"taxonomy":"category","embeddable":true,"href":"https:\/\/lavozdehellin.com\/noticias\/wp-json\/wp\/v2\/categories?post=101573"},{"taxonomy":"post_tag","embeddable":true,"href":"https:\/\/lavozdehellin.com\/noticias\/wp-json\/wp\/v2\/tags?post=101573"}],"curies":[{"name":"wp","href":"https:\/\/api.w.org\/{rel}","templated":true}]}}