{"id":101574,"date":"2019-05-30T10:57:08","date_gmt":"2019-05-30T10:57:08","guid":{"rendered":"https:\/\/lavozdehellin.com\/noticias\/v00-153-las-asociaciones-de-vecinos-de-hellin-y-pedanias-abren-ludotecas-en-diferentes-barrios-de-nuestra-ciudad\/"},"modified":"2024-01-04T14:05:35","modified_gmt":"2024-01-04T14:05:35","slug":"v00-153-las-asociaciones-de-vecinos-de-hellin-y-pedanias-abren-ludotecas-en-diferentes-barrios-de-nuestra-ciudad","status":"publish","type":"post","link":"https:\/\/lavozdehellin.com\/noticias\/v00-153-las-asociaciones-de-vecinos-de-hellin-y-pedanias-abren-ludotecas-en-diferentes-barrios-de-nuestra-ciudad\/","title":{"rendered":"LVH NOTICIAS | LAS ASOCIACIONES DE VECINOS DE HELL\u00cdN Y PEDAN\u00cdAS ABREN LUDOTECAS EN DIFERENTES BARRIOS DE NUESTRA CIUDAD."},"content":{"rendered":"<p style=\"text-align: justify;\">Las Asociaciones de vecinos de Hell\u00edn y pedan\u00edas abren Ludotecas en diferentes barrios de nuestra ciudad.<\/p>\n<p><!--more--><br \/>\n<!--publicidad-voz01--><a href=\"https:\/\/www.facebook.com\/SoloRadioHellin\/?locale=es_ES\"><img decoding=\"async\" class=\"alignnone size-medium\" src=\"https:\/\/blogger.googleusercontent.com\/img\/b\/R29vZ2xl\/AVvXsEiNncirNnyGedv00mhjZjh5Wl4_YPdJGanoAl8tL8zH-HwqE8uHqjEfSt340RHdx-9tuCSIkZ8rFamZiGyYlgDGxCsmXjCH_1xk5eYM3ntFZRvJP_jndOKR7w1UAo9Tu0vrZyOLfqRpHIxYI5SymJJ-pfGCQw6QVpggBH-UgfjiFQ2JOxqxG0Jx94kW83c\/s1600\/logo-principal.jpg\" width=\"100%\" height=\"100\" \/><\/a><!--bestpublic-voz01--><!--desk-in-out-voz01--><br \/>\n<!--publicidad-voz02--><a href=\"https:\/\/www.hellincf.com\/\"><img decoding=\"async\" class=\"alignnone size-medium\" src=\"https:\/\/blogger.googleusercontent.com\/img\/b\/R29vZ2xl\/AVvXsEhuZ4-XfBVj3UtdP8-RZugy3WVrg-Zv28c53m4oV47qYCxL1rX_dqWX_YddsGSnpH5SRDqZ7bZeKPIfDVCDncpjVlhy3aQs2vojcJBn7Gdv9hC2_Nzct_pRFrnFE1a7KTCdY1bT_kAgnY3-iadRZrGeJf1fR2P5fu11bokx0pWjaypoy-ctwCjklldpEbA\/s1600\/logo-principal7.jpg\" width=\"100%\" height=\"100\" \/><\/a><!--bestpublic-voz02--><!--desk-in-out-voz02--><\/p>\n<p style=\"text-align: justify;\">Desde la Federaci\u00f3n de Asociaciones de Vecinos de Hell\u00edn se informa de la puesta en marcha de un nuevo programa de actividades dirigido a la familia, especialmente a los ni\u00f1os de entre 4 y 12 a\u00f1os. Se trata de la apertura de un espacio para ocupar el Tiempo Libre las tardes del mes de junio.<\/p>\n<p style=\"text-align: justify;\">En los barrios que participan en el programa se habilitar\u00e1 un espacio de juego, talleres y actividades l\u00fadicas para que puedan disfrutar del juego en compa\u00f1\u00eda de otros ni\u00f1os y bajo las directrices y supervisi\u00f3n de un monitor. Las Ludotecas abrir\u00e1n de lunes a viernes, de 17 a 21 horas para que los interesados puedan asistir, dentro de esa franja horaria, cuando lo estimen oportuno.<\/p>\n<p style=\"text-align: justify;\">La Federaci\u00f3n de Asociaciones de Vecinos considera que con este programa de Ludotecas responde a las dificultades para jugar con libertad que tienen los ni\u00f1os de hoy: relacionados con la insuficiencia de espacio, con viviendas reducidas, con unas calles que no contemplan lugares para el juego, con parques poco equipados e inseguros\u2026 A esta realidad habr\u00eda que a\u00f1adir la merma de posibilidades para encontrarse con compa\u00f1eros, la dificultad para recibir visitas de amigos y jugar juntos en el propio hogar, las escasas relaciones con los vecinos de portal, la falta de tiempo libre durante el periodo escolar o, simplemente, que muchos ni\u00f1os ni siquiera tienen hermanos con quienes compartir sus juegos.<\/p>\n<p style=\"text-align: justify;\">Para la FAVE, las Ludotecas Vecinales no son simplemente lugares donde el ni\u00f1o puede pasar parte de su tiempo, sino una herramienta muy valiosa para su educaci\u00f3n y desarrollo. Con este programa se trata de rescatar el juego tradicional y contrarrestar los efectos negativos de la cultura de la imagen impuesta; se conciben como un espacio para el uso del juego libre y como m\u00e9todo de aprendizaje y desarrollo de competencias, habilidades y conductas deseadas.<\/p>\n<p style=\"text-align: justify;\">Los objetivos que se marca la Federaci\u00f3n de Asociaciones de Vecinos con este Programa son:<br \/>\n\u2023 Abrir en cada uno de los barrios y pedan\u00edas de Hell\u00edn un espacio donde los ni\u00f1os puedan ocupar, durante algunas horas, su tiempo libre.<br \/>\n\u2023 Conseguir que se relacionen diferentes grupos juveniles que circulan por los barrios y no sean colectivos cerrados dentro del mismo.<br \/>\n\u2023 Promocionar a la Asociaci\u00f3n de Vecinos como una entidad de servicios abierta al barrio.<br \/>\n\u2023 Favorecer el desarrollo personal de los participantes fomentando su creatividad y favoreciendo la participaci\u00f3n, la cooperaci\u00f3n y la solidaridad.<\/p>\n<p style=\"text-align: justify;\">Las Asociaciones de Vecinos que abrir\u00e1n sus instalaciones como Ludoteca durante el mes de junio son: AV Barrio del Pino, AV Barrio de la Estaci\u00f3n, AV Barrio de San Rafael, AV Barrio del Coraz\u00f3n de Jes\u00fas, AV Barrio del Calvario y AV Ca\u00f1ada de Agra .<\/p>\n<p style=\"text-align: justify;\">M\u00e1s informaci\u00f3n e inscripciones en FAVE, calle Carmen 19, llamando al 642 35 44 22 o al correo electr\u00f3nico favevecinoshellin@gmail.com<\/p>\n<p><!--publicidad-voz03--><a href=\"https:\/\/www.facebook.com\/profile.php?id=100063593791305&amp;locale=es_ES\"><img decoding=\"async\" class=\"alignnone size-medium\" src=\"https:\/\/blogger.googleusercontent.com\/img\/b\/R29vZ2xl\/AVvXsEi8_n_ll8UOcGxCqzFvb_9Io4ICczlGC990BPtPj2w9Px-u7B3oqWUW5vtjZUqPNJ-nyjiUIorE0ATsib_l5tV8BVN-UJ03RTnU__IHJF_4DgDBtY4LIqXNG-FomrO-7ywes20CBCRM2Hcm7EJSh3UUw1dO-c_uTflUrtgY1i7uBRezj_DpympmEFkfbQY\/s1600\/logo-principal2.jpg\" width=\"100%\" height=\"100\" \/><\/a><!--bestpublic-voz03--><!--desk-in-out-voz03--><br \/>\n<!--publicidad-voz04--><a href=\"https:\/\/www.facebook.com\/profile.php?id=61557370768692&amp;locale=es_ES\"><img decoding=\"async\" class=\"alignnone size-medium\" src=\"https:\/\/blogger.googleusercontent.com\/img\/b\/R29vZ2xl\/AVvXsEgy5RdcfffrnrItnYTcV9bCJjgJwldsQLWssfVfrLbyfXeBNTFKgBf0rMIvhrUaGUhiXzVr9_eQgCbi-j63ZDpfTvLIty9w7s140y-m1yHe7eKmEK7v2NAHUJDVYGdfeiQFeRCqUjdwWmN1MX_AUxxz4IVdJ4WIM0APxit8bjWkXzrnEFGqBvW_1F13H1g\/s1600\/logo-principal5.jpg\" width=\"100%\" height=\"100\" \/><\/a><!--bestpublic-voz04--><!--desk-in-out-voz04--><br \/>\n<!--publicidad-voz05--><a href=\"https:\/\/www.facebook.com\/asociaciontamborileroshellin?locale=es_ES\"><img decoding=\"async\" class=\"alignnone size-medium\" src=\"https:\/\/blogger.googleusercontent.com\/img\/b\/R29vZ2xl\/AVvXsEhHEEpZsKK1VpwiYMrS7aE2ujtqIDZoLd4B5wtbiseSU9s2HdTdQfhF84So2XwEB1fv0BLw95GADm6hUl1bkKtzh-eIgVigXONuu_5RxeIMPhjk8q6uNX4EaEHbooKkbu7pCADWPpVJjhKIH5NQSJpWqedC-YBez4QAQeJYokkLot9bhrIaUAeztsGis6M\/s1600\/logo-principal3.jpg\" width=\"100%\" height=\"100\" \/><\/a><!--bestpublic-voz05--><!--desk-in-out-voz05--><br \/>\n<!--publicidad-voz06--><!--bestpublic-voz06--><!--desk-in-out-voz06--><br \/>\n<!--publicidad-voz07--><!--bestpublic-voz07--><!--desk-in-out-voz07--><br \/>\n<!--publicidad-voz08--><!--bestpublic-voz08--><!--desk-in-out-voz08--><br \/>\n<!--publicidad-voz09--><!--bestpublic-voz09--><!--desk-in-out-voz09--><br \/>\n<!--publicidad-voz10--><!--bestpublic-voz10--><!--desk-in-out-voz10--><br \/>\n<!--publicidad-voz11--><!--bestpublic-voz11--><!--desk-in-out-voz11--><br \/>\n<!--publicidad-voz12--><!--bestpublic-voz12--><!--desk-in-out-voz12--><br \/>\n<!--publicidad-voz13--><!--bestpublic-voz13--><!--desk-in-out-voz13--><br \/>\n<!--publicidad-voz14--><!--bestpublic-voz14--><!--desk-in-out-voz14--><br \/>\n<!--publicidad-voz15--><!--bestpublic-voz15--><!--desk-in-out-voz15--><br \/>\n<!--publicidad-voz16--><!--bestpublic-voz16--><!--desk-in-out-voz16--><\/p>\n","protected":false},"excerpt":{"rendered":"<p>LAS ASOCIACIONES DE VECINOS DE HELL\u00cdN Y PEDAN\u00cdAS ABREN LUDOTECAS EN DIFERENTES BARRIOS DE NUESTRA CIUDAD.<\/p>\n","protected":false},"author":2,"featured_media":90579,"comment_status":"closed","ping_status":"closed","sticky":false,"template":"","format":"standard","meta":{"footnotes":""},"categories":[719,718,715,716,717],"tags":[],"class_list":["post-101574","post","type-post","status-publish","format-standard","has-post-thumbnail","hentry","category-blog-lv001","category-blogger","category-la-voz-de-hellin","category-la-voz-de-hellin-la-voz-de-hellin","category-noticias"],"_links":{"self":[{"href":"https:\/\/lavozdehellin.com\/noticias\/wp-json\/wp\/v2\/posts\/101574","targetHints":{"allow":["GET"]}}],"collection":[{"href":"https:\/\/lavozdehellin.com\/noticias\/wp-json\/wp\/v2\/posts"}],"about":[{"href":"https:\/\/lavozdehellin.com\/noticias\/wp-json\/wp\/v2\/types\/post"}],"author":[{"embeddable":true,"href":"https:\/\/lavozdehellin.com\/noticias\/wp-json\/wp\/v2\/users\/2"}],"replies":[{"embeddable":true,"href":"https:\/\/lavozdehellin.com\/noticias\/wp-json\/wp\/v2\/comments?post=101574"}],"version-history":[{"count":0,"href":"https:\/\/lavozdehellin.com\/noticias\/wp-json\/wp\/v2\/posts\/101574\/revisions"}],"wp:featuredmedia":[{"embeddable":true,"href":"https:\/\/lavozdehellin.com\/noticias\/wp-json\/wp\/v2\/media\/90579"}],"wp:attachment":[{"href":"https:\/\/lavozdehellin.com\/noticias\/wp-json\/wp\/v2\/media?parent=101574"}],"wp:term":[{"taxonomy":"category","embeddable":true,"href":"https:\/\/lavozdehellin.com\/noticias\/wp-json\/wp\/v2\/categories?post=101574"},{"taxonomy":"post_tag","embeddable":true,"href":"https:\/\/lavozdehellin.com\/noticias\/wp-json\/wp\/v2\/tags?post=101574"}],"curies":[{"name":"wp","href":"https:\/\/api.w.org\/{rel}","templated":true}]}}