{"id":101576,"date":"2019-05-28T10:43:43","date_gmt":"2019-05-28T10:43:43","guid":{"rendered":"https:\/\/lavozdehellin.com\/noticias\/v00-155-los-programas-del-plan-educar-para-la-salud-llega-a-7-centros-educativos-de-nuestra-localidad-a-traves-de-la-aecc\/"},"modified":"2024-01-04T14:05:35","modified_gmt":"2024-01-04T14:05:35","slug":"v00-155-los-programas-del-plan-educar-para-la-salud-llega-a-7-centros-educativos-de-nuestra-localidad-a-traves-de-la-aecc","status":"publish","type":"post","link":"https:\/\/lavozdehellin.com\/noticias\/v00-155-los-programas-del-plan-educar-para-la-salud-llega-a-7-centros-educativos-de-nuestra-localidad-a-traves-de-la-aecc\/","title":{"rendered":"LVH NOTICIAS | LOS PROGRAMAS DEL PLAN \u201cEDUCAR PARA LA SALUD\u201d LLEGA A 7 CENTROS EDUCATIVOS DE NUESTRA LOCALIDAD A TRAV\u00c9S DE LA AECC."},"content":{"rendered":"<p style=\"text-align: justify;\">Los programas del Plan \u201cEducar para la Salud\u201d ha llegado a 7 centros educativos de nuestra localidad a trav\u00e9s de la AECC.<\/p>\n<p><!--more--><br \/>\n<!--publicidad-voz01--><a href=\"https:\/\/www.facebook.com\/SoloRadioHellin\/?locale=es_ES\"><img decoding=\"async\" class=\"alignnone size-medium\" src=\"https:\/\/blogger.googleusercontent.com\/img\/b\/R29vZ2xl\/AVvXsEiNncirNnyGedv00mhjZjh5Wl4_YPdJGanoAl8tL8zH-HwqE8uHqjEfSt340RHdx-9tuCSIkZ8rFamZiGyYlgDGxCsmXjCH_1xk5eYM3ntFZRvJP_jndOKR7w1UAo9Tu0vrZyOLfqRpHIxYI5SymJJ-pfGCQw6QVpggBH-UgfjiFQ2JOxqxG0Jx94kW83c\/s1600\/logo-principal.jpg\" width=\"100%\" height=\"100\" \/><\/a><!--bestpublic-voz01--><!--desk-in-out-voz01--><br \/>\n<!--publicidad-voz02--><a href=\"https:\/\/www.hellincf.com\/\"><img decoding=\"async\" class=\"alignnone size-medium\" src=\"https:\/\/blogger.googleusercontent.com\/img\/b\/R29vZ2xl\/AVvXsEhuZ4-XfBVj3UtdP8-RZugy3WVrg-Zv28c53m4oV47qYCxL1rX_dqWX_YddsGSnpH5SRDqZ7bZeKPIfDVCDncpjVlhy3aQs2vojcJBn7Gdv9hC2_Nzct_pRFrnFE1a7KTCdY1bT_kAgnY3-iadRZrGeJf1fR2P5fu11bokx0pWjaypoy-ctwCjklldpEbA\/s1600\/logo-principal7.jpg\" width=\"100%\" height=\"100\" \/><\/a><!--bestpublic-voz02--><!--desk-in-out-voz02--><\/p>\n<p style=\"text-align: justify;\">Uno de los objetivos estrat\u00e9gicos m\u00e1s importantes de la AECC, a parte de apoyar y acompa\u00f1ar a los pacientes oncol\u00f3gicos y a sus familiares, se encuentra en la prevenci\u00f3n de las enfermedades oncol\u00f3gicas a trav\u00e9s de la\u00a0informaci\u00f3n y concienciaci\u00f3n sobre h\u00e1bitos de vida saludables.<\/p>\n<p style=\"text-align: justify;\">\u00a0Una de las actividades m\u00e1s importantes que la AECC realiza con este objetivo es el Plan \u201cEducar Para la Salud\u201d, el cual se pone a principios de curso a disposici\u00f3n de todos los centros educativos de la provincia.<\/p>\n<p style=\"text-align: justify;\">Este Plan consta de 13 programas diferentes basados en el C\u00f3digo Europeo Contra el C\u00e1ncer y destinado a la promoci\u00f3n de h\u00e1bitos de vida saludable, como pueden ser la buena alimentaci\u00f3n y la importancia de realizar ejercicio f\u00edsico, evitar el consumo de tabaco y\u00a0de alcohol, as\u00ed como saber c\u00f3mo protegerse adecuadamente del sol.<\/p>\n<p style=\"text-align: justify;\">Cada uno de estos 13 programas est\u00e1 dirigido a un rango de edad diferente, desde Educaci\u00f3n Infantil hasta Formaci\u00f3n Profesional, pasando por todos los cursos de Primaria y Secundaria.<\/p>\n<p style=\"text-align: justify;\">\u00a0Este curso acad\u00e9mico se han realizado los Programas del Plan \u201cEducar para la Salud\u201d en 7 centros educativos de nuestra localidad, en los cuales se han realizado 72 sesiones en total por parte de la AECC, siempre de manera completamente gratuita, llegando a un total de 1885 alumnos.<\/p>\n<p style=\"text-align: justify;\">Los centros educativos que se han beneficio de este servicio han sido el Colegio Ntra. Sra.\u00a0del Rosario, Colegio Ntra. Sra. de los Dolores, Colegio San Rafael, Colegio La Olivarera, IES Izpis\u00faa Belmonte, IES Melchor de Macanaz y el IES Justo Mill\u00e1n.<\/p>\n<p><!--publicidad-voz03--><a href=\"https:\/\/www.facebook.com\/profile.php?id=100063593791305&amp;locale=es_ES\"><img decoding=\"async\" class=\"alignnone size-medium\" src=\"https:\/\/blogger.googleusercontent.com\/img\/b\/R29vZ2xl\/AVvXsEi8_n_ll8UOcGxCqzFvb_9Io4ICczlGC990BPtPj2w9Px-u7B3oqWUW5vtjZUqPNJ-nyjiUIorE0ATsib_l5tV8BVN-UJ03RTnU__IHJF_4DgDBtY4LIqXNG-FomrO-7ywes20CBCRM2Hcm7EJSh3UUw1dO-c_uTflUrtgY1i7uBRezj_DpympmEFkfbQY\/s1600\/logo-principal2.jpg\" width=\"100%\" height=\"100\" \/><\/a><!--bestpublic-voz03--><!--desk-in-out-voz03--><br \/>\n<!--publicidad-voz04--><a href=\"https:\/\/www.facebook.com\/profile.php?id=61557370768692&amp;locale=es_ES\"><img decoding=\"async\" class=\"alignnone size-medium\" src=\"https:\/\/blogger.googleusercontent.com\/img\/b\/R29vZ2xl\/AVvXsEgy5RdcfffrnrItnYTcV9bCJjgJwldsQLWssfVfrLbyfXeBNTFKgBf0rMIvhrUaGUhiXzVr9_eQgCbi-j63ZDpfTvLIty9w7s140y-m1yHe7eKmEK7v2NAHUJDVYGdfeiQFeRCqUjdwWmN1MX_AUxxz4IVdJ4WIM0APxit8bjWkXzrnEFGqBvW_1F13H1g\/s1600\/logo-principal5.jpg\" width=\"100%\" height=\"100\" \/><\/a><!--bestpublic-voz04--><!--desk-in-out-voz04--><br \/>\n<!--publicidad-voz05--><a href=\"https:\/\/www.facebook.com\/asociaciontamborileroshellin?locale=es_ES\"><img decoding=\"async\" class=\"alignnone size-medium\" src=\"https:\/\/blogger.googleusercontent.com\/img\/b\/R29vZ2xl\/AVvXsEhHEEpZsKK1VpwiYMrS7aE2ujtqIDZoLd4B5wtbiseSU9s2HdTdQfhF84So2XwEB1fv0BLw95GADm6hUl1bkKtzh-eIgVigXONuu_5RxeIMPhjk8q6uNX4EaEHbooKkbu7pCADWPpVJjhKIH5NQSJpWqedC-YBez4QAQeJYokkLot9bhrIaUAeztsGis6M\/s1600\/logo-principal3.jpg\" width=\"100%\" height=\"100\" \/><\/a><!--bestpublic-voz05--><!--desk-in-out-voz05--><br \/>\n<!--publicidad-voz06--><!--bestpublic-voz06--><!--desk-in-out-voz06--><br \/>\n<!--publicidad-voz07--><!--bestpublic-voz07--><!--desk-in-out-voz07--><br \/>\n<!--publicidad-voz08--><!--bestpublic-voz08--><!--desk-in-out-voz08--><br \/>\n<!--publicidad-voz09--><!--bestpublic-voz09--><!--desk-in-out-voz09--><br \/>\n<!--publicidad-voz10--><!--bestpublic-voz10--><!--desk-in-out-voz10--><br \/>\n<!--publicidad-voz11--><!--bestpublic-voz11--><!--desk-in-out-voz11--><br \/>\n<!--publicidad-voz12--><!--bestpublic-voz12--><!--desk-in-out-voz12--><br \/>\n<!--publicidad-voz13--><!--bestpublic-voz13--><!--desk-in-out-voz13--><br \/>\n<!--publicidad-voz14--><!--bestpublic-voz14--><!--desk-in-out-voz14--><br \/>\n<!--publicidad-voz15--><!--bestpublic-voz15--><!--desk-in-out-voz15--><br \/>\n<!--publicidad-voz16--><!--bestpublic-voz16--><!--desk-in-out-voz16--><\/p>\n","protected":false},"excerpt":{"rendered":"<p>LOS PROGRAMAS DEL PLAN \u201cEDUCAR PARA LA SALUD\u201d LLEGA A 7 CENTROS EDUCATIVOS DE NUESTRA LOCALIDAD A TRAV\u00c9S DE LA AECC.<\/p>\n","protected":false},"author":2,"featured_media":90579,"comment_status":"closed","ping_status":"closed","sticky":false,"template":"","format":"standard","meta":{"footnotes":""},"categories":[719,718,715,716,717],"tags":[],"class_list":["post-101576","post","type-post","status-publish","format-standard","has-post-thumbnail","hentry","category-blog-lv001","category-blogger","category-la-voz-de-hellin","category-la-voz-de-hellin-la-voz-de-hellin","category-noticias"],"_links":{"self":[{"href":"https:\/\/lavozdehellin.com\/noticias\/wp-json\/wp\/v2\/posts\/101576","targetHints":{"allow":["GET"]}}],"collection":[{"href":"https:\/\/lavozdehellin.com\/noticias\/wp-json\/wp\/v2\/posts"}],"about":[{"href":"https:\/\/lavozdehellin.com\/noticias\/wp-json\/wp\/v2\/types\/post"}],"author":[{"embeddable":true,"href":"https:\/\/lavozdehellin.com\/noticias\/wp-json\/wp\/v2\/users\/2"}],"replies":[{"embeddable":true,"href":"https:\/\/lavozdehellin.com\/noticias\/wp-json\/wp\/v2\/comments?post=101576"}],"version-history":[{"count":0,"href":"https:\/\/lavozdehellin.com\/noticias\/wp-json\/wp\/v2\/posts\/101576\/revisions"}],"wp:featuredmedia":[{"embeddable":true,"href":"https:\/\/lavozdehellin.com\/noticias\/wp-json\/wp\/v2\/media\/90579"}],"wp:attachment":[{"href":"https:\/\/lavozdehellin.com\/noticias\/wp-json\/wp\/v2\/media?parent=101576"}],"wp:term":[{"taxonomy":"category","embeddable":true,"href":"https:\/\/lavozdehellin.com\/noticias\/wp-json\/wp\/v2\/categories?post=101576"},{"taxonomy":"post_tag","embeddable":true,"href":"https:\/\/lavozdehellin.com\/noticias\/wp-json\/wp\/v2\/tags?post=101576"}],"curies":[{"name":"wp","href":"https:\/\/api.w.org\/{rel}","templated":true}]}}