{"id":101577,"date":"2019-05-28T10:31:29","date_gmt":"2019-05-28T10:31:29","guid":{"rendered":"https:\/\/lavozdehellin.com\/noticias\/v00-156-las-nueve-trabajadoras-del-servicio-de-limpieza-de-los-centros-de-salud-del-sescam-de-hellin-tobarra-nerpio-e-isso-secundan-su-5o-dia-de-huelga-en-defensa-de-su-convenio-colectivo\/"},"modified":"2024-01-04T14:05:35","modified_gmt":"2024-01-04T14:05:35","slug":"v00-156-las-nueve-trabajadoras-del-servicio-de-limpieza-de-los-centros-de-salud-del-sescam-de-hellin-tobarra-nerpio-e-isso-secundan-su-5o-dia-de-huelga-en-defensa-de-su-convenio-colectivo","status":"publish","type":"post","link":"https:\/\/lavozdehellin.com\/noticias\/v00-156-las-nueve-trabajadoras-del-servicio-de-limpieza-de-los-centros-de-salud-del-sescam-de-hellin-tobarra-nerpio-e-isso-secundan-su-5o-dia-de-huelga-en-defensa-de-su-convenio-colectivo\/","title":{"rendered":"LVH NOTICIAS | LAS NUEVE TRABAJADORAS DEL SERVICIO DE LIMPIEZA DE LOS CENTROS DE SALUD DEL SESCAM DE HELL\u00cdN, TOBARRA, NERPIO E ISSO SECUNDAN SU 5\u00ba D\u00cdA DE HUELGA EN DEFENSA DE SU CONVENIO COLECTIVO."},"content":{"rendered":"<p style=\"text-align: justify;\">Las nueve trabajadoras del servicio de limpieza de los Centros de Salud del SESCAM de Hell\u00edn, Tobarra, Nerpio e Isso secundan su 5\u00ba d\u00eda de huelga en defensa de su convenio colectivo.<\/p>\n<p><!--more--><br \/>\n<!--publicidad-voz01--><a href=\"https:\/\/www.facebook.com\/SoloRadioHellin\/?locale=es_ES\"><img decoding=\"async\" class=\"alignnone size-medium\" src=\"https:\/\/blogger.googleusercontent.com\/img\/b\/R29vZ2xl\/AVvXsEiNncirNnyGedv00mhjZjh5Wl4_YPdJGanoAl8tL8zH-HwqE8uHqjEfSt340RHdx-9tuCSIkZ8rFamZiGyYlgDGxCsmXjCH_1xk5eYM3ntFZRvJP_jndOKR7w1UAo9Tu0vrZyOLfqRpHIxYI5SymJJ-pfGCQw6QVpggBH-UgfjiFQ2JOxqxG0Jx94kW83c\/s1600\/logo-principal.jpg\" width=\"100%\" height=\"100\" \/><\/a><!--bestpublic-voz01--><!--desk-in-out-voz01--><br \/>\n<!--publicidad-voz02--><a href=\"https:\/\/www.hellincf.com\/\"><img decoding=\"async\" class=\"alignnone size-medium\" src=\"https:\/\/blogger.googleusercontent.com\/img\/b\/R29vZ2xl\/AVvXsEhuZ4-XfBVj3UtdP8-RZugy3WVrg-Zv28c53m4oV47qYCxL1rX_dqWX_YddsGSnpH5SRDqZ7bZeKPIfDVCDncpjVlhy3aQs2vojcJBn7Gdv9hC2_Nzct_pRFrnFE1a7KTCdY1bT_kAgnY3-iadRZrGeJf1fR2P5fu11bokx0pWjaypoy-ctwCjklldpEbA\/s1600\/logo-principal7.jpg\" width=\"100%\" height=\"100\" \/><\/a><!--bestpublic-voz02--><!--desk-in-out-voz02--><\/p>\n<p style=\"text-align: justify;\">Tras las movilizaciones desarrolladas el mi\u00e9rcoles, jueves y viernes de la pasada semana en Hell\u00edn, las mujeres se han concentrado en el centro de salud de Tobarra, localidad donde han repartido folletos informativos sobre el conflicto que mantienen contra la empresa adjudicataria del servicio, la multinacional FCC, que quiere suprimir una cl\u00e1usula del convenio colectivo de aplicaci\u00f3n para ahorrarse 2.000 euros anuales, quitando a las trabajadoras unos 15 euros de cada n\u00f3mina.<\/p>\n<p style=\"text-align: justify;\">\u201cEl reelegido presidente de CLM, Emiliano Garc\u00eda Page, debe conocer lo que est\u00e1 pasando aqu\u00ed; y su consejero interino de Sanidad y la gerente interina del Sescam tienen que tomar medidas contra FCC, tal y como prev\u00e9 el Acuerdo de Estabilidad de las Contratas de la JCCM que firmamos en la pasada legislatura.\u201d<\/p>\n<p style=\"text-align: justify;\">\u201cFCC se niega a respetar el convenio colectivo, cuya aplicaci\u00f3n de la \u2018a\u2019 a la \u2018z\u2019 se exige en el pliego de condiciones por el que esta empresa accedi\u00f3 a la contrata. Y no aplicar el convenio es causa de sanci\u00f3n e incluso de rescisi\u00f3n de la contrata\u201d, denuncia Isabel Caba\u00f1ero, secretaria general de CCOO-Construcci\u00f3n y Servicios en Albacete.<\/p>\n<p style=\"text-align: justify;\">\u201cCon la pretensi\u00f3n de eliminar un derecho conseguido en 1996, FCC lleva a\u00f1o y medio bloqueando las negociaciones para renovar el convenio; y sigue aplicando a las trabajadoras las tablas salariales de 2017.\u201d<\/p>\n<p style=\"text-align: justify;\">La responsable de CCOO pide \u201cque se garanticen los derechos conquistados por las trabajadoras y que se contin\u00fae avanzando para garantizar, y para mejorar, la estabilidad en el empleo, las condiciones laborales y los salarios de las personas que trabajan para la JCCM a trav\u00e9s de contratas\u201d<\/p>\n<p style=\"text-align: justify;\">\u201cMuchas de estas personas depositaron ayer su confianza en el PSOE. Que lo que esas siglas representan no se les olvide nunca a sus dirigentes\u201d, recalc\u00f3 Caba\u00f1ero.<\/p>\n<p><!--publicidad-voz03--><a href=\"https:\/\/www.facebook.com\/profile.php?id=100063593791305&amp;locale=es_ES\"><img decoding=\"async\" class=\"alignnone size-medium\" src=\"https:\/\/blogger.googleusercontent.com\/img\/b\/R29vZ2xl\/AVvXsEi8_n_ll8UOcGxCqzFvb_9Io4ICczlGC990BPtPj2w9Px-u7B3oqWUW5vtjZUqPNJ-nyjiUIorE0ATsib_l5tV8BVN-UJ03RTnU__IHJF_4DgDBtY4LIqXNG-FomrO-7ywes20CBCRM2Hcm7EJSh3UUw1dO-c_uTflUrtgY1i7uBRezj_DpympmEFkfbQY\/s1600\/logo-principal2.jpg\" width=\"100%\" height=\"100\" \/><\/a><!--bestpublic-voz03--><!--desk-in-out-voz03--><br \/>\n<!--publicidad-voz04--><a href=\"https:\/\/www.facebook.com\/profile.php?id=61557370768692&amp;locale=es_ES\"><img decoding=\"async\" class=\"alignnone size-medium\" src=\"https:\/\/blogger.googleusercontent.com\/img\/b\/R29vZ2xl\/AVvXsEgy5RdcfffrnrItnYTcV9bCJjgJwldsQLWssfVfrLbyfXeBNTFKgBf0rMIvhrUaGUhiXzVr9_eQgCbi-j63ZDpfTvLIty9w7s140y-m1yHe7eKmEK7v2NAHUJDVYGdfeiQFeRCqUjdwWmN1MX_AUxxz4IVdJ4WIM0APxit8bjWkXzrnEFGqBvW_1F13H1g\/s1600\/logo-principal5.jpg\" width=\"100%\" height=\"100\" \/><\/a><!--bestpublic-voz04--><!--desk-in-out-voz04--><br \/>\n<!--publicidad-voz05--><a href=\"https:\/\/www.facebook.com\/asociaciontamborileroshellin?locale=es_ES\"><img decoding=\"async\" class=\"alignnone size-medium\" src=\"https:\/\/blogger.googleusercontent.com\/img\/b\/R29vZ2xl\/AVvXsEhHEEpZsKK1VpwiYMrS7aE2ujtqIDZoLd4B5wtbiseSU9s2HdTdQfhF84So2XwEB1fv0BLw95GADm6hUl1bkKtzh-eIgVigXONuu_5RxeIMPhjk8q6uNX4EaEHbooKkbu7pCADWPpVJjhKIH5NQSJpWqedC-YBez4QAQeJYokkLot9bhrIaUAeztsGis6M\/s1600\/logo-principal3.jpg\" width=\"100%\" height=\"100\" \/><\/a><!--bestpublic-voz05--><!--desk-in-out-voz05--><br \/>\n<!--publicidad-voz06--><!--bestpublic-voz06--><!--desk-in-out-voz06--><br \/>\n<!--publicidad-voz07--><!--bestpublic-voz07--><!--desk-in-out-voz07--><br \/>\n<!--publicidad-voz08--><!--bestpublic-voz08--><!--desk-in-out-voz08--><br \/>\n<!--publicidad-voz09--><!--bestpublic-voz09--><!--desk-in-out-voz09--><br \/>\n<!--publicidad-voz10--><!--bestpublic-voz10--><!--desk-in-out-voz10--><br \/>\n<!--publicidad-voz11--><!--bestpublic-voz11--><!--desk-in-out-voz11--><br \/>\n<!--publicidad-voz12--><!--bestpublic-voz12--><!--desk-in-out-voz12--><br \/>\n<!--publicidad-voz13--><!--bestpublic-voz13--><!--desk-in-out-voz13--><br \/>\n<!--publicidad-voz14--><!--bestpublic-voz14--><!--desk-in-out-voz14--><br \/>\n<!--publicidad-voz15--><!--bestpublic-voz15--><!--desk-in-out-voz15--><br \/>\n<!--publicidad-voz16--><!--bestpublic-voz16--><!--desk-in-out-voz16--><\/p>\n","protected":false},"excerpt":{"rendered":"<p>LAS NUEVE TRABAJADORAS DEL SERVICIO DE LIMPIEZA DE LOS CENTROS DE SALUD DEL SESCAM DE HELL\u00cdN, TOBARRA, NERPIO E ISSO SECUNDAN SU 5\u00ba D\u00cdA DE HUELGA EN DEFENSA DE SU CONVENIO COLECTIVO.<\/p>\n","protected":false},"author":2,"featured_media":90582,"comment_status":"closed","ping_status":"closed","sticky":false,"template":"","format":"standard","meta":{"footnotes":""},"categories":[719,718,715,716,717],"tags":[],"class_list":["post-101577","post","type-post","status-publish","format-standard","has-post-thumbnail","hentry","category-blog-lv001","category-blogger","category-la-voz-de-hellin","category-la-voz-de-hellin-la-voz-de-hellin","category-noticias"],"_links":{"self":[{"href":"https:\/\/lavozdehellin.com\/noticias\/wp-json\/wp\/v2\/posts\/101577","targetHints":{"allow":["GET"]}}],"collection":[{"href":"https:\/\/lavozdehellin.com\/noticias\/wp-json\/wp\/v2\/posts"}],"about":[{"href":"https:\/\/lavozdehellin.com\/noticias\/wp-json\/wp\/v2\/types\/post"}],"author":[{"embeddable":true,"href":"https:\/\/lavozdehellin.com\/noticias\/wp-json\/wp\/v2\/users\/2"}],"replies":[{"embeddable":true,"href":"https:\/\/lavozdehellin.com\/noticias\/wp-json\/wp\/v2\/comments?post=101577"}],"version-history":[{"count":0,"href":"https:\/\/lavozdehellin.com\/noticias\/wp-json\/wp\/v2\/posts\/101577\/revisions"}],"wp:featuredmedia":[{"embeddable":true,"href":"https:\/\/lavozdehellin.com\/noticias\/wp-json\/wp\/v2\/media\/90582"}],"wp:attachment":[{"href":"https:\/\/lavozdehellin.com\/noticias\/wp-json\/wp\/v2\/media?parent=101577"}],"wp:term":[{"taxonomy":"category","embeddable":true,"href":"https:\/\/lavozdehellin.com\/noticias\/wp-json\/wp\/v2\/categories?post=101577"},{"taxonomy":"post_tag","embeddable":true,"href":"https:\/\/lavozdehellin.com\/noticias\/wp-json\/wp\/v2\/tags?post=101577"}],"curies":[{"name":"wp","href":"https:\/\/api.w.org\/{rel}","templated":true}]}}