{"id":101578,"date":"2019-05-28T10:14:09","date_gmt":"2019-05-28T10:14:09","guid":{"rendered":"https:\/\/lavozdehellin.com\/noticias\/v00-157-el-10-de-junio-se-hara-entrega-de-los-carnes-del-curso-ciberexperto-impartido-por-la-policia-nacional-de-la-comisaria-de-hellin-a-los-alumnos-as-de-6o-de-primaria-de-distintos-centro\/"},"modified":"2024-01-04T14:05:35","modified_gmt":"2024-01-04T14:05:35","slug":"v00-157-el-10-de-junio-se-hara-entrega-de-los-carnes-del-curso-ciberexperto-impartido-por-la-policia-nacional-de-la-comisaria-de-hellin-a-los-alumnos-as-de-6o-de-primaria-de-distintos-centro","status":"publish","type":"post","link":"https:\/\/lavozdehellin.com\/noticias\/v00-157-el-10-de-junio-se-hara-entrega-de-los-carnes-del-curso-ciberexperto-impartido-por-la-policia-nacional-de-la-comisaria-de-hellin-a-los-alumnos-as-de-6o-de-primaria-de-distintos-centro\/","title":{"rendered":"LVH NOTICIAS | EL 10 DE JUNIO SE HARA ENTREGA DE LOS CARN\u00c9S DEL CURSO \u201cCIBEREXPERTO\u201d IMPARTIDO POR LA POLIC\u00cdA NACIONAL DE LA COMISARIA DE HELL\u00cdN A LOS ALUMNOS\/AS DE 6\u00ba DE PRIMARIA DE DISTINTOS CENTROS EDUCATIVOS DE LA CIUDAD."},"content":{"rendered":"<p style=\"text-align: justify;\">El pr\u00f3ximo 10 de Junio se hara entrega de los carn\u00e9s del curso \u201cCiberexperto\u201d impartido por la Polic\u00eda Nacional de la Comisaria de Hell\u00edn a los alumnos\/as de 6\u00ba de Primaria de distintos centros educativos de la ciudad.<\/p>\n<p><!--more--><br \/>\n<!--publicidad-voz01--><a href=\"https:\/\/www.facebook.com\/SoloRadioHellin\/?locale=es_ES\"><img decoding=\"async\" class=\"alignnone size-medium\" src=\"https:\/\/blogger.googleusercontent.com\/img\/b\/R29vZ2xl\/AVvXsEiNncirNnyGedv00mhjZjh5Wl4_YPdJGanoAl8tL8zH-HwqE8uHqjEfSt340RHdx-9tuCSIkZ8rFamZiGyYlgDGxCsmXjCH_1xk5eYM3ntFZRvJP_jndOKR7w1UAo9Tu0vrZyOLfqRpHIxYI5SymJJ-pfGCQw6QVpggBH-UgfjiFQ2JOxqxG0Jx94kW83c\/s1600\/logo-principal.jpg\" width=\"100%\" height=\"100\" \/><\/a><!--bestpublic-voz01--><!--desk-in-out-voz01--><br \/>\n<!--publicidad-voz02--><a href=\"https:\/\/www.hellincf.com\/\"><img decoding=\"async\" class=\"alignnone size-medium\" src=\"https:\/\/blogger.googleusercontent.com\/img\/b\/R29vZ2xl\/AVvXsEhuZ4-XfBVj3UtdP8-RZugy3WVrg-Zv28c53m4oV47qYCxL1rX_dqWX_YddsGSnpH5SRDqZ7bZeKPIfDVCDncpjVlhy3aQs2vojcJBn7Gdv9hC2_Nzct_pRFrnFE1a7KTCdY1bT_kAgnY3-iadRZrGeJf1fR2P5fu11bokx0pWjaypoy-ctwCjklldpEbA\/s1600\/logo-principal7.jpg\" width=\"100%\" height=\"100\" \/><\/a><!--bestpublic-voz02--><!--desk-in-out-voz02--><\/p>\n<p style=\"text-align: justify;\">El pr\u00f3ximo d\u00eda 10 de junio de 2019, a partir de las 10:30 horas, en el Sal\u00f3n de Actos de la Casa de la Cultura de Hell\u00edn, se efectuar\u00e1 la entrega de los carn\u00e9s del curso \u201cCIBEREXPERTO\u201d impartido por la Polic\u00eda Nacional de la Comisar\u00eda de Hell\u00edn a las alumnas y alumnos de 6% de Primaria correspondientes a los Colegios Compa\u00f1\u00eda de Mar\u00eda, Colegio P\u00fablico La Olivarera, Colegio P\u00fablico Nuestra Se\u00f1ora del Rosario y Colegio Nuestra Se\u00f1ora de los Dolores \u2013 Padres Amigonianos de Hell\u00edn.<\/p>\n<p style=\"text-align: justify;\">Est\u00e1 prevista la asistencia al acto del Subdelegado de Gobierno en Albacete, el Alcalde de Hell\u00edn, el Comisario Jefe Provincial y el Inspector-Jefe de la Comisar\u00eda de Hell\u00edn, as\u00ed como 163 escolares que han realizado dicho curso, junto a sus familias y docentes.<\/p>\n<p><!--publicidad-voz03--><a href=\"https:\/\/www.facebook.com\/profile.php?id=100063593791305&amp;locale=es_ES\"><img decoding=\"async\" class=\"alignnone size-medium\" src=\"https:\/\/blogger.googleusercontent.com\/img\/b\/R29vZ2xl\/AVvXsEi8_n_ll8UOcGxCqzFvb_9Io4ICczlGC990BPtPj2w9Px-u7B3oqWUW5vtjZUqPNJ-nyjiUIorE0ATsib_l5tV8BVN-UJ03RTnU__IHJF_4DgDBtY4LIqXNG-FomrO-7ywes20CBCRM2Hcm7EJSh3UUw1dO-c_uTflUrtgY1i7uBRezj_DpympmEFkfbQY\/s1600\/logo-principal2.jpg\" width=\"100%\" height=\"100\" \/><\/a><!--bestpublic-voz03--><!--desk-in-out-voz03--><br \/>\n<!--publicidad-voz04--><a href=\"https:\/\/www.facebook.com\/profile.php?id=61557370768692&amp;locale=es_ES\"><img decoding=\"async\" class=\"alignnone size-medium\" src=\"https:\/\/blogger.googleusercontent.com\/img\/b\/R29vZ2xl\/AVvXsEgy5RdcfffrnrItnYTcV9bCJjgJwldsQLWssfVfrLbyfXeBNTFKgBf0rMIvhrUaGUhiXzVr9_eQgCbi-j63ZDpfTvLIty9w7s140y-m1yHe7eKmEK7v2NAHUJDVYGdfeiQFeRCqUjdwWmN1MX_AUxxz4IVdJ4WIM0APxit8bjWkXzrnEFGqBvW_1F13H1g\/s1600\/logo-principal5.jpg\" width=\"100%\" height=\"100\" \/><\/a><!--bestpublic-voz04--><!--desk-in-out-voz04--><br \/>\n<!--publicidad-voz05--><a href=\"https:\/\/www.facebook.com\/asociaciontamborileroshellin?locale=es_ES\"><img decoding=\"async\" class=\"alignnone size-medium\" src=\"https:\/\/blogger.googleusercontent.com\/img\/b\/R29vZ2xl\/AVvXsEhHEEpZsKK1VpwiYMrS7aE2ujtqIDZoLd4B5wtbiseSU9s2HdTdQfhF84So2XwEB1fv0BLw95GADm6hUl1bkKtzh-eIgVigXONuu_5RxeIMPhjk8q6uNX4EaEHbooKkbu7pCADWPpVJjhKIH5NQSJpWqedC-YBez4QAQeJYokkLot9bhrIaUAeztsGis6M\/s1600\/logo-principal3.jpg\" width=\"100%\" height=\"100\" \/><\/a><!--bestpublic-voz05--><!--desk-in-out-voz05--><br \/>\n<!--publicidad-voz06--><!--bestpublic-voz06--><!--desk-in-out-voz06--><br \/>\n<!--publicidad-voz07--><!--bestpublic-voz07--><!--desk-in-out-voz07--><br \/>\n<!--publicidad-voz08--><!--bestpublic-voz08--><!--desk-in-out-voz08--><br \/>\n<!--publicidad-voz09--><!--bestpublic-voz09--><!--desk-in-out-voz09--><br \/>\n<!--publicidad-voz10--><!--bestpublic-voz10--><!--desk-in-out-voz10--><br \/>\n<!--publicidad-voz11--><!--bestpublic-voz11--><!--desk-in-out-voz11--><br \/>\n<!--publicidad-voz12--><!--bestpublic-voz12--><!--desk-in-out-voz12--><br \/>\n<!--publicidad-voz13--><!--bestpublic-voz13--><!--desk-in-out-voz13--><br \/>\n<!--publicidad-voz14--><!--bestpublic-voz14--><!--desk-in-out-voz14--><br \/>\n<!--publicidad-voz15--><!--bestpublic-voz15--><!--desk-in-out-voz15--><br \/>\n<!--publicidad-voz16--><!--bestpublic-voz16--><!--desk-in-out-voz16--><\/p>\n","protected":false},"excerpt":{"rendered":"<p>EL 10 DE JUNIO SE HARA ENTREGA DE LOS CARN\u00c9S DEL CURSO \u201cCIBEREXPERTO\u201d IMPARTIDO POR LA POLIC\u00cdA NACIONAL DE LA COMISARIA DE HELL\u00cdN A LOS ALUMNOS\/AS DE 6\u00ba DE PRIMARIA DE DISTINTOS CENTROS EDUCATIVOS DE LA CIUDAD.<\/p>\n","protected":false},"author":2,"featured_media":90581,"comment_status":"closed","ping_status":"closed","sticky":false,"template":"","format":"standard","meta":{"footnotes":""},"categories":[719,718,715,716,717],"tags":[],"class_list":["post-101578","post","type-post","status-publish","format-standard","has-post-thumbnail","hentry","category-blog-lv001","category-blogger","category-la-voz-de-hellin","category-la-voz-de-hellin-la-voz-de-hellin","category-noticias"],"_links":{"self":[{"href":"https:\/\/lavozdehellin.com\/noticias\/wp-json\/wp\/v2\/posts\/101578","targetHints":{"allow":["GET"]}}],"collection":[{"href":"https:\/\/lavozdehellin.com\/noticias\/wp-json\/wp\/v2\/posts"}],"about":[{"href":"https:\/\/lavozdehellin.com\/noticias\/wp-json\/wp\/v2\/types\/post"}],"author":[{"embeddable":true,"href":"https:\/\/lavozdehellin.com\/noticias\/wp-json\/wp\/v2\/users\/2"}],"replies":[{"embeddable":true,"href":"https:\/\/lavozdehellin.com\/noticias\/wp-json\/wp\/v2\/comments?post=101578"}],"version-history":[{"count":0,"href":"https:\/\/lavozdehellin.com\/noticias\/wp-json\/wp\/v2\/posts\/101578\/revisions"}],"wp:featuredmedia":[{"embeddable":true,"href":"https:\/\/lavozdehellin.com\/noticias\/wp-json\/wp\/v2\/media\/90581"}],"wp:attachment":[{"href":"https:\/\/lavozdehellin.com\/noticias\/wp-json\/wp\/v2\/media?parent=101578"}],"wp:term":[{"taxonomy":"category","embeddable":true,"href":"https:\/\/lavozdehellin.com\/noticias\/wp-json\/wp\/v2\/categories?post=101578"},{"taxonomy":"post_tag","embeddable":true,"href":"https:\/\/lavozdehellin.com\/noticias\/wp-json\/wp\/v2\/tags?post=101578"}],"curies":[{"name":"wp","href":"https:\/\/api.w.org\/{rel}","templated":true}]}}