{"id":101584,"date":"2019-05-23T19:38:42","date_gmt":"2019-05-23T19:38:42","guid":{"rendered":"https:\/\/lavozdehellin.com\/noticias\/v00-163-elche-de-la-sierra-sera-el-proximo-destino-de-la-ruta-de-senderismo-de-la-diputacion-provincial\/"},"modified":"2024-01-04T14:05:36","modified_gmt":"2024-01-04T14:05:36","slug":"v00-163-elche-de-la-sierra-sera-el-proximo-destino-de-la-ruta-de-senderismo-de-la-diputacion-provincial","status":"publish","type":"post","link":"https:\/\/lavozdehellin.com\/noticias\/v00-163-elche-de-la-sierra-sera-el-proximo-destino-de-la-ruta-de-senderismo-de-la-diputacion-provincial\/","title":{"rendered":"LVH NOTICIAS | ELCHE DE LA SIERRA SER\u00c1 EL PR\u00d3XIMO DESTINO DE LA RUTA DE SENDERISMO DE LA DIPUTACI\u00d3N PROVINCIAL"},"content":{"rendered":"<p style=\"text-align: justify;\">Este s\u00e1bado, 25 de mayo, se celebrar\u00e1n la vig\u00e9sima segunda de las 39 rutas senderistas que la Diputaci\u00f3n Provincial de Albacete ha organizado este a\u00f1o. La actividad se desplazar\u00e1 hasta el municipio m\u00e1s grande de la Sierra del Segura, Elche de la Sierra. Y lo hace con el mismo objetivo de anteriores citas: dar a conocer la belleza de los rincones que esconde nuestra provincia, de sus gentes, sus espacios naturales y culturales.<\/p>\n<p><!--more--><br \/>\n<!--publicidad-voz01--><a href=\"https:\/\/www.facebook.com\/SoloRadioHellin\/?locale=es_ES\"><img decoding=\"async\" class=\"alignnone size-medium\" src=\"https:\/\/blogger.googleusercontent.com\/img\/b\/R29vZ2xl\/AVvXsEiNncirNnyGedv00mhjZjh5Wl4_YPdJGanoAl8tL8zH-HwqE8uHqjEfSt340RHdx-9tuCSIkZ8rFamZiGyYlgDGxCsmXjCH_1xk5eYM3ntFZRvJP_jndOKR7w1UAo9Tu0vrZyOLfqRpHIxYI5SymJJ-pfGCQw6QVpggBH-UgfjiFQ2JOxqxG0Jx94kW83c\/s1600\/logo-principal.jpg\" width=\"100%\" height=\"100\" \/><\/a><!--bestpublic-voz01--><!--desk-in-out-voz01--><br \/>\n<!--publicidad-voz02--><a href=\"https:\/\/www.hellincf.com\/\"><img decoding=\"async\" class=\"alignnone size-medium\" src=\"https:\/\/blogger.googleusercontent.com\/img\/b\/R29vZ2xl\/AVvXsEhuZ4-XfBVj3UtdP8-RZugy3WVrg-Zv28c53m4oV47qYCxL1rX_dqWX_YddsGSnpH5SRDqZ7bZeKPIfDVCDncpjVlhy3aQs2vojcJBn7Gdv9hC2_Nzct_pRFrnFE1a7KTCdY1bT_kAgnY3-iadRZrGeJf1fR2P5fu11bokx0pWjaypoy-ctwCjklldpEbA\/s1600\/logo-principal7.jpg\" width=\"100%\" height=\"100\" \/><\/a><!--bestpublic-voz02--><!--desk-in-out-voz02--><\/p>\n<p style=\"text-align: justify;\">La ruta, denominada \u201cPaseo por los Ca\u00f1ones del Segura\u201d, es una prueba de dificultad media, lineal, con un recorrido de 15 kil\u00f3metros, una duraci\u00f3n aproximada de cinco horas, que partir\u00e1 a las 8:00 de la ma\u00f1ana desde Cortijo Hoya de Pepe Morcillo.<\/p>\n<p style=\"text-align: justify;\">Comenzar\u00e1 en el Cortijo Hoya de Pepe Morcillo, para desde all\u00ed dirigirse al Collado de la Longuera, y adentrarse en la vega de la Longuera, hasta llegar al r\u00edo Segura. Cruzar\u00e1n este r\u00edo por el puente de los Bancalicos cogiendo una senda que va paralela al r\u00edo hasta los Chorreones. Bordear\u00e1n el r\u00edo por otra senda hasta el paraje del Barranco de Andr\u00e9s, en el cual por el \u201cVado de los Chorreones\u201d, cruzar\u00e1n de nuevo el r\u00edo, esta vez sin puente, para iniciar la subida del Barranco de Andr\u00e9s hasta la Pe\u00f1a del Agua y la Cueva del Agua. Bajar\u00e1n por senda, bordeando la Pe\u00f1a de San Blas, hasta el Corral del Colorao, para dirigirse por la Umbr\u00eda de la Pe\u00f1a de San Blas hasta la Rambla Navas, pasando por el ca\u00f1\u00f3n de las Canales hasta el Arroyo dela Anchura.<\/p>\n<p style=\"text-align: justify;\">Subir\u00e1n al paraje Amilcar Barca y llegar\u00e1n a la Pedan\u00eda de Villares para visitar su Mirador, donde dar\u00e1 por concluida la ruta.<\/p>\n<p style=\"text-align: justify;\">Preciosa ruta en plena Sierra del Segura, de gran atractivo natural y paisaj\u00edstico, que seguro har\u00e1 disfrutar este fin de semana a los cincuenta participantes que se dar\u00e1n cita en ella, gracias a esta iniciativa puesta en marcha por la Diputaci\u00f3n Provincial de Albacete y que cada vez tiene m\u00e1s seguidores amantes del senderismo y el turismo de naturaleza y que da a conocer parte de nuestra provincia.<\/p>\n<p><!--publicidad-voz03--><a href=\"https:\/\/www.facebook.com\/profile.php?id=100063593791305&amp;locale=es_ES\"><img decoding=\"async\" class=\"alignnone size-medium\" src=\"https:\/\/blogger.googleusercontent.com\/img\/b\/R29vZ2xl\/AVvXsEi8_n_ll8UOcGxCqzFvb_9Io4ICczlGC990BPtPj2w9Px-u7B3oqWUW5vtjZUqPNJ-nyjiUIorE0ATsib_l5tV8BVN-UJ03RTnU__IHJF_4DgDBtY4LIqXNG-FomrO-7ywes20CBCRM2Hcm7EJSh3UUw1dO-c_uTflUrtgY1i7uBRezj_DpympmEFkfbQY\/s1600\/logo-principal2.jpg\" width=\"100%\" height=\"100\" \/><\/a><!--bestpublic-voz03--><!--desk-in-out-voz03--><br \/>\n<!--publicidad-voz04--><a href=\"https:\/\/www.facebook.com\/profile.php?id=61557370768692&amp;locale=es_ES\"><img decoding=\"async\" class=\"alignnone size-medium\" src=\"https:\/\/blogger.googleusercontent.com\/img\/b\/R29vZ2xl\/AVvXsEgy5RdcfffrnrItnYTcV9bCJjgJwldsQLWssfVfrLbyfXeBNTFKgBf0rMIvhrUaGUhiXzVr9_eQgCbi-j63ZDpfTvLIty9w7s140y-m1yHe7eKmEK7v2NAHUJDVYGdfeiQFeRCqUjdwWmN1MX_AUxxz4IVdJ4WIM0APxit8bjWkXzrnEFGqBvW_1F13H1g\/s1600\/logo-principal5.jpg\" width=\"100%\" height=\"100\" \/><\/a><!--bestpublic-voz04--><!--desk-in-out-voz04--><br \/>\n<!--publicidad-voz05--><a href=\"https:\/\/www.facebook.com\/asociaciontamborileroshellin?locale=es_ES\"><img decoding=\"async\" class=\"alignnone size-medium\" src=\"https:\/\/blogger.googleusercontent.com\/img\/b\/R29vZ2xl\/AVvXsEhHEEpZsKK1VpwiYMrS7aE2ujtqIDZoLd4B5wtbiseSU9s2HdTdQfhF84So2XwEB1fv0BLw95GADm6hUl1bkKtzh-eIgVigXONuu_5RxeIMPhjk8q6uNX4EaEHbooKkbu7pCADWPpVJjhKIH5NQSJpWqedC-YBez4QAQeJYokkLot9bhrIaUAeztsGis6M\/s1600\/logo-principal3.jpg\" width=\"100%\" height=\"100\" \/><\/a><!--bestpublic-voz05--><!--desk-in-out-voz05--><br \/>\n<!--publicidad-voz06--><!--bestpublic-voz06--><!--desk-in-out-voz06--><br \/>\n<!--publicidad-voz07--><!--bestpublic-voz07--><!--desk-in-out-voz07--><br \/>\n<!--publicidad-voz08--><!--bestpublic-voz08--><!--desk-in-out-voz08--><br \/>\n<!--publicidad-voz09--><!--bestpublic-voz09--><!--desk-in-out-voz09--><br \/>\n<!--publicidad-voz10--><!--bestpublic-voz10--><!--desk-in-out-voz10--><br \/>\n<!--publicidad-voz11--><!--bestpublic-voz11--><!--desk-in-out-voz11--><br \/>\n<!--publicidad-voz12--><!--bestpublic-voz12--><!--desk-in-out-voz12--><br \/>\n<!--publicidad-voz13--><!--bestpublic-voz13--><!--desk-in-out-voz13--><br \/>\n<!--publicidad-voz14--><!--bestpublic-voz14--><!--desk-in-out-voz14--><br \/>\n<!--publicidad-voz15--><!--bestpublic-voz15--><!--desk-in-out-voz15--><br \/>\n<!--publicidad-voz16--><!--bestpublic-voz16--><!--desk-in-out-voz16--><\/p>\n","protected":false},"excerpt":{"rendered":"<p>ELCHE DE LA SIERRA SER\u00c1 EL PR\u00d3XIMO DESTINO DE LA RUTA DE SENDERISMO DE LA DIPUTACI\u00d3N PROVINCIAL<\/p>\n","protected":false},"author":2,"featured_media":90580,"comment_status":"closed","ping_status":"closed","sticky":false,"template":"","format":"standard","meta":{"footnotes":""},"categories":[719,718,715,716,717],"tags":[],"class_list":["post-101584","post","type-post","status-publish","format-standard","has-post-thumbnail","hentry","category-blog-lv001","category-blogger","category-la-voz-de-hellin","category-la-voz-de-hellin-la-voz-de-hellin","category-noticias"],"_links":{"self":[{"href":"https:\/\/lavozdehellin.com\/noticias\/wp-json\/wp\/v2\/posts\/101584","targetHints":{"allow":["GET"]}}],"collection":[{"href":"https:\/\/lavozdehellin.com\/noticias\/wp-json\/wp\/v2\/posts"}],"about":[{"href":"https:\/\/lavozdehellin.com\/noticias\/wp-json\/wp\/v2\/types\/post"}],"author":[{"embeddable":true,"href":"https:\/\/lavozdehellin.com\/noticias\/wp-json\/wp\/v2\/users\/2"}],"replies":[{"embeddable":true,"href":"https:\/\/lavozdehellin.com\/noticias\/wp-json\/wp\/v2\/comments?post=101584"}],"version-history":[{"count":0,"href":"https:\/\/lavozdehellin.com\/noticias\/wp-json\/wp\/v2\/posts\/101584\/revisions"}],"wp:featuredmedia":[{"embeddable":true,"href":"https:\/\/lavozdehellin.com\/noticias\/wp-json\/wp\/v2\/media\/90580"}],"wp:attachment":[{"href":"https:\/\/lavozdehellin.com\/noticias\/wp-json\/wp\/v2\/media?parent=101584"}],"wp:term":[{"taxonomy":"category","embeddable":true,"href":"https:\/\/lavozdehellin.com\/noticias\/wp-json\/wp\/v2\/categories?post=101584"},{"taxonomy":"post_tag","embeddable":true,"href":"https:\/\/lavozdehellin.com\/noticias\/wp-json\/wp\/v2\/tags?post=101584"}],"curies":[{"name":"wp","href":"https:\/\/api.w.org\/{rel}","templated":true}]}}