{"id":101587,"date":"2019-05-23T11:01:27","date_gmt":"2019-05-23T11:01:27","guid":{"rendered":"https:\/\/lavozdehellin.com\/noticias\/v00-166-la-agrupacion-electores-hellin-se-compromete-a-transformar-el-ayuntamiento-como-punto-de-partida-al-progreso-de-hellin-y-su-entorno\/"},"modified":"2024-01-04T14:05:36","modified_gmt":"2024-01-04T14:05:36","slug":"v00-166-la-agrupacion-electores-hellin-se-compromete-a-transformar-el-ayuntamiento-como-punto-de-partida-al-progreso-de-hellin-y-su-entorno","status":"publish","type":"post","link":"https:\/\/lavozdehellin.com\/noticias\/v00-166-la-agrupacion-electores-hellin-se-compromete-a-transformar-el-ayuntamiento-como-punto-de-partida-al-progreso-de-hellin-y-su-entorno\/","title":{"rendered":"LVH NOTICIAS | LA AGRUPACI\u00d3N ELECTORES HELL\u00cdN SE COMPROMETE A TRANSFORMAR EL AYUNTAMIENTO COMO PUNTO DE PARTIDA AL PROGRESO DE HELL\u00cdN Y SU ENTORNO."},"content":{"rendered":"<p style=\"text-align: justify;\">Agrupaci\u00f3n Electores Hell\u00edn se compromete a transformar el Ayuntamiento como punto de partida al progreso de Hell\u00edn y su entorno. El equipo encabezado por Mar\u00eda Jes\u00fas L\u00f3pez trabajar\u00e1 en hacer pol\u00edtica social a trav\u00e9s de los ingresos como base para los presupuestos municipales.<\/p>\n<p><!--more--><br \/>\n<!--publicidad-voz01--><a href=\"https:\/\/www.facebook.com\/SoloRadioHellin\/?locale=es_ES\"><img decoding=\"async\" class=\"alignnone size-medium\" src=\"https:\/\/blogger.googleusercontent.com\/img\/b\/R29vZ2xl\/AVvXsEiNncirNnyGedv00mhjZjh5Wl4_YPdJGanoAl8tL8zH-HwqE8uHqjEfSt340RHdx-9tuCSIkZ8rFamZiGyYlgDGxCsmXjCH_1xk5eYM3ntFZRvJP_jndOKR7w1UAo9Tu0vrZyOLfqRpHIxYI5SymJJ-pfGCQw6QVpggBH-UgfjiFQ2JOxqxG0Jx94kW83c\/s1600\/logo-principal.jpg\" width=\"100%\" height=\"100\" \/><\/a><!--bestpublic-voz01--><!--desk-in-out-voz01--><br \/>\n<!--publicidad-voz02--><a href=\"https:\/\/www.hellincf.com\/\"><img decoding=\"async\" class=\"alignnone size-medium\" src=\"https:\/\/blogger.googleusercontent.com\/img\/b\/R29vZ2xl\/AVvXsEhuZ4-XfBVj3UtdP8-RZugy3WVrg-Zv28c53m4oV47qYCxL1rX_dqWX_YddsGSnpH5SRDqZ7bZeKPIfDVCDncpjVlhy3aQs2vojcJBn7Gdv9hC2_Nzct_pRFrnFE1a7KTCdY1bT_kAgnY3-iadRZrGeJf1fR2P5fu11bokx0pWjaypoy-ctwCjklldpEbA\/s1600\/logo-principal7.jpg\" width=\"100%\" height=\"100\" \/><\/a><!--bestpublic-voz02--><!--desk-in-out-voz02--><\/p>\n<p style=\"text-align: justify;\">La Agrupaci\u00f3n Electores Hell\u00edn han vuelto a montar una mesa informativa en el mercadillo donde ha informado a la ciudadan\u00eda y a los medios de comunicaci\u00f3n de m\u00e1s aspectos de su proyecto electoral. En concreto, ha desarrollado el bloque relacionado con la transformaci\u00f3n del Ayuntamiento y la forma de elaborar los presupuestos que realizar\u00e1 cuando acceda a la alcald\u00eda para hacer de Hell\u00edn una <em>Smart City<\/em> tecnol\u00f3gica.<\/p>\n<p style=\"text-align: justify;\">La candidata por la Agrupaci\u00f3n Electores Hell\u00edn, Mar\u00eda Jes\u00fas L\u00f3pez, ha explicado que \u201cpara comenzar la transformaci\u00f3n de Hell\u00edn y sumirlo en el siglo XXI debemos comenzar por el Ayuntamiento. Hay un grave problema porque los que han gestionado el consistorio en los \u00faltimos a\u00f1os han detenido el desarrollo: por eso no hay empleo. Han expulsado talento y empresas, y la gesti\u00f3n municipal entorpece en vez de favorecer\u201d.<\/p>\n<p style=\"text-align: justify;\">L\u00f3pez ha asegurado que \u201cde forma prioritaria, necesitamos la oficina \u00fanica y la administraci\u00f3n electr\u00f3nica total. Este Gobierno no da datos de su gesti\u00f3n ni explica nada a la ciudadan\u00eda, no hay conciencia fiscal ni pol\u00edtica social a trav\u00e9s de los ingresos. Nosotros estamos convencidos que la transparencia y la eficacia en la gesti\u00f3n ha de ser eje principal de la acci\u00f3n en la gesti\u00f3n municipal. No es de recibo que en los plenos en vez de debatir sobre la ciudad se derive todo a cuestiones personales. Todos estamos aqu\u00ed para trabajar y poner nuestras capacidades al servicio p\u00fablico.\u201d<\/p>\n<p style=\"text-align: justify;\">La Agrupaci\u00f3n Electores Hell\u00edn ha defendido que el Ayuntamiento debe gestionar el mismo dinero que le entregan los ciudadanos. \u201cDeben ser presupuestos participativos. Construiremos un plan de gesti\u00f3n de la deuda, que permita la gesti\u00f3n del municipio sin limitar sus capacidades de crecimiento\u201d, ha subrayado la concejala.<\/p>\n<p style=\"text-align: justify;\">En lo relativo a las primeras actuaciones al acceder al consistorio, ha asegurado que \u201charemos una auditor\u00eda interna de procesos de la gesti\u00f3n del ayuntamiento, que sirva de base para el redise\u00f1o de los procesos que minimice la carga de trabajo mec\u00e1nico de los trabajadores del Ayuntamiento y se puedan centrar en el ciudadano y sus necesidades\u201d.<\/p>\n<p style=\"text-align: justify;\">El prop\u00f3sito de este proceso de transformaci\u00f3n tecnol\u00f3gica y estructural de Ayuntamiento, ha finalizado la candidata, es \u201chacer de Hell\u00edn una <em>Smart City<\/em>, integrando la mayor parte de la actividad con el uso de las nuevas tecnolog\u00edas, y donde la transparencia y la participaci\u00f3n marquen el d\u00eda a d\u00eda\u201d.<\/p>\n<p><!--publicidad-voz03--><a href=\"https:\/\/www.facebook.com\/profile.php?id=100063593791305&amp;locale=es_ES\"><img decoding=\"async\" class=\"alignnone size-medium\" src=\"https:\/\/blogger.googleusercontent.com\/img\/b\/R29vZ2xl\/AVvXsEi8_n_ll8UOcGxCqzFvb_9Io4ICczlGC990BPtPj2w9Px-u7B3oqWUW5vtjZUqPNJ-nyjiUIorE0ATsib_l5tV8BVN-UJ03RTnU__IHJF_4DgDBtY4LIqXNG-FomrO-7ywes20CBCRM2Hcm7EJSh3UUw1dO-c_uTflUrtgY1i7uBRezj_DpympmEFkfbQY\/s1600\/logo-principal2.jpg\" width=\"100%\" height=\"100\" \/><\/a><!--bestpublic-voz03--><!--desk-in-out-voz03--><br \/>\n<!--publicidad-voz04--><a href=\"https:\/\/www.facebook.com\/profile.php?id=61557370768692&amp;locale=es_ES\"><img decoding=\"async\" class=\"alignnone size-medium\" src=\"https:\/\/blogger.googleusercontent.com\/img\/b\/R29vZ2xl\/AVvXsEgy5RdcfffrnrItnYTcV9bCJjgJwldsQLWssfVfrLbyfXeBNTFKgBf0rMIvhrUaGUhiXzVr9_eQgCbi-j63ZDpfTvLIty9w7s140y-m1yHe7eKmEK7v2NAHUJDVYGdfeiQFeRCqUjdwWmN1MX_AUxxz4IVdJ4WIM0APxit8bjWkXzrnEFGqBvW_1F13H1g\/s1600\/logo-principal5.jpg\" width=\"100%\" height=\"100\" \/><\/a><!--bestpublic-voz04--><!--desk-in-out-voz04--><br \/>\n<!--publicidad-voz05--><a href=\"https:\/\/www.facebook.com\/asociaciontamborileroshellin?locale=es_ES\"><img decoding=\"async\" class=\"alignnone size-medium\" src=\"https:\/\/blogger.googleusercontent.com\/img\/b\/R29vZ2xl\/AVvXsEhHEEpZsKK1VpwiYMrS7aE2ujtqIDZoLd4B5wtbiseSU9s2HdTdQfhF84So2XwEB1fv0BLw95GADm6hUl1bkKtzh-eIgVigXONuu_5RxeIMPhjk8q6uNX4EaEHbooKkbu7pCADWPpVJjhKIH5NQSJpWqedC-YBez4QAQeJYokkLot9bhrIaUAeztsGis6M\/s1600\/logo-principal3.jpg\" width=\"100%\" height=\"100\" \/><\/a><!--bestpublic-voz05--><!--desk-in-out-voz05--><br \/>\n<!--publicidad-voz06--><!--bestpublic-voz06--><!--desk-in-out-voz06--><br \/>\n<!--publicidad-voz07--><!--bestpublic-voz07--><!--desk-in-out-voz07--><br \/>\n<!--publicidad-voz08--><!--bestpublic-voz08--><!--desk-in-out-voz08--><br \/>\n<!--publicidad-voz09--><!--bestpublic-voz09--><!--desk-in-out-voz09--><br \/>\n<!--publicidad-voz10--><!--bestpublic-voz10--><!--desk-in-out-voz10--><br \/>\n<!--publicidad-voz11--><!--bestpublic-voz11--><!--desk-in-out-voz11--><br \/>\n<!--publicidad-voz12--><!--bestpublic-voz12--><!--desk-in-out-voz12--><br \/>\n<!--publicidad-voz13--><!--bestpublic-voz13--><!--desk-in-out-voz13--><br \/>\n<!--publicidad-voz14--><!--bestpublic-voz14--><!--desk-in-out-voz14--><br \/>\n<!--publicidad-voz15--><!--bestpublic-voz15--><!--desk-in-out-voz15--><br \/>\n<!--publicidad-voz16--><!--bestpublic-voz16--><!--desk-in-out-voz16--><\/p>\n","protected":false},"excerpt":{"rendered":"<p>LA AGRUPACI\u00d3N ELECTORES HELL\u00cdN SE COMPROMETE A TRANSFORMAR EL AYUNTAMIENTO COMO PUNTO DE PARTIDA AL PROGRESO DE HELL\u00cdN Y SU ENTORNO.<\/p>\n","protected":false},"author":2,"featured_media":90588,"comment_status":"closed","ping_status":"closed","sticky":false,"template":"","format":"standard","meta":{"footnotes":""},"categories":[719,718,715,716,717],"tags":[],"class_list":["post-101587","post","type-post","status-publish","format-standard","has-post-thumbnail","hentry","category-blog-lv001","category-blogger","category-la-voz-de-hellin","category-la-voz-de-hellin-la-voz-de-hellin","category-noticias"],"_links":{"self":[{"href":"https:\/\/lavozdehellin.com\/noticias\/wp-json\/wp\/v2\/posts\/101587","targetHints":{"allow":["GET"]}}],"collection":[{"href":"https:\/\/lavozdehellin.com\/noticias\/wp-json\/wp\/v2\/posts"}],"about":[{"href":"https:\/\/lavozdehellin.com\/noticias\/wp-json\/wp\/v2\/types\/post"}],"author":[{"embeddable":true,"href":"https:\/\/lavozdehellin.com\/noticias\/wp-json\/wp\/v2\/users\/2"}],"replies":[{"embeddable":true,"href":"https:\/\/lavozdehellin.com\/noticias\/wp-json\/wp\/v2\/comments?post=101587"}],"version-history":[{"count":0,"href":"https:\/\/lavozdehellin.com\/noticias\/wp-json\/wp\/v2\/posts\/101587\/revisions"}],"wp:featuredmedia":[{"embeddable":true,"href":"https:\/\/lavozdehellin.com\/noticias\/wp-json\/wp\/v2\/media\/90588"}],"wp:attachment":[{"href":"https:\/\/lavozdehellin.com\/noticias\/wp-json\/wp\/v2\/media?parent=101587"}],"wp:term":[{"taxonomy":"category","embeddable":true,"href":"https:\/\/lavozdehellin.com\/noticias\/wp-json\/wp\/v2\/categories?post=101587"},{"taxonomy":"post_tag","embeddable":true,"href":"https:\/\/lavozdehellin.com\/noticias\/wp-json\/wp\/v2\/tags?post=101587"}],"curies":[{"name":"wp","href":"https:\/\/api.w.org\/{rel}","templated":true}]}}