{"id":101588,"date":"2019-05-23T10:52:20","date_gmt":"2019-05-23T10:52:20","guid":{"rendered":"https:\/\/lavozdehellin.com\/noticias\/v00-167-el-candidato-del-pp-a-la-presidencia-de-la-junta-de-castilla-la-mancha-paco-nunez-en-su-visita-a-hellin-apuesta-por-una-politica-de-inversion-industrial-en-nuestra-comarca\/"},"modified":"2024-01-04T14:05:36","modified_gmt":"2024-01-04T14:05:36","slug":"v00-167-el-candidato-del-pp-a-la-presidencia-de-la-junta-de-castilla-la-mancha-paco-nunez-en-su-visita-a-hellin-apuesta-por-una-politica-de-inversion-industrial-en-nuestra-comarca","status":"publish","type":"post","link":"https:\/\/lavozdehellin.com\/noticias\/v00-167-el-candidato-del-pp-a-la-presidencia-de-la-junta-de-castilla-la-mancha-paco-nunez-en-su-visita-a-hellin-apuesta-por-una-politica-de-inversion-industrial-en-nuestra-comarca\/","title":{"rendered":"LVH NOTICIAS | EL CANDIDATO DEL PP A LA PRESIDENCIA DE LA JUNTA DE CASTILLA LA MANCHA, PACO NU\u00d1EZ, EN SU VISITA A HELLIN, APUESTA POR UNA POLITICA DE INVERSI\u00d3N INDUSTRIAL EN NUESTRA COMARCA."},"content":{"rendered":"<p style=\"text-align: justify;\">El candidato del PP a la presidencia de la Junta de Castilla-La Mancha, Paco N\u00fa\u00f1ez, ha se\u00f1alado\u00a0 la necesidad de \u201cgarantizar el agua para nuestros campos\u201d y su intenci\u00f3n de hacerlo asumiendo una posici\u00f3n blindada de la regi\u00f3n, que est\u00e9 despolitizada y salga del acuerdo de los profesionales del agua, \u201cde quienes est\u00e1n en contacto directo con el agua porque son quienes mejor lo optimizan\u201d.<\/p>\n<p><!--more--><br \/>\n<!--publicidad-voz01--><a href=\"https:\/\/www.facebook.com\/SoloRadioHellin\/?locale=es_ES\"><img decoding=\"async\" class=\"alignnone size-medium\" src=\"https:\/\/blogger.googleusercontent.com\/img\/b\/R29vZ2xl\/AVvXsEiNncirNnyGedv00mhjZjh5Wl4_YPdJGanoAl8tL8zH-HwqE8uHqjEfSt340RHdx-9tuCSIkZ8rFamZiGyYlgDGxCsmXjCH_1xk5eYM3ntFZRvJP_jndOKR7w1UAo9Tu0vrZyOLfqRpHIxYI5SymJJ-pfGCQw6QVpggBH-UgfjiFQ2JOxqxG0Jx94kW83c\/s1600\/logo-principal.jpg\" width=\"100%\" height=\"100\" \/><\/a><!--bestpublic-voz01--><!--desk-in-out-voz01--><br \/>\n<!--publicidad-voz02--><a href=\"https:\/\/www.hellincf.com\/\"><img decoding=\"async\" class=\"alignnone size-medium\" src=\"https:\/\/blogger.googleusercontent.com\/img\/b\/R29vZ2xl\/AVvXsEhuZ4-XfBVj3UtdP8-RZugy3WVrg-Zv28c53m4oV47qYCxL1rX_dqWX_YddsGSnpH5SRDqZ7bZeKPIfDVCDncpjVlhy3aQs2vojcJBn7Gdv9hC2_Nzct_pRFrnFE1a7KTCdY1bT_kAgnY3-iadRZrGeJf1fR2P5fu11bokx0pWjaypoy-ctwCjklldpEbA\/s1600\/logo-principal7.jpg\" width=\"100%\" height=\"100\" \/><\/a><!--bestpublic-voz02--><!--desk-in-out-voz02--><\/p>\n<p style=\"text-align: justify;\">De este modo lo ha se\u00f1alado N\u00fa\u00f1ez durante la visita que ha realizado a Hell\u00edn (Albacete) donde ha mantenido un encuentro con afiliados y simpatizantes junto al candidato a la alcald\u00eda de la localidad, Manuel Serena. All\u00ed N\u00fa\u00f1ez ha lamentado que mientras en Castilla-La Mancha falta agua, \u201cen Hell\u00edn hemos visto como su alcalde socialista vend\u00eda agua a Murcia y Page lo ha aplaudido. Hemos vivido como se abren los pozos de sequ\u00eda y el agua corre por delante de nosotros y no podemos usarlo\u201d.<\/p>\n<p style=\"text-align: justify;\">Es por esto que, a su juicio, \u201ctenemos que garantizar el agua para nuestros campos, que no falte agua en lugares como Hell\u00edn y sus Campos\u201d, porque sin \u00e9l no \u201cpodemos desarrollar su futuro\u201d. Y, para N\u00fa\u00f1ez, \u201ceso pasa por asumir los acuerdos a los que lleguen quienes saben de agua: los regantes, los agricultores, los empresarios\u201d.<\/p>\n<p style=\"text-align: justify;\">Seg\u00fan ha continuado, por ello \u201ctenemos que ir a la estrategia nacional por el agua\u201d, que N\u00fa\u00f1ez ha dado por seguro que habr\u00e1, \u201ccon una posici\u00f3n blindada\u201d como comunidad que salga de los acuerdos a los que lleguen expertos, profesionales y t\u00e9cnicos, y sin injerencias pol\u00edticas.<\/p>\n<p style=\"text-align: justify;\">De otro lado, N\u00fa\u00f1ez tambi\u00e9n ha apuntado la importancia de apostar por una pol\u00edtica de inversi\u00f3n industrial en Hell\u00edn y ha avanzado que cuando sea presidente de la Junta \u201ctrabajar\u00e1 junto con los empresarios y el Ayuntamiento para poner en marcha un verdadero plan de reindustrializaci\u00f3n que genere empleo en la localidad\u201d, apostando fuertemente \u201cpor la transformaci\u00f3n de productos del campo\u201d, por el fomento de la implantaci\u00f3n de la industria agroalimentaria en Hell\u00edn y su comarca.<\/p>\n<p><!--publicidad-voz03--><a href=\"https:\/\/www.facebook.com\/profile.php?id=100063593791305&amp;locale=es_ES\"><img decoding=\"async\" class=\"alignnone size-medium\" src=\"https:\/\/blogger.googleusercontent.com\/img\/b\/R29vZ2xl\/AVvXsEi8_n_ll8UOcGxCqzFvb_9Io4ICczlGC990BPtPj2w9Px-u7B3oqWUW5vtjZUqPNJ-nyjiUIorE0ATsib_l5tV8BVN-UJ03RTnU__IHJF_4DgDBtY4LIqXNG-FomrO-7ywes20CBCRM2Hcm7EJSh3UUw1dO-c_uTflUrtgY1i7uBRezj_DpympmEFkfbQY\/s1600\/logo-principal2.jpg\" width=\"100%\" height=\"100\" \/><\/a><!--bestpublic-voz03--><!--desk-in-out-voz03--><br \/>\n<!--publicidad-voz04--><a href=\"https:\/\/www.facebook.com\/profile.php?id=61557370768692&amp;locale=es_ES\"><img decoding=\"async\" class=\"alignnone size-medium\" src=\"https:\/\/blogger.googleusercontent.com\/img\/b\/R29vZ2xl\/AVvXsEgy5RdcfffrnrItnYTcV9bCJjgJwldsQLWssfVfrLbyfXeBNTFKgBf0rMIvhrUaGUhiXzVr9_eQgCbi-j63ZDpfTvLIty9w7s140y-m1yHe7eKmEK7v2NAHUJDVYGdfeiQFeRCqUjdwWmN1MX_AUxxz4IVdJ4WIM0APxit8bjWkXzrnEFGqBvW_1F13H1g\/s1600\/logo-principal5.jpg\" width=\"100%\" height=\"100\" \/><\/a><!--bestpublic-voz04--><!--desk-in-out-voz04--><br \/>\n<!--publicidad-voz05--><a href=\"https:\/\/www.facebook.com\/asociaciontamborileroshellin?locale=es_ES\"><img decoding=\"async\" class=\"alignnone size-medium\" src=\"https:\/\/blogger.googleusercontent.com\/img\/b\/R29vZ2xl\/AVvXsEhHEEpZsKK1VpwiYMrS7aE2ujtqIDZoLd4B5wtbiseSU9s2HdTdQfhF84So2XwEB1fv0BLw95GADm6hUl1bkKtzh-eIgVigXONuu_5RxeIMPhjk8q6uNX4EaEHbooKkbu7pCADWPpVJjhKIH5NQSJpWqedC-YBez4QAQeJYokkLot9bhrIaUAeztsGis6M\/s1600\/logo-principal3.jpg\" width=\"100%\" height=\"100\" \/><\/a><!--bestpublic-voz05--><!--desk-in-out-voz05--><br \/>\n<!--publicidad-voz06--><!--bestpublic-voz06--><!--desk-in-out-voz06--><br \/>\n<!--publicidad-voz07--><!--bestpublic-voz07--><!--desk-in-out-voz07--><br \/>\n<!--publicidad-voz08--><!--bestpublic-voz08--><!--desk-in-out-voz08--><br \/>\n<!--publicidad-voz09--><!--bestpublic-voz09--><!--desk-in-out-voz09--><br \/>\n<!--publicidad-voz10--><!--bestpublic-voz10--><!--desk-in-out-voz10--><br \/>\n<!--publicidad-voz11--><!--bestpublic-voz11--><!--desk-in-out-voz11--><br \/>\n<!--publicidad-voz12--><!--bestpublic-voz12--><!--desk-in-out-voz12--><br \/>\n<!--publicidad-voz13--><!--bestpublic-voz13--><!--desk-in-out-voz13--><br \/>\n<!--publicidad-voz14--><!--bestpublic-voz14--><!--desk-in-out-voz14--><br \/>\n<!--publicidad-voz15--><!--bestpublic-voz15--><!--desk-in-out-voz15--><br \/>\n<!--publicidad-voz16--><!--bestpublic-voz16--><!--desk-in-out-voz16--><\/p>\n","protected":false},"excerpt":{"rendered":"<p>EL CANDIDATO DEL PP A LA PRESIDENCIA DE LA JUNTA DE CASTILLA LA MANCHA, PACO NU\u00d1EZ, EN SU VISITA A HELLIN, APUESTA POR UNA POLITICA DE INVERSI\u00d3N INDUSTRIAL EN NUESTRA COMARCA.<\/p>\n","protected":false},"author":2,"featured_media":90582,"comment_status":"closed","ping_status":"closed","sticky":false,"template":"","format":"standard","meta":{"footnotes":""},"categories":[719,718,715,716,717],"tags":[],"class_list":["post-101588","post","type-post","status-publish","format-standard","has-post-thumbnail","hentry","category-blog-lv001","category-blogger","category-la-voz-de-hellin","category-la-voz-de-hellin-la-voz-de-hellin","category-noticias"],"_links":{"self":[{"href":"https:\/\/lavozdehellin.com\/noticias\/wp-json\/wp\/v2\/posts\/101588","targetHints":{"allow":["GET"]}}],"collection":[{"href":"https:\/\/lavozdehellin.com\/noticias\/wp-json\/wp\/v2\/posts"}],"about":[{"href":"https:\/\/lavozdehellin.com\/noticias\/wp-json\/wp\/v2\/types\/post"}],"author":[{"embeddable":true,"href":"https:\/\/lavozdehellin.com\/noticias\/wp-json\/wp\/v2\/users\/2"}],"replies":[{"embeddable":true,"href":"https:\/\/lavozdehellin.com\/noticias\/wp-json\/wp\/v2\/comments?post=101588"}],"version-history":[{"count":0,"href":"https:\/\/lavozdehellin.com\/noticias\/wp-json\/wp\/v2\/posts\/101588\/revisions"}],"wp:featuredmedia":[{"embeddable":true,"href":"https:\/\/lavozdehellin.com\/noticias\/wp-json\/wp\/v2\/media\/90582"}],"wp:attachment":[{"href":"https:\/\/lavozdehellin.com\/noticias\/wp-json\/wp\/v2\/media?parent=101588"}],"wp:term":[{"taxonomy":"category","embeddable":true,"href":"https:\/\/lavozdehellin.com\/noticias\/wp-json\/wp\/v2\/categories?post=101588"},{"taxonomy":"post_tag","embeddable":true,"href":"https:\/\/lavozdehellin.com\/noticias\/wp-json\/wp\/v2\/tags?post=101588"}],"curies":[{"name":"wp","href":"https:\/\/api.w.org\/{rel}","templated":true}]}}